{"id":17136,"date":"2021-02-15T15:35:25","date_gmt":"2021-02-15T14:35:25","guid":{"rendered":"https:\/\/www.cong-pratt.com\/2021\/02\/15\/hugo-pratt-la-mostra-lignes-dhorizons-al-musee-daquitaine-di-bordeaux\/"},"modified":"2021-08-11T05:51:40","modified_gmt":"2021-08-11T03:51:40","slug":"hugo-pratt-la-mostra-lignes-dhorizons-al-musee-daquitaine-di-bordeaux","status":"publish","type":"post","link":"https:\/\/www.cong-pratt.com\/de\/hugo-pratt-la-mostra-lignes-dhorizons-al-musee-daquitaine-di-bordeaux\/","title":{"rendered":"\u201eHugo Pratt: Lignes d\u2019horizons\u201c Die Ausstellung im Mus\u00e9e d\u2019Aquitaine in Bordeaux"},"content":{"rendered":"\t\t<div data-elementor-type=\"wp-post\" data-elementor-id=\"17136\" class=\"elementor elementor-17136 elementor-14417\" data-elementor-post-type=\"post\">\n\t\t\t\t\t\t<section class=\"elementor-section elementor-top-section elementor-element elementor-element-50a85858 elementor-section-boxed elementor-section-height-default elementor-section-height-default\" data-id=\"50a85858\" data-element_type=\"section\">\n\t\t\t\t\t\t<div class=\"elementor-container elementor-column-gap-default\">\n\t\t\t\t\t<div class=\"elementor-column elementor-col-100 elementor-top-column elementor-element elementor-element-13bb9de8\" data-id=\"13bb9de8\" data-element_type=\"column\">\n\t\t\t<div class=\"elementor-widget-wrap elementor-element-populated\">\n\t\t\t\t\t\t<div class=\"elementor-element elementor-element-7a4fd33 elementor-widget elementor-widget-heading\" data-id=\"7a4fd33\" data-element_type=\"widget\" data-widget_type=\"heading.default\">\n\t\t\t\t<div class=\"elementor-widget-container\">\n\t\t\t\t\t<h2 class=\"elementor-heading-title elementor-size-default\">Das Aquitaine Museum \u00f6ffnet die T\u00fcren der Ausstellung Lignes d'Horizons vom 19. Mai 2021 und bleibt bis zum 6. Februar 2022 ge\u00f6ffnet.<\/h2>\t\t\t\t<\/div>\n\t\t\t\t<\/div>\n\t\t\t\t<div class=\"elementor-element elementor-element-5ecfa92 elementor-widget-divider--view-line elementor-widget elementor-widget-divider\" data-id=\"5ecfa92\" data-element_type=\"widget\" data-widget_type=\"divider.default\">\n\t\t\t\t<div class=\"elementor-widget-container\">\n\t\t\t\t\t\t\t<div class=\"elementor-divider\">\n\t\t\t<span class=\"elementor-divider-separator\">\n\t\t\t\t\t\t<\/span>\n\t\t<\/div>\n\t\t\t\t\t\t<\/div>\n\t\t\t\t<\/div>\n\t\t\t\t<div class=\"elementor-element elementor-element-274b6346 elementor-widget elementor-widget-text-editor\" data-id=\"274b6346\" data-element_type=\"widget\" data-widget_type=\"text-editor.default\">\n\t\t\t\t<div class=\"elementor-widget-container\">\n\t\t\t\t\t\t\t\t\t<h3 data-fontsize=\"36\" data-lineheight=\"47\">HUGO PRATT IN BORDEAUX: ein erster Rundgang<\/h3><p><strong style=\"color: var( --e-global-color-text ); font-family: var( --e-global-typography-text-font-family ), Sans-serif; font-size: var( --e-global-typography-text-font-size );\">Il Concept<\/strong><span style=\"color: var( --e-global-color-text ); font-family: var( --e-global-typography-text-font-family ), Sans-serif; font-size: var( --e-global-typography-text-font-size );\">: Die Idee hinter der Ausstellung: Haben Sie sich jemals gefragt, woher Pratts Figuren und Geschichten stammen? Wenn Sie dachten, diese gr\u00fcnden alleine auf der genialen Vorstellungskraft des Autors, haben Sie nur zur H\u00e4lfte recht\u2026 Denn Hugo Pratt war nicht nur ein unvergleichlicher Zeichner und vollkommener Erz\u00e4hler, sondern auch ein passionierter Leser, Historiker, Soziologe, Musikliebhaber und vieles mehr. In dieser Ausstellung erf\u00e4hrt man mehr \u00fcber ethnografischen Bez\u00fcge seiner Abenteuer und die Authentizit\u00e4t seiner Geschichten oder man lernt die Musik und Kl\u00e4nge kennen, die Pratts Reisen als auch die seiner Figuren gepr\u00e4gt haben.<\/span>\u00a0<\/p><p data-fontsize=\"16\" data-lineheight=\"24\"><strong><a href=\"http:\/\/www.musee-aquitaine-bordeaux.fr\/fr\/article\/les-coulisses-de-lexpo-hugo-pratt-0\" target=\"_blank\" rel=\"noopener noreferrer\">VIDEO-TOUR DURCH DIE AUSSTELLUNG IM AUFBAU<\/a><\/strong><\/p><p>Die Ungeduld ist bereits gro\u00df und deswegen hat der Direktor des Mus\u00e8e d\u2019Aquitanie, Laurent V\u00e9drine, beschlossen, allen Freunden des venezianischen Meisters der Grafischen Literatur und Sch\u00f6pfers von Corto Maltese einen \u201eBlick hinter die Kulissen\u201c zu gew\u00e4hren. Und so kann die Reise in Begleitung von Paul Matharan, dem Kurator der Ausstellung, und Stephane Lormeau, dem technischen Leiter des Museums, beginnen: Ab sofort kann man mithilfe von Bildern, Musik, Audiospuren und anderen technischen Kniffen zwischen den Statuen, den Skizzen, den Portraits, den Modellen, den Landkarten und nicht zuletzt unter den eindringlichen Blicken von Rasputin und den skeptischen Blicken von Cush in die virtuelle Ausstellung eintreten.<span class=\"Apple-converted-space\">\u00a0<\/span><\/p><p><strong>Galleria di immagini<\/strong><\/p>\t\t\t\t\t\t\t\t<\/div>\n\t\t\t\t<\/div>\n\t\t\t\t<div class=\"elementor-element elementor-element-12d95c5 elementor-widget elementor-widget-gallery\" data-id=\"12d95c5\" data-element_type=\"widget\" data-settings=\"{&quot;lazyload&quot;:&quot;yes&quot;,&quot;gallery_layout&quot;:&quot;grid&quot;,&quot;columns&quot;:4,&quot;columns_tablet&quot;:2,&quot;columns_mobile&quot;:1,&quot;gap&quot;:{&quot;unit&quot;:&quot;px&quot;,&quot;size&quot;:10,&quot;sizes&quot;:[]},&quot;gap_tablet&quot;:{&quot;unit&quot;:&quot;px&quot;,&quot;size&quot;:10,&quot;sizes&quot;:[]},&quot;gap_mobile&quot;:{&quot;unit&quot;:&quot;px&quot;,&quot;size&quot;:10,&quot;sizes&quot;:[]},&quot;link_to&quot;:&quot;file&quot;,&quot;aspect_ratio&quot;:&quot;3:2&quot;,&quot;overlay_background&quot;:&quot;yes&quot;,&quot;content_hover_animation&quot;:&quot;fade-in&quot;}\" data-widget_type=\"gallery.default\">\n\t\t\t\t<div class=\"elementor-widget-container\">\n\t\t\t\t\t\t\t<div class=\"elementor-gallery__container\">\n\t\t\t\t\t\t\t<a class=\"e-gallery-item elementor-gallery-item elementor-animated-content\" href=\"https:\/\/www.cong-pratt.com\/wp-content\/uploads\/2021\/08\/Hugo_Pratt_Lignes_dhorizons._Lexpo_ph_Lysiane_Gauthier_mairieBx_1_format_a5.jpg\" data-elementor-open-lightbox=\"yes\" data-elementor-lightbox-slideshow=\"12d95c5\" data-elementor-lightbox-title=\"Hugo_Pratt_Lignes_dhorizons._Lexpo_ph_Lysiane_Gauthier_mairieBx_1_format_a5\" data-e-action-hash=\"#elementor-action%3Aaction%3Dlightbox%26settings%3DeyJpZCI6MTcwNjgsInVybCI6Imh0dHBzOlwvXC93d3cuY29uZy1wcmF0dC5jb21cL3dwLWNvbnRlbnRcL3VwbG9hZHNcLzIwMjFcLzA4XC9IdWdvX1ByYXR0X0xpZ25lc19kaG9yaXpvbnMuX0xleHBvX3BoX0x5c2lhbmVfR2F1dGhpZXJfbWFpcmllQnhfMV9mb3JtYXRfYTUuanBnIiwic2xpZGVzaG93IjoiMTJkOTVjNSJ9\">\n\t\t\t\t\t<div class=\"e-gallery-image elementor-gallery-item__image\" data-thumbnail=\"https:\/\/www.cong-pratt.com\/wp-content\/uploads\/2021\/08\/Hugo_Pratt_Lignes_dhorizons._Lexpo_ph_Lysiane_Gauthier_mairieBx_1_format_a5-300x200.jpg\" data-width=\"300\" data-height=\"200\" aria-label=\"Lignes d&#039;Horizons\" role=\"img\" ><\/div>\n\t\t\t\t\t\t\t\t\t\t\t<div class=\"elementor-gallery-item__overlay\"><\/div>\n\t\t\t\t\t\t\t\t\t\t\t\t\t\t<\/a>\n\t\t\t\t\t\t\t<a class=\"e-gallery-item elementor-gallery-item elementor-animated-content\" href=\"https:\/\/www.cong-pratt.com\/wp-content\/uploads\/2021\/08\/Hugo_Pratt_Lignes_dhorizons._Lexpo_ph_Lysiane_Gauthier_mairieBx_3ad_format_a5.jpg\" data-elementor-open-lightbox=\"yes\" data-elementor-lightbox-slideshow=\"12d95c5\" data-elementor-lightbox-title=\"Hugo_Pratt_Lignes_dhorizons._Lexpo_ph_Lysiane_Gauthier_mairieBx_3ad_format_a5\" data-e-action-hash=\"#elementor-action%3Aaction%3Dlightbox%26settings%3DeyJpZCI6MTcwNzMsInVybCI6Imh0dHBzOlwvXC93d3cuY29uZy1wcmF0dC5jb21cL3dwLWNvbnRlbnRcL3VwbG9hZHNcLzIwMjFcLzA4XC9IdWdvX1ByYXR0X0xpZ25lc19kaG9yaXpvbnMuX0xleHBvX3BoX0x5c2lhbmVfR2F1dGhpZXJfbWFpcmllQnhfM2FkX2Zvcm1hdF9hNS5qcGciLCJzbGlkZXNob3ciOiIxMmQ5NWM1In0%3D\">\n\t\t\t\t\t<div class=\"e-gallery-image elementor-gallery-item__image\" data-thumbnail=\"https:\/\/www.cong-pratt.com\/wp-content\/uploads\/2021\/08\/Hugo_Pratt_Lignes_dhorizons._Lexpo_ph_Lysiane_Gauthier_mairieBx_3ad_format_a5-300x200.jpg\" data-width=\"300\" data-height=\"200\" aria-label=\"Lignes d&#039;Horizons\" role=\"img\" ><\/div>\n\t\t\t\t\t\t\t\t\t\t\t<div class=\"elementor-gallery-item__overlay\"><\/div>\n\t\t\t\t\t\t\t\t\t\t\t\t\t\t<\/a>\n\t\t\t\t\t\t\t<a class=\"e-gallery-item elementor-gallery-item elementor-animated-content\" href=\"https:\/\/www.cong-pratt.com\/wp-content\/uploads\/2021\/08\/Hugo_Pratt_Lignes_dhorizons._Lexpo_ph_Lysiane_Gauthier_mairieBx_3b_format_a5.jpg\" data-elementor-open-lightbox=\"yes\" data-elementor-lightbox-slideshow=\"12d95c5\" data-elementor-lightbox-title=\"Hugo_Pratt_Lignes_dhorizons._Lexpo_ph_Lysiane_Gauthier_mairieBx_3b_format_a5\" data-e-action-hash=\"#elementor-action%3Aaction%3Dlightbox%26settings%3DeyJpZCI6MTcwNzgsInVybCI6Imh0dHBzOlwvXC93d3cuY29uZy1wcmF0dC5jb21cL3dwLWNvbnRlbnRcL3VwbG9hZHNcLzIwMjFcLzA4XC9IdWdvX1ByYXR0X0xpZ25lc19kaG9yaXpvbnMuX0xleHBvX3BoX0x5c2lhbmVfR2F1dGhpZXJfbWFpcmllQnhfM2JfZm9ybWF0X2E1LmpwZyIsInNsaWRlc2hvdyI6IjEyZDk1YzUifQ%3D%3D\">\n\t\t\t\t\t<div class=\"e-gallery-image elementor-gallery-item__image\" data-thumbnail=\"https:\/\/www.cong-pratt.com\/wp-content\/uploads\/2021\/08\/Hugo_Pratt_Lignes_dhorizons._Lexpo_ph_Lysiane_Gauthier_mairieBx_3b_format_a5-300x200.jpg\" data-width=\"300\" data-height=\"200\" aria-label=\"\" role=\"img\" ><\/div>\n\t\t\t\t\t\t\t\t\t\t\t<div class=\"elementor-gallery-item__overlay\"><\/div>\n\t\t\t\t\t\t\t\t\t\t\t\t\t\t<\/a>\n\t\t\t\t\t\t\t<a class=\"e-gallery-item elementor-gallery-item elementor-animated-content\" href=\"https:\/\/www.cong-pratt.com\/wp-content\/uploads\/2021\/08\/Hugo_Pratt_Lignes_dhorizons._Lexpo_ph_Lysiane_Gauthier_mairieBx_4_format_a5.jpg\" data-elementor-open-lightbox=\"yes\" data-elementor-lightbox-slideshow=\"12d95c5\" data-elementor-lightbox-title=\"Hugo_Pratt_Lignes_dhorizons._Lexpo_ph_Lysiane_Gauthier_mairieBx_4_format_a5\" data-e-action-hash=\"#elementor-action%3Aaction%3Dlightbox%26settings%3DeyJpZCI6MTcwODMsInVybCI6Imh0dHBzOlwvXC93d3cuY29uZy1wcmF0dC5jb21cL3dwLWNvbnRlbnRcL3VwbG9hZHNcLzIwMjFcLzA4XC9IdWdvX1ByYXR0X0xpZ25lc19kaG9yaXpvbnMuX0xleHBvX3BoX0x5c2lhbmVfR2F1dGhpZXJfbWFpcmllQnhfNF9mb3JtYXRfYTUuanBnIiwic2xpZGVzaG93IjoiMTJkOTVjNSJ9\">\n\t\t\t\t\t<div class=\"e-gallery-image elementor-gallery-item__image\" data-thumbnail=\"https:\/\/www.cong-pratt.com\/wp-content\/uploads\/2021\/08\/Hugo_Pratt_Lignes_dhorizons._Lexpo_ph_Lysiane_Gauthier_mairieBx_4_format_a5-200x300.jpg\" data-width=\"200\" data-height=\"300\" aria-label=\"Lignes d&#039;Horizons\" role=\"img\" ><\/div>\n\t\t\t\t\t\t\t\t\t\t\t<div class=\"elementor-gallery-item__overlay\"><\/div>\n\t\t\t\t\t\t\t\t\t\t\t\t\t\t<\/a>\n\t\t\t\t\t\t\t<a class=\"e-gallery-item elementor-gallery-item elementor-animated-content\" href=\"https:\/\/www.cong-pratt.com\/wp-content\/uploads\/2021\/08\/Hugo_Pratt_Lignes_dhorizons._Lexpo_ph_Lysiane_Gauthier_mairieBx_5_format_a5.jpg\" data-elementor-open-lightbox=\"yes\" data-elementor-lightbox-slideshow=\"12d95c5\" data-elementor-lightbox-title=\"Hugo_Pratt_Lignes_dhorizons._Lexpo_ph_Lysiane_Gauthier_mairieBx_5_format_a5\" data-e-action-hash=\"#elementor-action%3Aaction%3Dlightbox%26settings%3DeyJpZCI6MTcwODgsInVybCI6Imh0dHBzOlwvXC93d3cuY29uZy1wcmF0dC5jb21cL3dwLWNvbnRlbnRcL3VwbG9hZHNcLzIwMjFcLzA4XC9IdWdvX1ByYXR0X0xpZ25lc19kaG9yaXpvbnMuX0xleHBvX3BoX0x5c2lhbmVfR2F1dGhpZXJfbWFpcmllQnhfNV9mb3JtYXRfYTUuanBnIiwic2xpZGVzaG93IjoiMTJkOTVjNSJ9\">\n\t\t\t\t\t<div class=\"e-gallery-image elementor-gallery-item__image\" data-thumbnail=\"https:\/\/www.cong-pratt.com\/wp-content\/uploads\/2021\/08\/Hugo_Pratt_Lignes_dhorizons._Lexpo_ph_Lysiane_Gauthier_mairieBx_5_format_a5-300x200.jpg\" data-width=\"300\" data-height=\"200\" aria-label=\"Lignes d&#039;Horizons\" role=\"img\" ><\/div>\n\t\t\t\t\t\t\t\t\t\t\t<div class=\"elementor-gallery-item__overlay\"><\/div>\n\t\t\t\t\t\t\t\t\t\t\t\t\t\t<\/a>\n\t\t\t\t\t\t\t<a class=\"e-gallery-item elementor-gallery-item elementor-animated-content\" href=\"https:\/\/www.cong-pratt.com\/wp-content\/uploads\/2021\/08\/Hugo_Pratt_Lignes_dhorizons._Lexpo_ph_Lysiane_Gauthier_mairieBx_8_format_a5.jpg\" data-elementor-open-lightbox=\"yes\" data-elementor-lightbox-slideshow=\"12d95c5\" data-elementor-lightbox-title=\"Hugo_Pratt_Lignes_dhorizons._Lexpo_ph_Lysiane_Gauthier_mairieBx_8_format_a5\" data-e-action-hash=\"#elementor-action%3Aaction%3Dlightbox%26settings%3DeyJpZCI6MTcwOTMsInVybCI6Imh0dHBzOlwvXC93d3cuY29uZy1wcmF0dC5jb21cL3dwLWNvbnRlbnRcL3VwbG9hZHNcLzIwMjFcLzA4XC9IdWdvX1ByYXR0X0xpZ25lc19kaG9yaXpvbnMuX0xleHBvX3BoX0x5c2lhbmVfR2F1dGhpZXJfbWFpcmllQnhfOF9mb3JtYXRfYTUuanBnIiwic2xpZGVzaG93IjoiMTJkOTVjNSJ9\">\n\t\t\t\t\t<div class=\"e-gallery-image elementor-gallery-item__image\" data-thumbnail=\"https:\/\/www.cong-pratt.com\/wp-content\/uploads\/2021\/08\/Hugo_Pratt_Lignes_dhorizons._Lexpo_ph_Lysiane_Gauthier_mairieBx_8_format_a5-300x200.jpg\" data-width=\"300\" data-height=\"200\" aria-label=\"Lignes d&#039;Horizons\" role=\"img\" ><\/div>\n\t\t\t\t\t\t\t\t\t\t\t<div class=\"elementor-gallery-item__overlay\"><\/div>\n\t\t\t\t\t\t\t\t\t\t\t\t\t\t<\/a>\n\t\t\t\t\t\t\t<a class=\"e-gallery-item elementor-gallery-item elementor-animated-content\" href=\"https:\/\/www.cong-pratt.com\/wp-content\/uploads\/2021\/08\/Hugo_Pratt_Lignes_dhorizons._Lexpo_ph_Lysiane_Gauthier_mairieBx_13_format_a5.jpg\" data-elementor-open-lightbox=\"yes\" data-elementor-lightbox-slideshow=\"12d95c5\" data-elementor-lightbox-title=\"Hugo_Pratt_Lignes_dhorizons._Lexpo_ph_Lysiane_Gauthier_mairieBx_13_format_a5\" data-e-action-hash=\"#elementor-action%3Aaction%3Dlightbox%26settings%3DeyJpZCI6MTcwOTgsInVybCI6Imh0dHBzOlwvXC93d3cuY29uZy1wcmF0dC5jb21cL3dwLWNvbnRlbnRcL3VwbG9hZHNcLzIwMjFcLzA4XC9IdWdvX1ByYXR0X0xpZ25lc19kaG9yaXpvbnMuX0xleHBvX3BoX0x5c2lhbmVfR2F1dGhpZXJfbWFpcmllQnhfMTNfZm9ybWF0X2E1LmpwZyIsInNsaWRlc2hvdyI6IjEyZDk1YzUifQ%3D%3D\">\n\t\t\t\t\t<div class=\"e-gallery-image elementor-gallery-item__image\" data-thumbnail=\"https:\/\/www.cong-pratt.com\/wp-content\/uploads\/2021\/08\/Hugo_Pratt_Lignes_dhorizons._Lexpo_ph_Lysiane_Gauthier_mairieBx_13_format_a5-300x200.jpg\" data-width=\"300\" data-height=\"200\" aria-label=\"Lignes d&#039;Horizons\" role=\"img\" ><\/div>\n\t\t\t\t\t\t\t\t\t\t\t<div class=\"elementor-gallery-item__overlay\"><\/div>\n\t\t\t\t\t\t\t\t\t\t\t\t\t\t<\/a>\n\t\t\t\t\t\t\t<a class=\"e-gallery-item elementor-gallery-item elementor-animated-content\" href=\"https:\/\/www.cong-pratt.com\/wp-content\/uploads\/2021\/08\/Hugo_Pratt_Lignes_dhorizons._Lexpo_ph_Lysiane_Gauthier_mairieBx_18_format_a5.jpg\" data-elementor-open-lightbox=\"yes\" data-elementor-lightbox-slideshow=\"12d95c5\" data-elementor-lightbox-title=\"Hugo_Pratt_Lignes_dhorizons._Lexpo_ph_Lysiane_Gauthier_mairieBx_18_format_a5\" data-e-action-hash=\"#elementor-action%3Aaction%3Dlightbox%26settings%3DeyJpZCI6MTcxMDMsInVybCI6Imh0dHBzOlwvXC93d3cuY29uZy1wcmF0dC5jb21cL3dwLWNvbnRlbnRcL3VwbG9hZHNcLzIwMjFcLzA4XC9IdWdvX1ByYXR0X0xpZ25lc19kaG9yaXpvbnMuX0xleHBvX3BoX0x5c2lhbmVfR2F1dGhpZXJfbWFpcmllQnhfMThfZm9ybWF0X2E1LmpwZyIsInNsaWRlc2hvdyI6IjEyZDk1YzUifQ%3D%3D\">\n\t\t\t\t\t<div class=\"e-gallery-image elementor-gallery-item__image\" data-thumbnail=\"https:\/\/www.cong-pratt.com\/wp-content\/uploads\/2021\/08\/Hugo_Pratt_Lignes_dhorizons._Lexpo_ph_Lysiane_Gauthier_mairieBx_18_format_a5-300x200.jpg\" data-width=\"300\" data-height=\"200\" aria-label=\"Lignes d&#039;Horizons\" role=\"img\" ><\/div>\n\t\t\t\t\t\t\t\t\t\t\t<div class=\"elementor-gallery-item__overlay\"><\/div>\n\t\t\t\t\t\t\t\t\t\t\t\t\t\t<\/a>\n\t\t\t\t\t\t\t<a class=\"e-gallery-item elementor-gallery-item elementor-animated-content\" href=\"https:\/\/www.cong-pratt.com\/wp-content\/uploads\/2021\/08\/Hugo_Pratt_Lignes_dhorizons._Lexpo_ph_Lysiane_Gauthier_mairieBx_25_format_a5.jpg\" data-elementor-open-lightbox=\"yes\" data-elementor-lightbox-slideshow=\"12d95c5\" data-elementor-lightbox-title=\"Hugo_Pratt_Lignes_dhorizons._Lexpo_ph_Lysiane_Gauthier_mairieBx_25_format_a5\" data-e-action-hash=\"#elementor-action%3Aaction%3Dlightbox%26settings%3DeyJpZCI6MTcxMDgsInVybCI6Imh0dHBzOlwvXC93d3cuY29uZy1wcmF0dC5jb21cL3dwLWNvbnRlbnRcL3VwbG9hZHNcLzIwMjFcLzA4XC9IdWdvX1ByYXR0X0xpZ25lc19kaG9yaXpvbnMuX0xleHBvX3BoX0x5c2lhbmVfR2F1dGhpZXJfbWFpcmllQnhfMjVfZm9ybWF0X2E1LmpwZyIsInNsaWRlc2hvdyI6IjEyZDk1YzUifQ%3D%3D\">\n\t\t\t\t\t<div class=\"e-gallery-image elementor-gallery-item__image\" data-thumbnail=\"https:\/\/www.cong-pratt.com\/wp-content\/uploads\/2021\/08\/Hugo_Pratt_Lignes_dhorizons._Lexpo_ph_Lysiane_Gauthier_mairieBx_25_format_a5-300x200.jpg\" data-width=\"300\" data-height=\"200\" aria-label=\"Lignes d&#039;Horizons\" role=\"img\" ><\/div>\n\t\t\t\t\t\t\t\t\t\t\t<div class=\"elementor-gallery-item__overlay\"><\/div>\n\t\t\t\t\t\t\t\t\t\t\t\t\t\t<\/a>\n\t\t\t\t\t\t\t<a class=\"e-gallery-item elementor-gallery-item elementor-animated-content\" href=\"https:\/\/www.cong-pratt.com\/wp-content\/uploads\/2021\/08\/Hugo_Pratt_Lignes_dhorizons._Lexpo_ph_Lysiane_Gauthier_mairieBx_26_format_a5.jpg\" data-elementor-open-lightbox=\"yes\" data-elementor-lightbox-slideshow=\"12d95c5\" data-elementor-lightbox-title=\"Hugo_Pratt_Lignes_dhorizons._Lexpo_ph_Lysiane_Gauthier_mairieBx_26_format_a5\" data-e-action-hash=\"#elementor-action%3Aaction%3Dlightbox%26settings%3DeyJpZCI6MTcxMTMsInVybCI6Imh0dHBzOlwvXC93d3cuY29uZy1wcmF0dC5jb21cL3dwLWNvbnRlbnRcL3VwbG9hZHNcLzIwMjFcLzA4XC9IdWdvX1ByYXR0X0xpZ25lc19kaG9yaXpvbnMuX0xleHBvX3BoX0x5c2lhbmVfR2F1dGhpZXJfbWFpcmllQnhfMjZfZm9ybWF0X2E1LmpwZyIsInNsaWRlc2hvdyI6IjEyZDk1YzUifQ%3D%3D\">\n\t\t\t\t\t<div class=\"e-gallery-image elementor-gallery-item__image\" data-thumbnail=\"https:\/\/www.cong-pratt.com\/wp-content\/uploads\/2021\/08\/Hugo_Pratt_Lignes_dhorizons._Lexpo_ph_Lysiane_Gauthier_mairieBx_26_format_a5-300x200.jpg\" data-width=\"300\" data-height=\"200\" aria-label=\"Lignes d&#039;Horizons\" role=\"img\" ><\/div>\n\t\t\t\t\t\t\t\t\t\t\t<div class=\"elementor-gallery-item__overlay\"><\/div>\n\t\t\t\t\t\t\t\t\t\t\t\t\t\t<\/a>\n\t\t\t\t\t\t\t<a class=\"e-gallery-item elementor-gallery-item elementor-animated-content\" href=\"https:\/\/www.cong-pratt.com\/wp-content\/uploads\/2021\/08\/Hugo_Pratt_Lignes_dhorizons._Lexpo_ph_Lysiane_Gauthier_mairieBx_69_format_a5.jpg\" data-elementor-open-lightbox=\"yes\" data-elementor-lightbox-slideshow=\"12d95c5\" data-elementor-lightbox-title=\"Hugo_Pratt_Lignes_dhorizons._Lexpo_ph_Lysiane_Gauthier_mairieBx_69_format_a5\" data-e-action-hash=\"#elementor-action%3Aaction%3Dlightbox%26settings%3DeyJpZCI6MTcxMTgsInVybCI6Imh0dHBzOlwvXC93d3cuY29uZy1wcmF0dC5jb21cL3dwLWNvbnRlbnRcL3VwbG9hZHNcLzIwMjFcLzA4XC9IdWdvX1ByYXR0X0xpZ25lc19kaG9yaXpvbnMuX0xleHBvX3BoX0x5c2lhbmVfR2F1dGhpZXJfbWFpcmllQnhfNjlfZm9ybWF0X2E1LmpwZyIsInNsaWRlc2hvdyI6IjEyZDk1YzUifQ%3D%3D\">\n\t\t\t\t\t<div class=\"e-gallery-image elementor-gallery-item__image\" data-thumbnail=\"https:\/\/www.cong-pratt.com\/wp-content\/uploads\/2021\/08\/Hugo_Pratt_Lignes_dhorizons._Lexpo_ph_Lysiane_Gauthier_mairieBx_69_format_a5-300x200.jpg\" data-width=\"300\" data-height=\"200\" aria-label=\"Lignes d&#039;Horizons\" role=\"img\" ><\/div>\n\t\t\t\t\t\t\t\t\t\t\t<div class=\"elementor-gallery-item__overlay\"><\/div>\n\t\t\t\t\t\t\t\t\t\t\t\t\t\t<\/a>\n\t\t\t\t\t<\/div>\n\t\t\t\t\t<\/div>\n\t\t\t\t<\/div>\n\t\t\t\t<div class=\"elementor-element elementor-element-4eb9739 elementor-widget elementor-widget-spacer\" data-id=\"4eb9739\" data-element_type=\"widget\" data-widget_type=\"spacer.default\">\n\t\t\t\t<div class=\"elementor-widget-container\">\n\t\t\t\t\t\t\t<div class=\"elementor-spacer\">\n\t\t\t<div class=\"elementor-spacer-inner\"><\/div>\n\t\t<\/div>\n\t\t\t\t\t\t<\/div>\n\t\t\t\t<\/div>\n\t\t\t\t\t<\/div>\n\t\t<\/div>\n\t\t\t\t\t<\/div>\n\t\t<\/section>\n\t\t\t\t<section class=\"elementor-section elementor-top-section elementor-element elementor-element-d82b4dc elementor-section-boxed elementor-section-height-default elementor-section-height-default\" data-id=\"d82b4dc\" data-element_type=\"section\">\n\t\t\t\t\t\t<div class=\"elementor-container elementor-column-gap-default\">\n\t\t\t\t\t<div class=\"elementor-column elementor-col-33 elementor-top-column elementor-element elementor-element-7059e55\" data-id=\"7059e55\" data-element_type=\"column\">\n\t\t\t<div class=\"elementor-widget-wrap elementor-element-populated\">\n\t\t\t\t\t\t<div class=\"elementor-element elementor-element-0e88d57 elementor-widget elementor-widget-image\" data-id=\"0e88d57\" data-element_type=\"widget\" data-widget_type=\"image.default\">\n\t\t\t\t<div class=\"elementor-widget-container\">\n\t\t\t\t\t\t\t\t\t\t\t\t\t\t\t<img fetchpriority=\"high\" decoding=\"async\" width=\"760\" height=\"1024\" src=\"https:\/\/www.cong-pratt.com\/wp-content\/uploads\/2021\/02\/Lignes-dHorizons-760x1024.jpg\" class=\"attachment-large size-large wp-image-17130\" alt=\"Lignes d&#039;Horizons\" srcset=\"https:\/\/www.cong-pratt.com\/wp-content\/uploads\/2021\/02\/Lignes-dHorizons-760x1024.jpg 760w, https:\/\/www.cong-pratt.com\/wp-content\/uploads\/2021\/02\/Lignes-dHorizons-223x300.jpg 223w, https:\/\/www.cong-pratt.com\/wp-content\/uploads\/2021\/02\/Lignes-dHorizons-768x1035.jpg 768w, https:\/\/www.cong-pratt.com\/wp-content\/uploads\/2021\/02\/Lignes-dHorizons-1140x1536.jpg 1140w, https:\/\/www.cong-pratt.com\/wp-content\/uploads\/2021\/02\/Lignes-dHorizons-1520x2048.jpg 1520w, https:\/\/www.cong-pratt.com\/wp-content\/uploads\/2021\/02\/Lignes-dHorizons.jpg 1680w\" sizes=\"(max-width: 760px) 100vw, 760px\" \/>\t\t\t\t\t\t\t\t\t\t\t\t\t\t\t<\/div>\n\t\t\t\t<\/div>\n\t\t\t\t\t<\/div>\n\t\t<\/div>\n\t\t\t\t<div class=\"elementor-column elementor-col-66 elementor-top-column elementor-element elementor-element-0ef3c5d\" data-id=\"0ef3c5d\" data-element_type=\"column\">\n\t\t\t<div class=\"elementor-widget-wrap elementor-element-populated\">\n\t\t\t\t\t\t<div class=\"elementor-element elementor-element-23f7413 elementor-widget elementor-widget-text-editor\" data-id=\"23f7413\" data-element_type=\"widget\" data-widget_type=\"text-editor.default\">\n\t\t\t\t<div class=\"elementor-widget-container\">\n\t\t\t\t\t\t\t\t\t<h3 style=\"font-family: Montserrat, sans-serif; color: #000000;\" data-fontsize=\"36\" data-lineheight=\"47\"><span style=\"font-weight: bold;\">Hugo Pratt, Lignes d&#8217;Horizons, Mus\u00e9e d&#8217;Aquitaine<\/span><\/h3><div><span style=\"font-weight: bold;\">\u00a0<\/span><\/div>\t\t\t\t\t\t\t\t<\/div>\n\t\t\t\t<\/div>\n\t\t\t\t<div class=\"elementor-element elementor-element-2a65bf3 elementor-widget elementor-widget-text-editor\" data-id=\"2a65bf3\" data-element_type=\"widget\" data-widget_type=\"text-editor.default\">\n\t\t\t\t<div class=\"elementor-widget-container\">\n\t\t\t\t\t\t\t\t\t<p data-fontsize=\"13\" data-lineheight=\"20\">\u00a0<\/p><p data-fontsize=\"12\" data-lineheight=\"18\"><a href=\"http:\/\/www.musee-aquitaine-bordeaux.fr\/fr\" target=\"_blank\" rel=\"noopener noreferrer\"><strong>Mus\u00e9e\u00a0<\/strong><b>D\u2019Aquitaine<\/b><\/a><br \/>20 cours Pasteur<br \/>33000 Bordeaux<\/p>\t\t\t\t\t\t\t\t<\/div>\n\t\t\t\t<\/div>\n\t\t\t\t\t<\/div>\n\t\t<\/div>\n\t\t\t\t\t<\/div>\n\t\t<\/section>\n\t\t\t\t<\/div>\n\t\t","protected":false},"excerpt":{"rendered":"<p>Das Aquitaine Museum \u00f6ffnet die T\u00fcren der Ausstellung Lignes d&#8217;Horizons vom 19. Mai 2021 und bleibt bis zum 6. Februar 2022 ge\u00f6ffnet. HUGO PRATT IN BORDEAUX: ein erster Rundgang Il Concept: Die Idee hinter der Ausstellung: Haben Sie sich jemals gefragt, woher Pratts Figuren und Geschichten stammen? Wenn Sie dachten, diese gr\u00fcnden alleine auf der [&hellip;]<\/p>\n","protected":false},"author":2,"featured_media":17064,"comment_status":"closed","ping_status":"open","sticky":false,"template":"elementor_theme","format":"standard","meta":{"footnotes":""},"categories":[722,468],"tags":[478,553,592],"class_list":["post-17136","post","type-post","status-publish","format-standard","has-post-thumbnail","hentry","category-event-de","category-neuheiten-de-2","tag-bordeaux-de","tag-lignes-dhorizons-de","tag-musee-daquitaine-de"],"_links":{"self":[{"href":"https:\/\/www.cong-pratt.com\/de\/wp-json\/wp\/v2\/posts\/17136","targetHints":{"allow":["GET"]}}],"collection":[{"href":"https:\/\/www.cong-pratt.com\/de\/wp-json\/wp\/v2\/posts"}],"about":[{"href":"https:\/\/www.cong-pratt.com\/de\/wp-json\/wp\/v2\/types\/post"}],"author":[{"embeddable":true,"href":"https:\/\/www.cong-pratt.com\/de\/wp-json\/wp\/v2\/users\/2"}],"replies":[{"embeddable":true,"href":"https:\/\/www.cong-pratt.com\/de\/wp-json\/wp\/v2\/comments?post=17136"}],"version-history":[{"count":7,"href":"https:\/\/www.cong-pratt.com\/de\/wp-json\/wp\/v2\/posts\/17136\/revisions"}],"predecessor-version":[{"id":17145,"href":"https:\/\/www.cong-pratt.com\/de\/wp-json\/wp\/v2\/posts\/17136\/revisions\/17145"}],"wp:featuredmedia":[{"embeddable":true,"href":"https:\/\/www.cong-pratt.com\/de\/wp-json\/wp\/v2\/media\/17064"}],"wp:attachment":[{"href":"https:\/\/www.cong-pratt.com\/de\/wp-json\/wp\/v2\/media?parent=17136"}],"wp:term":[{"taxonomy":"category","embeddable":true,"href":"https:\/\/www.cong-pratt.com\/de\/wp-json\/wp\/v2\/categories?post=17136"},{"taxonomy":"post_tag","embeddable":true,"href":"https:\/\/www.cong-pratt.com\/de\/wp-json\/wp\/v2\/tags?post=17136"}],"curies":[{"name":"wp","href":"https:\/\/api.w.org\/{rel}","templated":true}]}}