{"id":22460,"date":"2022-03-29T12:06:03","date_gmt":"2022-03-29T10:06:03","guid":{"rendered":"https:\/\/www.cong-pratt.com\/?p=22460"},"modified":"2022-03-29T12:11:48","modified_gmt":"2022-03-29T10:11:48","slug":"die-rueckkehr-von-corto-maltese","status":"publish","type":"post","link":"https:\/\/www.cong-pratt.com\/de\/die-rueckkehr-von-corto-maltese\/","title":{"rendered":"Die R\u00fcckkehr von Corto Maltese"},"content":{"rendered":"\t\t<div data-elementor-type=\"wp-post\" data-elementor-id=\"22460\" class=\"elementor elementor-22460\" data-elementor-post-type=\"post\">\n\t\t\t\t\t\t<section class=\"elementor-section elementor-top-section elementor-element elementor-element-7e970d37 elementor-section-boxed elementor-section-height-default elementor-section-height-default\" data-id=\"7e970d37\" data-element_type=\"section\">\n\t\t\t\t\t\t<div class=\"elementor-container elementor-column-gap-default\">\n\t\t\t\t\t<div class=\"elementor-column elementor-col-100 elementor-top-column elementor-element elementor-element-4a7f11fc\" data-id=\"4a7f11fc\" data-element_type=\"column\">\n\t\t\t<div class=\"elementor-widget-wrap elementor-element-populated\">\n\t\t\t\t\t\t<div class=\"elementor-element elementor-element-052116b elementor-widget elementor-widget-heading\" data-id=\"052116b\" data-element_type=\"widget\" data-widget_type=\"heading.default\">\n\t\t\t\t<div class=\"elementor-widget-container\">\n\t\t\t\t\t<h2 class=\"elementor-heading-title elementor-size-default\">Corto Maltese \u2013 Schwarzer Ozean: Bastien Viv\u00e8s und Martin Quenehen eine eigenst\u00e4ndige Hommage geschaffen, die dem Spirit des Modells gerecht wird.<br><\/h2>\t\t\t\t<\/div>\n\t\t\t\t<\/div>\n\t\t\t\t<div class=\"elementor-element elementor-element-17715d1 elementor-widget elementor-widget-spacer\" data-id=\"17715d1\" data-element_type=\"widget\" data-widget_type=\"spacer.default\">\n\t\t\t\t<div class=\"elementor-widget-container\">\n\t\t\t\t\t\t\t<div class=\"elementor-spacer\">\n\t\t\t<div class=\"elementor-spacer-inner\"><\/div>\n\t\t<\/div>\n\t\t\t\t\t\t<\/div>\n\t\t\t\t<\/div>\n\t\t\t\t<div class=\"elementor-element elementor-element-50f99475 elementor-widget elementor-widget-text-editor\" data-id=\"50f99475\" data-element_type=\"widget\" data-widget_type=\"text-editor.default\">\n\t\t\t\t<div class=\"elementor-widget-container\">\n\t\t\t\t\t\t\t\t\t<h3>Im Chinesischen Meer kreuzt eine Luxusyacht, am Steuer ein ber\u00fchmter Seemann, der unter die Piraten gegangen ist: Corto Maltese. Wir befinden uns im Jahr 2001, kurz vor 9\/11. Die Suche nach einem mythischen Goldschatz f\u00fchrt den Kapit\u00e4n ohne Schiff von Tokio nach Peru, aber die Terrorgruppe Black Ocean sowie ein Drogenkartell sind auch hinter dem Schatz her. Die Frau in Cortos Leben ist jetzt die Kriegsreporterin Freya, und dann gibt es noch Raua, die Inka-Heilerin&#8230;<\/h3>\t\t\t\t\t\t\t\t<\/div>\n\t\t\t\t<\/div>\n\t\t\t\t<div class=\"elementor-element elementor-element-550e719 elementor-widget elementor-widget-spacer\" data-id=\"550e719\" data-element_type=\"widget\" data-widget_type=\"spacer.default\">\n\t\t\t\t<div class=\"elementor-widget-container\">\n\t\t\t\t\t\t\t<div class=\"elementor-spacer\">\n\t\t\t<div class=\"elementor-spacer-inner\"><\/div>\n\t\t<\/div>\n\t\t\t\t\t\t<\/div>\n\t\t\t\t<\/div>\n\t\t\t\t\t<\/div>\n\t\t<\/div>\n\t\t\t\t\t<\/div>\n\t\t<\/section>\n\t\t\t\t<section class=\"elementor-section elementor-top-section elementor-element elementor-element-a3cd859 elementor-section-boxed elementor-section-height-default elementor-section-height-default\" data-id=\"a3cd859\" data-element_type=\"section\">\n\t\t\t\t\t\t<div class=\"elementor-container elementor-column-gap-default\">\n\t\t\t\t\t<div class=\"elementor-column elementor-col-33 elementor-top-column elementor-element elementor-element-b8c8236\" data-id=\"b8c8236\" data-element_type=\"column\">\n\t\t\t<div class=\"elementor-widget-wrap elementor-element-populated\">\n\t\t\t\t\t\t<div class=\"elementor-element elementor-element-6428eab elementor-widget elementor-widget-image\" data-id=\"6428eab\" data-element_type=\"widget\" data-widget_type=\"image.default\">\n\t\t\t\t<div class=\"elementor-widget-container\">\n\t\t\t\t\t\t\t\t\t\t\t\t\t\t\t\t<a href=\"https:\/\/www.cong-pratt.com\/de\/libro\/schwarzer-ozean\/\">\n\t\t\t\t\t\t\t<img fetchpriority=\"high\" decoding=\"async\" width=\"750\" height=\"1005\" src=\"https:\/\/www.cong-pratt.com\/wp-content\/uploads\/2022\/03\/Schwarzer-Ozean.jpeg\" class=\"attachment-large size-large wp-image-22474\" alt=\"\" srcset=\"https:\/\/www.cong-pratt.com\/wp-content\/uploads\/2022\/03\/Schwarzer-Ozean.jpeg 750w, https:\/\/www.cong-pratt.com\/wp-content\/uploads\/2022\/03\/Schwarzer-Ozean-224x300.jpeg 224w, https:\/\/www.cong-pratt.com\/wp-content\/uploads\/2022\/03\/Schwarzer-Ozean-600x804.jpeg 600w\" sizes=\"(max-width: 750px) 100vw, 750px\" \/>\t\t\t\t\t\t\t\t<\/a>\n\t\t\t\t\t\t\t\t\t\t\t\t\t\t\t<\/div>\n\t\t\t\t<\/div>\n\t\t\t\t\t<\/div>\n\t\t<\/div>\n\t\t\t\t<div class=\"elementor-column elementor-col-66 elementor-top-column elementor-element elementor-element-1b71a06\" data-id=\"1b71a06\" data-element_type=\"column\">\n\t\t\t<div class=\"elementor-widget-wrap elementor-element-populated\">\n\t\t\t\t\t\t<div class=\"elementor-element elementor-element-1d0013b elementor-widget elementor-widget-text-editor\" data-id=\"1d0013b\" data-element_type=\"widget\" data-widget_type=\"text-editor.default\">\n\t\t\t\t<div class=\"elementor-widget-container\">\n\t\t\t\t\t\t\t\t\t<p>\u201eFreiheit&#8220; st\u00fcnde auf seiner Flagge, wenn er eine h\u00e4tte. Ungebunden, ohne Haus, Heim oder Verm\u00f6. genswerte schlendert Corto Maltese durchs Leben.\u2026..auf der Suche nach Abenteuer, Gl\u00fcck und Gold.<\/p><p><span style=\"color: var( --e-global-color-text ); font-family: var( --e-global-typography-text-font-family ), Sans-serif; font-size: var( --e-global-typography-text-font-size );\">Der Comic-Jungstar Bastien Viv\u00e8s versetzt den gar nicht tragischen Helden mit dem trockenen Humor in die Fast-Jetztzeit. Japan ist angesagt (denn Viv\u00e8s ist Manga-Fan), die nationalistische, r\u00fcckw\u00e4rts gewandte Terror-Organisation Black Ocean plant einen Putsch: sie wollen den alten Tenno-Kaiser wiederhaben. Corto begleitet das Treiben der Welt von der Seitenlinie. \u201eDie Geschichte w\u00fcrde auch\u00a0<\/span><span style=\"color: var( --e-global-color-text ); font-family: var( --e-global-typography-text-font-family ), Sans-serif; font-size: var( --e-global-typography-text-font-size );\">ohne ihn weitergehen&#8220;, saqt Bastien Viv\u00e8s. \u201eIn anderen Storys treiben die Helden die Handlung voran &#8211; Corto ist unt\u00e4tig und doch Ausl\u00f6ser.&#8220;\u00a0<\/span><span style=\"color: var( --e-global-color-text ); font-family: var( --e-global-typography-text-font-family ), Sans-serif; font-size: var( --e-global-typography-text-font-size );\">Der Held tr\u00e4gt Base Cap undreist als Tramp. \u201eMir gefiel die Marine-Uniform nicht mehr&#8220;, erkl\u00e4rt er der Agentin vom japanischen Geheimdienst.<\/span><\/p><p><span style=\"color: var( --e-global-color-text ); font-family: var( --e-global-typography-text-font-family ), Sans-serif; font-size: var( --e-global-typography-text-font-size );\">Denn wie immer spielen Frauen tragende Rollen, und nicht nur f\u00fcr Corto: ein ganzer Kleinbus voller Feministinnen wird Rasputin zum Verh\u00e4ngnis. Neben besagter Naicho-Agentin ist es auch die Inka-Prinzessin und Heilerin Raua, doch allen voran Freya, die Corto besch\u00e4ftigen. Sie ist nicht etwa die G\u00f6ttin ewiger Jugend aus der nordischen Sage (die mit den \u00c4pfeln), sondern seine \u201eSonneng\u00f6ttin&#8220;, nackt am Steuer des Atlantik-Seglers, w\u00e4hrend er blo\u00df ein untergeordneter \u201e Windgott&#8220; ist.<\/span><\/p><p>\u00a0<\/p><p>\u00a0<\/p>\t\t\t\t\t\t\t\t<\/div>\n\t\t\t\t<\/div>\n\t\t\t\t\t<\/div>\n\t\t<\/div>\n\t\t\t\t\t<\/div>\n\t\t<\/section>\n\t\t\t\t<\/div>\n\t\t","protected":false},"excerpt":{"rendered":"<p>Corto Maltese \u2013 Schwarzer Ozean: Bastien Viv\u00e8s und Martin Quenehen eine eigenst\u00e4ndige Hommage geschaffen, die dem Spirit des Modells gerecht wird. Im Chinesischen Meer kreuzt eine Luxusyacht, am Steuer ein ber\u00fchmter Seemann, der unter die Piraten gegangen ist: Corto Maltese. Wir befinden uns im Jahr 2001, kurz vor 9\/11. Die Suche nach einem mythischen Goldschatz [&hellip;]<\/p>\n","protected":false},"author":2,"featured_media":17316,"comment_status":"open","ping_status":"open","sticky":false,"template":"elementor_theme","format":"standard","meta":{"footnotes":""},"categories":[468],"tags":[596,821,824],"class_list":["post-22460","post","type-post","status-publish","format-standard","has-post-thumbnail","hentry","category-neuheiten-de-2","tag-corto-maltese-de-2","tag-hugo-pratt-de-2","tag-schwarzer-ozean"],"_links":{"self":[{"href":"https:\/\/www.cong-pratt.com\/de\/wp-json\/wp\/v2\/posts\/22460","targetHints":{"allow":["GET"]}}],"collection":[{"href":"https:\/\/www.cong-pratt.com\/de\/wp-json\/wp\/v2\/posts"}],"about":[{"href":"https:\/\/www.cong-pratt.com\/de\/wp-json\/wp\/v2\/types\/post"}],"author":[{"embeddable":true,"href":"https:\/\/www.cong-pratt.com\/de\/wp-json\/wp\/v2\/users\/2"}],"replies":[{"embeddable":true,"href":"https:\/\/www.cong-pratt.com\/de\/wp-json\/wp\/v2\/comments?post=22460"}],"version-history":[{"count":8,"href":"https:\/\/www.cong-pratt.com\/de\/wp-json\/wp\/v2\/posts\/22460\/revisions"}],"predecessor-version":[{"id":22485,"href":"https:\/\/www.cong-pratt.com\/de\/wp-json\/wp\/v2\/posts\/22460\/revisions\/22485"}],"wp:featuredmedia":[{"embeddable":true,"href":"https:\/\/www.cong-pratt.com\/de\/wp-json\/wp\/v2\/media\/17316"}],"wp:attachment":[{"href":"https:\/\/www.cong-pratt.com\/de\/wp-json\/wp\/v2\/media?parent=22460"}],"wp:term":[{"taxonomy":"category","embeddable":true,"href":"https:\/\/www.cong-pratt.com\/de\/wp-json\/wp\/v2\/categories?post=22460"},{"taxonomy":"post_tag","embeddable":true,"href":"https:\/\/www.cong-pratt.com\/de\/wp-json\/wp\/v2\/tags?post=22460"}],"curies":[{"name":"wp","href":"https:\/\/api.w.org\/{rel}","templated":true}]}}