{"id":30079,"date":"2024-12-29T15:08:34","date_gmt":"2024-12-29T14:08:34","guid":{"rendered":"https:\/\/www.cong-pratt.com\/die-lebenslinie-corto-maltese-im-mexiko-der-nachrevolution-in-einem-abenteuer-in-dem-der-tod-spanisch-spricht-und-seinen-namen-ruft\/"},"modified":"2024-12-29T15:58:39","modified_gmt":"2024-12-29T14:58:39","slug":"die-lebenslinie-corto-maltese-im-mexiko-der-nachrevolution-in-einem-abenteuer-in-dem-der-tod-spanisch-spricht-und-seinen-namen-ruft","status":"publish","type":"post","link":"https:\/\/www.cong-pratt.com\/de\/die-lebenslinie-corto-maltese-im-mexiko-der-nachrevolution-in-einem-abenteuer-in-dem-der-tod-spanisch-spricht-und-seinen-namen-ruft\/","title":{"rendered":"Die Lebenslinie: Corto Maltese im Mexiko der Nachrevolution, in einem Abenteuer, in dem der Tod Spanisch spricht und seinen Namen ruft."},"content":{"rendered":"\t\t<div data-elementor-type=\"wp-post\" data-elementor-id=\"30079\" class=\"elementor elementor-30079 elementor-29226\" data-elementor-post-type=\"post\">\n\t\t\t\t\t\t<section class=\"elementor-section elementor-top-section elementor-element elementor-element-a1355a1 elementor-section-boxed elementor-section-height-default elementor-section-height-default\" data-id=\"a1355a1\" data-element_type=\"section\">\n\t\t\t\t\t\t<div class=\"elementor-container elementor-column-gap-default\">\n\t\t\t\t\t<div class=\"elementor-column elementor-col-100 elementor-top-column elementor-element elementor-element-3b2c700\" data-id=\"3b2c700\" data-element_type=\"column\">\n\t\t\t<div class=\"elementor-widget-wrap elementor-element-populated\">\n\t\t\t\t\t\t<div class=\"elementor-element elementor-element-f7a259f elementor-widget elementor-widget-heading\" data-id=\"f7a259f\" data-element_type=\"widget\" data-widget_type=\"heading.default\">\n\t\t\t\t<div class=\"elementor-widget-container\">\n\t\t\t\t\t<h3 class=\"elementor-heading-title elementor-size-default\">Juan D\u00edaz Canales - Rub\u00e9n Pellejero<\/h3>\t\t\t\t<\/div>\n\t\t\t\t<\/div>\n\t\t\t\t<div class=\"elementor-element elementor-element-0d3e1fb elementor-headline--style-highlight elementor-widget elementor-widget-animated-headline\" data-id=\"0d3e1fb\" data-element_type=\"widget\" data-settings=\"{&quot;highlighted_text&quot;:&quot;DIE LEBENSLINIE&quot;,&quot;headline_style&quot;:&quot;highlight&quot;,&quot;marker&quot;:&quot;circle&quot;,&quot;loop&quot;:&quot;yes&quot;,&quot;highlight_animation_duration&quot;:1200,&quot;highlight_iteration_delay&quot;:8000}\" data-widget_type=\"animated-headline.default\">\n\t\t\t\t<div class=\"elementor-widget-container\">\n\t\t\t\t\t\t\t<h3 class=\"elementor-headline\">\n\t\t\t\t\t<span class=\"elementor-headline-plain-text elementor-headline-text-wrapper\">CORTO MALTESE<\/span>\n\t\t\t\t<span class=\"elementor-headline-dynamic-wrapper elementor-headline-text-wrapper\">\n\t\t\t\t\t<span class=\"elementor-headline-dynamic-text elementor-headline-text-active\">DIE LEBENSLINIE<\/span>\n\t\t\t\t<\/span>\n\t\t\t\t<\/h3>\n\t\t\t\t\t\t<\/div>\n\t\t\t\t<\/div>\n\t\t\t\t<div class=\"elementor-element elementor-element-f7520e4 elementor-widget elementor-widget-heading\" data-id=\"f7520e4\" data-element_type=\"widget\" data-widget_type=\"heading.default\">\n\t\t\t\t<div class=\"elementor-widget-container\">\n\t\t\t\t\t<h2 class=\"elementor-heading-title elementor-size-default\">AB DEZEMBER 2024 IM BUCHHANDEL UND IN COMICL\u00c4DEN<\/h2>\t\t\t\t<\/div>\n\t\t\t\t<\/div>\n\t\t\t\t<div class=\"elementor-element elementor-element-18ce6cc elementor-widget-divider--view-line elementor-widget elementor-widget-divider\" data-id=\"18ce6cc\" data-element_type=\"widget\" data-widget_type=\"divider.default\">\n\t\t\t\t<div class=\"elementor-widget-container\">\n\t\t\t\t\t\t\t<div class=\"elementor-divider\">\n\t\t\t<span class=\"elementor-divider-separator\">\n\t\t\t\t\t\t<\/span>\n\t\t<\/div>\n\t\t\t\t\t\t<\/div>\n\t\t\t\t<\/div>\n\t\t\t\t<div class=\"elementor-element elementor-element-9d2fb4e elementor-widget__width-initial elementor-widget elementor-widget-heading\" data-id=\"9d2fb4e\" data-element_type=\"widget\" data-widget_type=\"heading.default\">\n\t\t\t\t<div class=\"elementor-widget-container\">\n\t\t\t\t\t<h2 class=\"elementor-heading-title elementor-size-default\">Canales und Pellejero entf\u00fchren uns zur\u00fcck in die komplizierte und faszinierende Welt von Corto Maltese mit einem Abenteuer zwischen Maya-Ruinen und Mexiko nach der Revolution. Umgeben von Bocca Dorata muss sich Corto in einem Spiel um Macht, Verrat und verborgene Sch\u00e4tze mit verr\u00e4terischen Spionen, skrupellosen Arch\u00e4ologen und <em>Cristeros<\/em>-Guerillas auseinandersetzen. Zwischen Leben und Tod schwebend, mit der Prophezeiung seiner \u201eLebenslinie\u201c, die sich abzeichnet, navigiert Corto in Begleitung alter Freunde zwischen Schatten und T\u00e4uschungen, nur von seinem Sinn f\u00fcr Gerechtigkeit geleitet.<\/h2>\t\t\t\t<\/div>\n\t\t\t\t<\/div>\n\t\t\t\t<div class=\"elementor-element elementor-element-e2ffbc5 elementor-widget-divider--view-line elementor-widget elementor-widget-divider\" data-id=\"e2ffbc5\" data-element_type=\"widget\" data-widget_type=\"divider.default\">\n\t\t\t\t<div class=\"elementor-widget-container\">\n\t\t\t\t\t\t\t<div class=\"elementor-divider\">\n\t\t\t<span class=\"elementor-divider-separator\">\n\t\t\t\t\t\t<\/span>\n\t\t<\/div>\n\t\t\t\t\t\t<\/div>\n\t\t\t\t<\/div>\n\t\t\t\t\t<\/div>\n\t\t<\/div>\n\t\t\t\t\t<\/div>\n\t\t<\/section>\n\t\t\t\t<section class=\"elementor-section elementor-top-section elementor-element elementor-element-e5a9a89 elementor-section-boxed elementor-section-height-default elementor-section-height-default\" data-id=\"e5a9a89\" data-element_type=\"section\">\n\t\t\t\t\t\t<div class=\"elementor-container elementor-column-gap-default\">\n\t\t\t\t\t<div class=\"elementor-column elementor-col-100 elementor-top-column elementor-element elementor-element-c091a67\" data-id=\"c091a67\" data-element_type=\"column\">\n\t\t\t<div class=\"elementor-widget-wrap elementor-element-populated\">\n\t\t\t\t\t\t<div class=\"elementor-element elementor-element-d3aa07b elementor-widget elementor-widget-text-editor\" data-id=\"d3aa07b\" data-element_type=\"widget\" data-widget_type=\"text-editor.default\">\n\t\t\t\t<div class=\"elementor-widget-container\">\n\t\t\t\t\t\t\t\t\t<h4><span style=\"color: #008080;\">Auf seiner Reise zwischen dem mexikanischen Dschungel und der Revolution muss sich Corto mit seiner Vergangenheit und seinen Entscheidungen auseinandersetzen<\/span><\/h4>\n\t\t\t\t\t\t\t\t<\/div>\n\t\t\t\t<\/div>\n\t\t\t\t<div class=\"elementor-element elementor-element-74bc765 elementor-widget-divider--view-line elementor-widget elementor-widget-divider\" data-id=\"74bc765\" data-element_type=\"widget\" data-widget_type=\"divider.default\">\n\t\t\t\t<div class=\"elementor-widget-container\">\n\t\t\t\t\t\t\t<div class=\"elementor-divider\">\n\t\t\t<span class=\"elementor-divider-separator\">\n\t\t\t\t\t\t<\/span>\n\t\t<\/div>\n\t\t\t\t\t\t<\/div>\n\t\t\t\t<\/div>\n\t\t\t\t<div class=\"elementor-element elementor-element-dd646e6 elementor-widget elementor-widget-text-editor\" data-id=\"dd646e6\" data-element_type=\"widget\" data-widget_type=\"text-editor.default\">\n\t\t\t\t<div class=\"elementor-widget-container\">\n\t\t\t\t\t\t\t\t\t<p><strong>VOM VERLAG SCHREIBER&amp;LESER<\/strong><\/p>\n<p>Golden Rosemouth teilt Corto Maltese mit, dass seine Lebenslinie verk\u00fcrzt ist, dass der Tod auf ihn wartet und dass dieser Spanisch spricht. \u201eDas trifft sich gut, ich auch\u201d, sagt Corto dazu. Er soll eine unsch\u00e4tzbare Sammlung von Jade-Kunstwerken an sich bringen und ger\u00e4t in den sehr brutalen, sehr blutigen Mexikanischen B\u00fcrgerkrieg 1926 &#8211; 1929 mit den militanten Katholiken. In einer solchen Konstellation ist auch Rasputin nicht weit \u2013 jetzt in priesterlichem Gewand.<\/p>\n\t\t\t\t\t\t\t\t<\/div>\n\t\t\t\t<\/div>\n\t\t\t\t\t<\/div>\n\t\t<\/div>\n\t\t\t\t\t<\/div>\n\t\t<\/section>\n\t\t\t\t<section class=\"elementor-section elementor-top-section elementor-element elementor-element-5dd1b71 elementor-section-boxed elementor-section-height-default elementor-section-height-default\" data-id=\"5dd1b71\" data-element_type=\"section\">\n\t\t\t\t\t\t<div class=\"elementor-container elementor-column-gap-default\">\n\t\t\t\t\t<div class=\"elementor-column elementor-col-100 elementor-top-column elementor-element elementor-element-860b044\" data-id=\"860b044\" data-element_type=\"column\">\n\t\t\t<div class=\"elementor-widget-wrap elementor-element-populated\">\n\t\t\t\t\t\t<div class=\"elementor-element elementor-element-1285075 elementor-widget-divider--view-line elementor-widget elementor-widget-divider\" data-id=\"1285075\" data-element_type=\"widget\" data-widget_type=\"divider.default\">\n\t\t\t\t<div class=\"elementor-widget-container\">\n\t\t\t\t\t\t\t<div class=\"elementor-divider\">\n\t\t\t<span class=\"elementor-divider-separator\">\n\t\t\t\t\t\t<\/span>\n\t\t<\/div>\n\t\t\t\t\t\t<\/div>\n\t\t\t\t<\/div>\n\t\t\t\t\t<\/div>\n\t\t<\/div>\n\t\t\t\t\t<\/div>\n\t\t<\/section>\n\t\t\t\t<section class=\"elementor-section elementor-top-section elementor-element elementor-element-47a601f elementor-section-boxed elementor-section-height-default elementor-section-height-default\" data-id=\"47a601f\" data-element_type=\"section\">\n\t\t\t\t\t\t<div class=\"elementor-container elementor-column-gap-default\">\n\t\t\t\t\t<div class=\"elementor-column elementor-col-33 elementor-top-column elementor-element elementor-element-1806daa\" data-id=\"1806daa\" data-element_type=\"column\">\n\t\t\t<div class=\"elementor-widget-wrap elementor-element-populated\">\n\t\t\t\t\t\t<div class=\"elementor-element elementor-element-fbf9677 elementor-widget elementor-widget-image\" data-id=\"fbf9677\" data-element_type=\"widget\" data-widget_type=\"image.default\">\n\t\t\t\t<div class=\"elementor-widget-container\">\n\t\t\t\t\t\t\t\t\t\t\t\t\t\t\t<img fetchpriority=\"high\" decoding=\"async\" width=\"610\" height=\"836\" src=\"https:\/\/www.cong-pratt.com\/wp-content\/uploads\/2024\/10\/bookDie-Lebenslinie.png\" class=\"attachment-large size-large wp-image-29290\" alt=\"Die Lebenslinie\" srcset=\"https:\/\/www.cong-pratt.com\/wp-content\/uploads\/2024\/10\/bookDie-Lebenslinie.png 610w, https:\/\/www.cong-pratt.com\/wp-content\/uploads\/2024\/10\/bookDie-Lebenslinie-219x300.png 219w, https:\/\/www.cong-pratt.com\/wp-content\/uploads\/2024\/10\/bookDie-Lebenslinie-600x822.png 600w\" sizes=\"(max-width: 610px) 100vw, 610px\" \/>\t\t\t\t\t\t\t\t\t\t\t\t\t\t\t<\/div>\n\t\t\t\t<\/div>\n\t\t\t\t\t<\/div>\n\t\t<\/div>\n\t\t\t\t<div class=\"elementor-column elementor-col-66 elementor-top-column elementor-element elementor-element-2f072d7\" data-id=\"2f072d7\" data-element_type=\"column\">\n\t\t\t<div class=\"elementor-widget-wrap elementor-element-populated\">\n\t\t\t\t\t\t<div class=\"elementor-element elementor-element-0074434 elementor-widget elementor-widget-text-editor\" data-id=\"0074434\" data-element_type=\"widget\" data-widget_type=\"text-editor.default\">\n\t\t\t\t<div class=\"elementor-widget-container\">\n\t\t\t\t\t\t\t\t\t<p><strong style=\"color: var( --e-global-color-text ); font-family: var( --e-global-typography-text-font-family ), Sans-serif; font-size: var( --e-global-typography-text-font-size );\">CORTO MALTESE, DIE LEBENSLINIE<\/strong><\/p>\n<p><strong><span style=\"font-family: var( --e-global-typography-text-font-family ), Sans-serif;\"><span style=\"color: var( --e-global-color-text );\">Juan\u00a0<\/span><\/span>Diaz Canales, Rub\u00e9n Pellejero &#8211; dall&#8217;opera di Hugo<span style=\"font-family: var( --e-global-typography-text-font-family ), Sans-serif;\"><span style=\"color: var( --e-global-color-text );\">\u00a0Pratt<\/span><\/span><\/strong><\/p>\n<p><span style=\"color: var( --e-global-color-text ); font-family: var( --e-global-typography-text-font-family ), Sans-serif; font-size: var( --e-global-typography-text-font-size );\">Verlag: Schreiber&amp;Leser<\/span><\/p>\n<div class=\"page\" title=\"Page 1\">\n<div class=\"section\">\n<div class=\"layoutArea\">\n<div class=\"column\">\n<p>96 Seiten<br \/>\ngebunden | Farbe<br \/>\nPrezzo 24,80 \u20ac<br \/>\nISDN: 978-3-96582-174-3<\/p>\n<\/div>\n<\/div>\n<\/div>\n<\/div>\n\t\t\t\t\t\t\t\t<\/div>\n\t\t\t\t<\/div>\n\t\t\t\t<div class=\"elementor-element elementor-element-9903f38 elementor-widget elementor-widget-button\" data-id=\"9903f38\" data-element_type=\"widget\" data-widget_type=\"button.default\">\n\t\t\t\t<div class=\"elementor-widget-container\">\n\t\t\t\t\t\t\t\t\t<div class=\"elementor-button-wrapper\">\n\t\t\t\t\t<a class=\"elementor-button elementor-button-link elementor-size-sm\" href=\"https:\/\/www.cong-pratt.com\/de\/libro\/die-lebenslinie\/\" target=\"_blank\">\n\t\t\t\t\t\t<span class=\"elementor-button-content-wrapper\">\n\t\t\t\t\t\t\t\t\t<span class=\"elementor-button-text\">Erfahren Sie mehr<\/span>\n\t\t\t\t\t<\/span>\n\t\t\t\t\t<\/a>\n\t\t\t\t<\/div>\n\t\t\t\t\t\t\t\t<\/div>\n\t\t\t\t<\/div>\n\t\t\t\t\t<\/div>\n\t\t<\/div>\n\t\t\t\t\t<\/div>\n\t\t<\/section>\n\t\t\t\t<section class=\"elementor-section elementor-top-section elementor-element elementor-element-e70ec01 elementor-section-boxed elementor-section-height-default elementor-section-height-default\" data-id=\"e70ec01\" data-element_type=\"section\">\n\t\t\t\t\t\t<div class=\"elementor-container elementor-column-gap-default\">\n\t\t\t\t\t<div class=\"elementor-column elementor-col-100 elementor-top-column elementor-element elementor-element-9cd9108\" data-id=\"9cd9108\" data-element_type=\"column\">\n\t\t\t<div class=\"elementor-widget-wrap elementor-element-populated\">\n\t\t\t\t\t\t<div class=\"elementor-element elementor-element-7bc1ca2 elementor-widget elementor-widget-text-editor\" data-id=\"7bc1ca2\" data-element_type=\"widget\" data-widget_type=\"text-editor.default\">\n\t\t\t\t<div class=\"elementor-widget-container\">\n\t\t\t\t\t\t\t\t\t<h4>Die Geschichten von Corto Maltese von Juan D\u00ecaz Canales und Rub\u00e9n Pellejero<\/h4>\n\t\t\t\t\t\t\t\t<\/div>\n\t\t\t\t<\/div>\n\t\t\t\t\t<\/div>\n\t\t<\/div>\n\t\t\t\t\t<\/div>\n\t\t<\/section>\n\t\t\t\t<section class=\"elementor-section elementor-top-section elementor-element elementor-element-7ad48aa elementor-section-boxed elementor-section-height-default elementor-section-height-default\" data-id=\"7ad48aa\" data-element_type=\"section\">\n\t\t\t\t\t\t<div class=\"elementor-container elementor-column-gap-default\">\n\t\t\t\t\t<div class=\"elementor-column elementor-col-25 elementor-top-column elementor-element elementor-element-d29b8e9\" data-id=\"d29b8e9\" data-element_type=\"column\">\n\t\t\t<div class=\"elementor-widget-wrap elementor-element-populated\">\n\t\t\t\t\t\t<div class=\"elementor-element elementor-element-a3e1a54 elementor-widget elementor-widget-image\" data-id=\"a3e1a54\" data-element_type=\"widget\" data-widget_type=\"image.default\">\n\t\t\t\t<div class=\"elementor-widget-container\">\n\t\t\t\t\t\t\t\t\t\t\t\t\t\t\t\t<a href=\"https:\/\/www.cong-pratt.com\/de\/libro\/nacht-in-berlin\/\">\n\t\t\t\t\t\t\t<img decoding=\"async\" width=\"609\" height=\"835\" src=\"https:\/\/www.cong-pratt.com\/wp-content\/uploads\/2023\/05\/bookNacht-in-Berlin.png\" class=\"attachment-large size-large wp-image-25840\" alt=\"Nacht in Berlin\" srcset=\"https:\/\/www.cong-pratt.com\/wp-content\/uploads\/2023\/05\/bookNacht-in-Berlin.png 609w, https:\/\/www.cong-pratt.com\/wp-content\/uploads\/2023\/05\/bookNacht-in-Berlin-219x300.png 219w, https:\/\/www.cong-pratt.com\/wp-content\/uploads\/2023\/05\/bookNacht-in-Berlin-600x823.png 600w\" sizes=\"(max-width: 609px) 100vw, 609px\" \/>\t\t\t\t\t\t\t\t<\/a>\n\t\t\t\t\t\t\t\t\t\t\t\t\t\t\t<\/div>\n\t\t\t\t<\/div>\n\t\t\t\t\t<\/div>\n\t\t<\/div>\n\t\t\t\t<div class=\"elementor-column elementor-col-25 elementor-top-column elementor-element elementor-element-91851b3\" data-id=\"91851b3\" data-element_type=\"column\">\n\t\t\t<div class=\"elementor-widget-wrap elementor-element-populated\">\n\t\t\t\t\t\t<div class=\"elementor-element elementor-element-ccb9b8e elementor-widget elementor-widget-image\" data-id=\"ccb9b8e\" data-element_type=\"widget\" data-widget_type=\"image.default\">\n\t\t\t\t<div class=\"elementor-widget-container\">\n\t\t\t\t\t\t\t\t\t\t\t\t\t\t\t\t<a href=\"https:\/\/www.cong-pratt.com\/de\/libro\/tarowean-tag-der-ueberraschungen\/\">\n\t\t\t\t\t\t\t<img decoding=\"async\" width=\"653\" height=\"823\" src=\"https:\/\/www.cong-pratt.com\/wp-content\/uploads\/2024\/12\/bookTarowean-\u2013-Tag-der-Uberraschungen.png\" class=\"attachment-large size-large wp-image-30091\" alt=\"\" srcset=\"https:\/\/www.cong-pratt.com\/wp-content\/uploads\/2024\/12\/bookTarowean-\u2013-Tag-der-Uberraschungen.png 653w, https:\/\/www.cong-pratt.com\/wp-content\/uploads\/2024\/12\/bookTarowean-\u2013-Tag-der-Uberraschungen-238x300.png 238w, https:\/\/www.cong-pratt.com\/wp-content\/uploads\/2024\/12\/bookTarowean-\u2013-Tag-der-Uberraschungen-600x756.png 600w\" sizes=\"(max-width: 653px) 100vw, 653px\" \/>\t\t\t\t\t\t\t\t<\/a>\n\t\t\t\t\t\t\t\t\t\t\t\t\t\t\t<\/div>\n\t\t\t\t<\/div>\n\t\t\t\t\t<\/div>\n\t\t<\/div>\n\t\t\t\t<div class=\"elementor-column elementor-col-25 elementor-top-column elementor-element elementor-element-be13fb7\" data-id=\"be13fb7\" data-element_type=\"column\">\n\t\t\t<div class=\"elementor-widget-wrap elementor-element-populated\">\n\t\t\t\t\t\t<div class=\"elementor-element elementor-element-1c357f1 elementor-widget elementor-widget-image\" data-id=\"1c357f1\" data-element_type=\"widget\" data-widget_type=\"image.default\">\n\t\t\t\t<div class=\"elementor-widget-container\">\n\t\t\t\t\t\t\t\t\t\t\t\t\t\t\t\t<a href=\"https:\/\/www.cong-pratt.com\/de\/libro\/aequatoria\/\">\n\t\t\t\t\t\t\t<img loading=\"lazy\" decoding=\"async\" width=\"653\" height=\"823\" src=\"https:\/\/www.cong-pratt.com\/wp-content\/uploads\/2021\/08\/bookAquatoria.png\" class=\"attachment-large size-large wp-image-20503\" alt=\"\u00c4quatoria\" srcset=\"https:\/\/www.cong-pratt.com\/wp-content\/uploads\/2021\/08\/bookAquatoria.png 653w, https:\/\/www.cong-pratt.com\/wp-content\/uploads\/2021\/08\/bookAquatoria-238x300.png 238w\" sizes=\"(max-width: 653px) 100vw, 653px\" \/>\t\t\t\t\t\t\t\t<\/a>\n\t\t\t\t\t\t\t\t\t\t\t\t\t\t\t<\/div>\n\t\t\t\t<\/div>\n\t\t\t\t\t<\/div>\n\t\t<\/div>\n\t\t\t\t<div class=\"elementor-column elementor-col-25 elementor-top-column elementor-element elementor-element-1c04c81\" data-id=\"1c04c81\" data-element_type=\"column\">\n\t\t\t<div class=\"elementor-widget-wrap elementor-element-populated\">\n\t\t\t\t\t\t<div class=\"elementor-element elementor-element-8ed04de elementor-widget elementor-widget-image\" data-id=\"8ed04de\" data-element_type=\"widget\" data-widget_type=\"image.default\">\n\t\t\t\t<div class=\"elementor-widget-container\">\n\t\t\t\t\t\t\t\t\t\t\t\t\t\t\t\t<a href=\"https:\/\/www.cong-pratt.com\/de\/libro\/unter-der-mitternachtssonne\/\">\n\t\t\t\t\t\t\t<img loading=\"lazy\" decoding=\"async\" width=\"653\" height=\"823\" src=\"https:\/\/www.cong-pratt.com\/wp-content\/uploads\/2021\/08\/bookUnter-der-Mitternachtssonne.png\" class=\"attachment-large size-large wp-image-20851\" alt=\"Unter der Mitternachtssonne\" srcset=\"https:\/\/www.cong-pratt.com\/wp-content\/uploads\/2021\/08\/bookUnter-der-Mitternachtssonne.png 653w, https:\/\/www.cong-pratt.com\/wp-content\/uploads\/2021\/08\/bookUnter-der-Mitternachtssonne-238x300.png 238w\" sizes=\"(max-width: 653px) 100vw, 653px\" \/>\t\t\t\t\t\t\t\t<\/a>\n\t\t\t\t\t\t\t\t\t\t\t\t\t\t\t<\/div>\n\t\t\t\t<\/div>\n\t\t\t\t\t<\/div>\n\t\t<\/div>\n\t\t\t\t\t<\/div>\n\t\t<\/section>\n\t\t\t\t<section class=\"elementor-section elementor-top-section elementor-element elementor-element-0520c37 elementor-section-boxed elementor-section-height-default elementor-section-height-default\" data-id=\"0520c37\" data-element_type=\"section\">\n\t\t\t\t\t\t<div class=\"elementor-container elementor-column-gap-default\">\n\t\t\t\t\t<div class=\"elementor-column elementor-col-100 elementor-top-column elementor-element elementor-element-9a800f6\" data-id=\"9a800f6\" data-element_type=\"column\">\n\t\t\t<div class=\"elementor-widget-wrap elementor-element-populated\">\n\t\t\t\t\t\t<div class=\"elementor-element elementor-element-3a2343d elementor-widget elementor-widget-spacer\" data-id=\"3a2343d\" data-element_type=\"widget\" data-widget_type=\"spacer.default\">\n\t\t\t\t<div class=\"elementor-widget-container\">\n\t\t\t\t\t\t\t<div class=\"elementor-spacer\">\n\t\t\t<div class=\"elementor-spacer-inner\"><\/div>\n\t\t<\/div>\n\t\t\t\t\t\t<\/div>\n\t\t\t\t<\/div>\n\t\t\t\t<div class=\"elementor-element elementor-element-6cdbe44 elementor-widget-divider--view-line elementor-widget elementor-widget-divider\" data-id=\"6cdbe44\" data-element_type=\"widget\" data-widget_type=\"divider.default\">\n\t\t\t\t<div class=\"elementor-widget-container\">\n\t\t\t\t\t\t\t<div class=\"elementor-divider\">\n\t\t\t<span class=\"elementor-divider-separator\">\n\t\t\t\t\t\t<\/span>\n\t\t<\/div>\n\t\t\t\t\t\t<\/div>\n\t\t\t\t<\/div>\n\t\t\t\t\t<\/div>\n\t\t<\/div>\n\t\t\t\t\t<\/div>\n\t\t<\/section>\n\t\t\t\t<section class=\"elementor-section elementor-top-section elementor-element elementor-element-ef2b386 elementor-section-boxed elementor-section-height-default elementor-section-height-default\" data-id=\"ef2b386\" data-element_type=\"section\">\n\t\t\t\t\t\t<div class=\"elementor-container elementor-column-gap-default\">\n\t\t\t\t\t<div class=\"elementor-column elementor-col-100 elementor-top-column elementor-element elementor-element-a35de87\" data-id=\"a35de87\" data-element_type=\"column\">\n\t\t\t<div class=\"elementor-widget-wrap elementor-element-populated\">\n\t\t\t\t\t\t<div class=\"elementor-element elementor-element-c693828 elementor-grid-3 elementor-grid-tablet-2 elementor-grid-mobile-1 elementor-posts--thumbnail-top elementor-widget elementor-widget-posts\" data-id=\"c693828\" data-element_type=\"widget\" data-settings=\"{&quot;classic_columns&quot;:&quot;3&quot;,&quot;classic_columns_tablet&quot;:&quot;2&quot;,&quot;classic_columns_mobile&quot;:&quot;1&quot;,&quot;classic_row_gap&quot;:{&quot;unit&quot;:&quot;px&quot;,&quot;size&quot;:35,&quot;sizes&quot;:[]},&quot;classic_row_gap_tablet&quot;:{&quot;unit&quot;:&quot;px&quot;,&quot;size&quot;:&quot;&quot;,&quot;sizes&quot;:[]},&quot;classic_row_gap_mobile&quot;:{&quot;unit&quot;:&quot;px&quot;,&quot;size&quot;:&quot;&quot;,&quot;sizes&quot;:[]}}\" data-widget_type=\"posts.classic\">\n\t\t\t\t<div class=\"elementor-widget-container\">\n\t\t\t\t\t\t\t<div class=\"elementor-posts-container elementor-posts elementor-posts--skin-classic elementor-grid\" role=\"list\">\n\t\t\t\t<article class=\"elementor-post elementor-grid-item post-32713 post type-post status-publish format-standard has-post-thumbnail hentry category-neuheiten-de-2 tag-award-de\" role=\"listitem\">\n\t\t\t\t<a class=\"elementor-post__thumbnail__link\" href=\"https:\/\/www.cong-pratt.com\/de\/erste-ausgabe-der-hugo-pratt-comics-awards-eine-reise-durch-ausbildung-und-kreativitaet-des-europaeischen-comics\/\" tabindex=\"-1\" >\n\t\t\t<div class=\"elementor-post__thumbnail\"><img loading=\"lazy\" decoding=\"async\" width=\"300\" height=\"169\" src=\"https:\/\/www.cong-pratt.com\/wp-content\/uploads\/2025\/10\/HPAwards_coverCong2-300x169.jpg\" class=\"attachment-medium size-medium wp-image-32588\" alt=\"Hugo Pratt Comics Awards\" srcset=\"https:\/\/www.cong-pratt.com\/wp-content\/uploads\/2025\/10\/HPAwards_coverCong2-300x169.jpg 300w, https:\/\/www.cong-pratt.com\/wp-content\/uploads\/2025\/10\/HPAwards_coverCong2-1024x576.jpg 1024w, https:\/\/www.cong-pratt.com\/wp-content\/uploads\/2025\/10\/HPAwards_coverCong2-768x432.jpg 768w, https:\/\/www.cong-pratt.com\/wp-content\/uploads\/2025\/10\/HPAwards_coverCong2-1536x864.jpg 1536w, https:\/\/www.cong-pratt.com\/wp-content\/uploads\/2025\/10\/HPAwards_coverCong2-600x338.jpg 600w, https:\/\/www.cong-pratt.com\/wp-content\/uploads\/2025\/10\/HPAwards_coverCong2.jpg 1920w\" sizes=\"(max-width: 300px) 100vw, 300px\" \/><\/div>\n\t\t<\/a>\n\t\t\t\t<div class=\"elementor-post__text\">\n\t\t\t\t<h3 class=\"elementor-post__title\">\n\t\t\t<a href=\"https:\/\/www.cong-pratt.com\/de\/erste-ausgabe-der-hugo-pratt-comics-awards-eine-reise-durch-ausbildung-und-kreativitaet-des-europaeischen-comics\/\" >\n\t\t\t\tErste Ausgabe der Hugo Pratt Comics Awards: eine Reise durch Ausbildung und Kreativit\u00e4t des europ\u00e4ischen Comics\t\t\t<\/a>\n\t\t<\/h3>\n\t\t\t\t<div class=\"elementor-post__meta-data\">\n\t\t\t\t\t<span class=\"elementor-post-date\">\n\t\t\t10 Oktober 2025\t\t<\/span>\n\t\t\t\t<\/div>\n\t\t\t\t<div class=\"elementor-post__excerpt\">\n\t\t\t<p>Hugo Pratt Comics Awards: von der st\u00e4dtischen Installation auf dem Pier von Senigallia bis zur Ausstellung in der Rocca Roveresca nimmt die erste Ausgabe des<\/p>\n\t\t<\/div>\n\t\t\n\t\t<a class=\"elementor-post__read-more\" href=\"https:\/\/www.cong-pratt.com\/de\/erste-ausgabe-der-hugo-pratt-comics-awards-eine-reise-durch-ausbildung-und-kreativitaet-des-europaeischen-comics\/\" aria-label=\"Mehr \u00fcber Erste Ausgabe der Hugo Pratt Comics Awards: eine Reise durch Ausbildung und Kreativit\u00e4t des europ\u00e4ischen Comics\" tabindex=\"-1\" >\n\t\t\tleggi \u00bb\t\t<\/a>\n\n\t\t\t\t<\/div>\n\t\t\t\t<\/article>\n\t\t\t\t<article class=\"elementor-post elementor-grid-item post-30079 post type-post status-publish format-standard has-post-thumbnail hentry category-neuheiten-de-2 tag-corto-maltese-de-2 tag-hugo-pratt-de-2 tag-juan-diaz-canales-de-2 tag-ruben-pellejero-de-2\" role=\"listitem\">\n\t\t\t\t<a class=\"elementor-post__thumbnail__link\" href=\"https:\/\/www.cong-pratt.com\/de\/die-lebenslinie-corto-maltese-im-mexiko-der-nachrevolution-in-einem-abenteuer-in-dem-der-tod-spanisch-spricht-und-seinen-namen-ruft\/\" tabindex=\"-1\" >\n\t\t\t<div class=\"elementor-post__thumbnail\"><img loading=\"lazy\" decoding=\"async\" width=\"300\" height=\"169\" src=\"https:\/\/www.cong-pratt.com\/wp-content\/uploads\/2024\/12\/die-lebenslinie-cover-300x169.jpg\" class=\"attachment-medium size-medium wp-image-30085\" alt=\"\" srcset=\"https:\/\/www.cong-pratt.com\/wp-content\/uploads\/2024\/12\/die-lebenslinie-cover-300x169.jpg 300w, https:\/\/www.cong-pratt.com\/wp-content\/uploads\/2024\/12\/die-lebenslinie-cover-1024x576.jpg 1024w, https:\/\/www.cong-pratt.com\/wp-content\/uploads\/2024\/12\/die-lebenslinie-cover-768x432.jpg 768w, https:\/\/www.cong-pratt.com\/wp-content\/uploads\/2024\/12\/die-lebenslinie-cover-1536x864.jpg 1536w, https:\/\/www.cong-pratt.com\/wp-content\/uploads\/2024\/12\/die-lebenslinie-cover-600x338.jpg 600w, https:\/\/www.cong-pratt.com\/wp-content\/uploads\/2024\/12\/die-lebenslinie-cover.jpg 1920w\" sizes=\"(max-width: 300px) 100vw, 300px\" \/><\/div>\n\t\t<\/a>\n\t\t\t\t<div class=\"elementor-post__text\">\n\t\t\t\t<h3 class=\"elementor-post__title\">\n\t\t\t<a href=\"https:\/\/www.cong-pratt.com\/de\/die-lebenslinie-corto-maltese-im-mexiko-der-nachrevolution-in-einem-abenteuer-in-dem-der-tod-spanisch-spricht-und-seinen-namen-ruft\/\" >\n\t\t\t\tDie Lebenslinie: Corto Maltese im Mexiko der Nachrevolution, in einem Abenteuer, in dem der Tod Spanisch spricht und seinen Namen ruft.\t\t\t<\/a>\n\t\t<\/h3>\n\t\t\t\t<div class=\"elementor-post__meta-data\">\n\t\t\t\t\t<span class=\"elementor-post-date\">\n\t\t\t29 Dezember 2024\t\t<\/span>\n\t\t\t\t<\/div>\n\t\t\t\t<div class=\"elementor-post__excerpt\">\n\t\t\t<p>Juan D\u00edaz Canales &#8211; Rub\u00e9n Pellejero CORTO MALTESE DIE LEBENSLINIE AB DEZEMBER 2024 IM BUCHHANDEL UND IN COMICL\u00c4DEN Canales und Pellejero entf\u00fchren uns zur\u00fcck in<\/p>\n\t\t<\/div>\n\t\t\n\t\t<a class=\"elementor-post__read-more\" href=\"https:\/\/www.cong-pratt.com\/de\/die-lebenslinie-corto-maltese-im-mexiko-der-nachrevolution-in-einem-abenteuer-in-dem-der-tod-spanisch-spricht-und-seinen-namen-ruft\/\" aria-label=\"Mehr \u00fcber Die Lebenslinie: Corto Maltese im Mexiko der Nachrevolution, in einem Abenteuer, in dem der Tod Spanisch spricht und seinen Namen ruft.\" tabindex=\"-1\" >\n\t\t\tleggi \u00bb\t\t<\/a>\n\n\t\t\t\t<\/div>\n\t\t\t\t<\/article>\n\t\t\t\t<article class=\"elementor-post elementor-grid-item post-28597 post type-post status-publish format-standard has-post-thumbnail hentry category-neuheiten-de-2 tag-corto-maltese-de-2 tag-hugo-pratt-de-2 tag-schwarzer-ozean\" role=\"listitem\">\n\t\t\t\t<a class=\"elementor-post__thumbnail__link\" href=\"https:\/\/www.cong-pratt.com\/de\/fort-wheeling-hugo-pratts-meisterwerk-kehrt-in-zwei-baenden-in-der-vollversion-zurueckfort-wheeling\/\" tabindex=\"-1\" >\n\t\t\t<div class=\"elementor-post__thumbnail\"><img loading=\"lazy\" decoding=\"async\" width=\"300\" height=\"199\" src=\"https:\/\/www.cong-pratt.com\/wp-content\/uploads\/2024\/07\/Fort-Wheeling-1-e1720099077581-300x199.jpg\" class=\"attachment-medium size-medium wp-image-28565\" alt=\"Fort Wheeling\" srcset=\"https:\/\/www.cong-pratt.com\/wp-content\/uploads\/2024\/07\/Fort-Wheeling-1-e1720099077581-300x199.jpg 300w, https:\/\/www.cong-pratt.com\/wp-content\/uploads\/2024\/07\/Fort-Wheeling-1-e1720099077581-768x509.jpg 768w, https:\/\/www.cong-pratt.com\/wp-content\/uploads\/2024\/07\/Fort-Wheeling-1-e1720099077581-600x398.jpg 600w, https:\/\/www.cong-pratt.com\/wp-content\/uploads\/2024\/07\/Fort-Wheeling-1-e1720099077581.jpg 806w\" sizes=\"(max-width: 300px) 100vw, 300px\" \/><\/div>\n\t\t<\/a>\n\t\t\t\t<div class=\"elementor-post__text\">\n\t\t\t\t<h3 class=\"elementor-post__title\">\n\t\t\t<a href=\"https:\/\/www.cong-pratt.com\/de\/fort-wheeling-hugo-pratts-meisterwerk-kehrt-in-zwei-baenden-in-der-vollversion-zurueckfort-wheeling\/\" >\n\t\t\t\tFort Wheeling: Hugo Pratts Meisterwerk kehrt in zwei B\u00e4nden in der Vollversion zur\u00fcckFort Wheeling\t\t\t<\/a>\n\t\t<\/h3>\n\t\t\t\t<div class=\"elementor-post__meta-data\">\n\t\t\t\t\t<span class=\"elementor-post-date\">\n\t\t\t4 Juli 2024\t\t<\/span>\n\t\t\t\t<\/div>\n\t\t\t\t<div class=\"elementor-post__excerpt\">\n\t\t\t<p>Fort Wheeling: Hugo Pratts ungek\u00fcrztes Meisterwerk, das w\u00e4hrend des franz\u00f6sisch-indianischen Krieges in Amerika spielt, kehrt in zwei unverzichtbaren B\u00fcchern in die Buchl\u00e4den zur\u00fcck Beim Comic-Verlag<\/p>\n\t\t<\/div>\n\t\t\n\t\t<a class=\"elementor-post__read-more\" href=\"https:\/\/www.cong-pratt.com\/de\/fort-wheeling-hugo-pratts-meisterwerk-kehrt-in-zwei-baenden-in-der-vollversion-zurueckfort-wheeling\/\" aria-label=\"Mehr \u00fcber Fort Wheeling: Hugo Pratts Meisterwerk kehrt in zwei B\u00e4nden in der Vollversion zur\u00fcckFort Wheeling\" tabindex=\"-1\" >\n\t\t\tleggi \u00bb\t\t<\/a>\n\n\t\t\t\t<\/div>\n\t\t\t\t<\/article>\n\t\t\t\t<\/div>\n\t\t\n\t\t\t\t\t\t<\/div>\n\t\t\t\t<\/div>\n\t\t\t\t\t<\/div>\n\t\t<\/div>\n\t\t\t\t\t<\/div>\n\t\t<\/section>\n\t\t\t\t<\/div>\n\t\t","protected":false},"excerpt":{"rendered":"<p>Juan D\u00edaz Canales &#8211; Rub\u00e9n Pellejero CORTO MALTESE DIE LEBENSLINIE AB DEZEMBER 2024 IM BUCHHANDEL UND IN COMICL\u00c4DEN Canales und Pellejero entf\u00fchren uns zur\u00fcck in die komplizierte und faszinierende Welt von Corto Maltese mit einem Abenteuer zwischen Maya-Ruinen und Mexiko nach der Revolution. Umgeben von Bocca Dorata muss sich Corto in einem Spiel um Macht, [&hellip;]<\/p>\n","protected":false},"author":2,"featured_media":30085,"comment_status":"closed","ping_status":"open","sticky":false,"template":"elementor_theme","format":"standard","meta":{"footnotes":""},"categories":[468],"tags":[596,821,547,582],"class_list":["post-30079","post","type-post","status-publish","format-standard","has-post-thumbnail","hentry","category-neuheiten-de-2","tag-corto-maltese-de-2","tag-hugo-pratt-de-2","tag-juan-diaz-canales-de-2","tag-ruben-pellejero-de-2"],"_links":{"self":[{"href":"https:\/\/www.cong-pratt.com\/de\/wp-json\/wp\/v2\/posts\/30079","targetHints":{"allow":["GET"]}}],"collection":[{"href":"https:\/\/www.cong-pratt.com\/de\/wp-json\/wp\/v2\/posts"}],"about":[{"href":"https:\/\/www.cong-pratt.com\/de\/wp-json\/wp\/v2\/types\/post"}],"author":[{"embeddable":true,"href":"https:\/\/www.cong-pratt.com\/de\/wp-json\/wp\/v2\/users\/2"}],"replies":[{"embeddable":true,"href":"https:\/\/www.cong-pratt.com\/de\/wp-json\/wp\/v2\/comments?post=30079"}],"version-history":[{"count":7,"href":"https:\/\/www.cong-pratt.com\/de\/wp-json\/wp\/v2\/posts\/30079\/revisions"}],"predecessor-version":[{"id":30114,"href":"https:\/\/www.cong-pratt.com\/de\/wp-json\/wp\/v2\/posts\/30079\/revisions\/30114"}],"wp:featuredmedia":[{"embeddable":true,"href":"https:\/\/www.cong-pratt.com\/de\/wp-json\/wp\/v2\/media\/30085"}],"wp:attachment":[{"href":"https:\/\/www.cong-pratt.com\/de\/wp-json\/wp\/v2\/media?parent=30079"}],"wp:term":[{"taxonomy":"category","embeddable":true,"href":"https:\/\/www.cong-pratt.com\/de\/wp-json\/wp\/v2\/categories?post=30079"},{"taxonomy":"post_tag","embeddable":true,"href":"https:\/\/www.cong-pratt.com\/de\/wp-json\/wp\/v2\/tags?post=30079"}],"curies":[{"name":"wp","href":"https:\/\/api.w.org\/{rel}","templated":true}]}}