{"id":30955,"date":"2025-01-21T11:16:08","date_gmt":"2025-01-21T10:16:08","guid":{"rendered":"https:\/\/www.cong-pratt.com\/?p=30955"},"modified":"2025-01-21T11:16:08","modified_gmt":"2025-01-21T10:16:08","slug":"corto-maltese-returns-to-lyon-the-exhibition-at-the-universite-catholique-de-lyon-from-28th-january","status":"publish","type":"post","link":"https:\/\/www.cong-pratt.com\/en\/corto-maltese-returns-to-lyon-the-exhibition-at-the-universite-catholique-de-lyon-from-28th-january\/","title":{"rendered":"Corto Maltese returns to Lyon, the exhibition at the Universit\u00e9 Catholique de Lyon from 28th January"},"content":{"rendered":"\t\t<div data-elementor-type=\"wp-post\" data-elementor-id=\"30955\" class=\"elementor elementor-30955 elementor-30954\" data-elementor-post-type=\"post\">\n\t\t\t\t\t\t<section class=\"elementor-section elementor-top-section elementor-element elementor-element-7e970d37 elementor-section-boxed elementor-section-height-default elementor-section-height-default\" data-id=\"7e970d37\" data-element_type=\"section\">\n\t\t\t\t\t\t<div class=\"elementor-container elementor-column-gap-default\">\n\t\t\t\t\t<div class=\"elementor-column elementor-col-100 elementor-top-column elementor-element elementor-element-4a7f11fc\" data-id=\"4a7f11fc\" data-element_type=\"column\">\n\t\t\t<div class=\"elementor-widget-wrap elementor-element-populated\">\n\t\t\t\t\t\t<div class=\"elementor-element elementor-element-550e719 elementor-widget elementor-widget-spacer\" data-id=\"550e719\" data-element_type=\"widget\" data-widget_type=\"spacer.default\">\n\t\t\t\t<div class=\"elementor-widget-container\">\n\t\t\t\t\t\t\t<div class=\"elementor-spacer\">\n\t\t\t<div class=\"elementor-spacer-inner\"><\/div>\n\t\t<\/div>\n\t\t\t\t\t\t<\/div>\n\t\t\t\t<\/div>\n\t\t\t\t<div class=\"elementor-element elementor-element-c6e091b elementor-widget elementor-widget-heading\" data-id=\"c6e091b\" data-element_type=\"widget\" data-widget_type=\"heading.default\">\n\t\t\t\t<div class=\"elementor-widget-container\">\n\t\t\t\t\t<h2 class=\"elementor-heading-title elementor-size-default\">\u2018Corto Maltese par Hugo Pratt\u2019, from 28th January 2025 until 21st March 2025 - Universit\u00e9 Catholique de Lyon<\/h2>\t\t\t\t<\/div>\n\t\t\t\t<\/div>\n\t\t\t\t<div class=\"elementor-element elementor-element-324b31d elementor-widget-divider--view-line elementor-widget elementor-widget-divider\" data-id=\"324b31d\" data-element_type=\"widget\" data-widget_type=\"divider.default\">\n\t\t\t\t<div class=\"elementor-widget-container\">\n\t\t\t\t\t\t\t<div class=\"elementor-divider\">\n\t\t\t<span class=\"elementor-divider-separator\">\n\t\t\t\t\t\t<\/span>\n\t\t<\/div>\n\t\t\t\t\t\t<\/div>\n\t\t\t\t<\/div>\n\t\t\t\t<div class=\"elementor-element elementor-element-50f99475 elementor-widget elementor-widget-text-editor\" data-id=\"50f99475\" data-element_type=\"widget\" data-widget_type=\"text-editor.default\">\n\t\t\t\t<div class=\"elementor-widget-container\">\n\t\t\t\t\t\t\t\t\t<h3>Corto at the University, together with the students of the Saint Paul Campus of the University of Lyon, to tell the story of adventure, cultural pluralism and inclusion to the new generations.<\/h3>\n\t\t\t\t\t\t\t\t<\/div>\n\t\t\t\t<\/div>\n\t\t\t\t<div class=\"elementor-element elementor-element-d27cb65 elementor-widget elementor-widget-spacer\" data-id=\"d27cb65\" data-element_type=\"widget\" data-widget_type=\"spacer.default\">\n\t\t\t\t<div class=\"elementor-widget-container\">\n\t\t\t\t\t\t\t<div class=\"elementor-spacer\">\n\t\t\t<div class=\"elementor-spacer-inner\"><\/div>\n\t\t<\/div>\n\t\t\t\t\t\t<\/div>\n\t\t\t\t<\/div>\n\t\t\t\t\t<\/div>\n\t\t<\/div>\n\t\t\t\t\t<\/div>\n\t\t<\/section>\n\t\t\t\t<section class=\"elementor-section elementor-top-section elementor-element elementor-element-a3cd859 elementor-section-boxed elementor-section-height-default elementor-section-height-default\" data-id=\"a3cd859\" data-element_type=\"section\">\n\t\t\t\t\t\t<div class=\"elementor-container elementor-column-gap-default\">\n\t\t\t\t\t<div class=\"elementor-column elementor-col-33 elementor-top-column elementor-element elementor-element-b8c8236\" data-id=\"b8c8236\" data-element_type=\"column\">\n\t\t\t<div class=\"elementor-widget-wrap elementor-element-populated\">\n\t\t\t\t\t\t<div class=\"elementor-element elementor-element-6428eab elementor-widget elementor-widget-image\" data-id=\"6428eab\" data-element_type=\"widget\" data-widget_type=\"image.default\">\n\t\t\t\t<div class=\"elementor-widget-container\">\n\t\t\t\t\t\t\t\t\t\t\t\t<figure class=\"wp-caption\">\n\t\t\t\t\t\t\t\t\t\t<img fetchpriority=\"high\" decoding=\"async\" width=\"767\" height=\"1024\" src=\"https:\/\/www.cong-pratt.com\/wp-content\/uploads\/2024\/03\/Giovinezza-Corto-Maltese-1-767x1024.jpeg\" class=\"attachment-large size-large wp-image-27674\" alt=\"\" srcset=\"https:\/\/www.cong-pratt.com\/wp-content\/uploads\/2024\/03\/Giovinezza-Corto-Maltese-1-767x1024.jpeg 767w, https:\/\/www.cong-pratt.com\/wp-content\/uploads\/2024\/03\/Giovinezza-Corto-Maltese-1-225x300.jpeg 225w, https:\/\/www.cong-pratt.com\/wp-content\/uploads\/2024\/03\/Giovinezza-Corto-Maltese-1-768x1025.jpeg 768w, https:\/\/www.cong-pratt.com\/wp-content\/uploads\/2024\/03\/Giovinezza-Corto-Maltese-1-600x801.jpeg 600w, https:\/\/www.cong-pratt.com\/wp-content\/uploads\/2024\/03\/Giovinezza-Corto-Maltese-1.jpeg 809w\" sizes=\"(max-width: 767px) 100vw, 767px\" \/>\t\t\t\t\t\t\t\t\t\t\t<figcaption class=\"widget-image-caption wp-caption-text\"><\/figcaption>\n\t\t\t\t\t\t\t\t\t\t<\/figure>\n\t\t\t\t\t\t\t\t\t<\/div>\n\t\t\t\t<\/div>\n\t\t\t\t<div class=\"elementor-element elementor-element-3c8a7c0 elementor-widget elementor-widget-spacer\" data-id=\"3c8a7c0\" data-element_type=\"widget\" data-widget_type=\"spacer.default\">\n\t\t\t\t<div class=\"elementor-widget-container\">\n\t\t\t\t\t\t\t<div class=\"elementor-spacer\">\n\t\t\t<div class=\"elementor-spacer-inner\"><\/div>\n\t\t<\/div>\n\t\t\t\t\t\t<\/div>\n\t\t\t\t<\/div>\n\t\t\t\t<div class=\"elementor-element elementor-element-4e5dfd0 elementor-widget elementor-widget-text-editor\" data-id=\"4e5dfd0\" data-element_type=\"widget\" data-widget_type=\"text-editor.default\">\n\t\t\t\t<div class=\"elementor-widget-container\">\n\t\t\t\t\t\t\t\t\t<p><strong>The exhibition includes 27 large-scale panels, which constitute a visual and informative journey through the imagery of the creator archetype, tracing the entire career of its author.<\/strong><\/p>\n<p>Curator: Patrizia Zanotti.<\/p>\n<div class=\"textwidget\">\n<p>&nbsp;<\/p>\n<\/div>\n\t\t\t\t\t\t\t\t<\/div>\n\t\t\t\t<\/div>\n\t\t\t\t\t<\/div>\n\t\t<\/div>\n\t\t\t\t<div class=\"elementor-column elementor-col-66 elementor-top-column elementor-element elementor-element-1b71a06\" data-id=\"1b71a06\" data-element_type=\"column\">\n\t\t\t<div class=\"elementor-widget-wrap elementor-element-populated\">\n\t\t\t\t\t\t<div class=\"elementor-element elementor-element-1d0013b elementor-widget elementor-widget-text-editor\" data-id=\"1d0013b\" data-element_type=\"widget\" data-widget_type=\"text-editor.default\">\n\t\t\t\t<div class=\"elementor-widget-container\">\n\t\t\t\t\t\t\t\t\t<p><strong>First stage in 2025 of the journey of exhibitions dedicated to Hugo Pratt promoted by Embassies and Italian Cultural Institutes around the world with the project <a href=\"https:\/\/www.cong-pratt.com\/en\/hugo-pratts-drawn-literature-at-the-italian-foreign-ministry\/\" target=\"_blank\" rel=\"noopener\">\u201cHugo Pratt. The Legacy, the Artwork, the Biography\u201d<\/a>\u00a0<\/strong><\/p>\n<p>A<\/p>\n<p>After visiting Canada, Greece, Norway, Albania and Croatia, the exhibition returns to Lyon, a few months after the success of the first exhibition at the Mus\u00e9ee des Tissus, once again thanks to the commitment of the Italian Cultural Institute of Lyon, the Auvergne-Rh\u00f4ne-Alpes Region and Cong SA.<\/p>\n<p>This time, the beautiful venue of the Universit\u00e9 Catholique de Lyon, on the banks of the Rh\u00f4ne River and a stone&#8217;s throw from the Mus\u00e9e des Confluences, which a few years ago hosted the incredible exhibition \u2018Hugo Pratt, Lignes d&#8217;Horizons\u2019, is hosting the bilingual exhibition that tells the story of Corto&#8217;s travels and stories around the world. Once again, following in Corto Maltese&#8217;s footsteps along the routes across the continents will be an opportunity to present Hugo Pratt&#8217;s drawn literature, and the principles and inspiration behind it.<\/p>\n\t\t\t\t\t\t\t\t<\/div>\n\t\t\t\t<\/div>\n\t\t\t\t<div class=\"elementor-element elementor-element-f196995 elementor-blockquote--skin-border elementor-widget elementor-widget-blockquote\" data-id=\"f196995\" data-element_type=\"widget\" data-widget_type=\"blockquote.default\">\n\t\t\t\t<div class=\"elementor-widget-container\">\n\t\t\t\t\t\t\t<blockquote class=\"elementor-blockquote\">\n\t\t\t<p class=\"elementor-blockquote__content\">\n\t\t\t\t\u201cMy personal infatuation with Hugo Pratt's characters, drawings and stories, born from our common Venetian origins, was fuelled by reading his books, fuelled by reading about magical and remote places, was recently able to conclude in Lyon thanks to the exhibition project promoted by Cong S.A. and the Italian Ministry of Foreign Affairs and International Cooperation, which the Italian Cultural Institute of Lyon supported and promoted\u2019.\u201d\r\n\t\t\t<\/p>\n\t\t\t\t\t\t\t<div class=\"e-q-footer\">\n\t\t\t\t\t\t\t\t\t\t\t<cite class=\"elementor-blockquote__author\">Anna Pastore, Direttrice dell'Istituto Italiano di Cultura a Lione<\/cite>\n\t\t\t\t\t\t\t\t\t\t\t\t\t\t<\/div>\n\t\t\t\t\t<\/blockquote>\n\t\t\t\t\t\t<\/div>\n\t\t\t\t<\/div>\n\t\t\t\t\t<\/div>\n\t\t<\/div>\n\t\t\t\t\t<\/div>\n\t\t<\/section>\n\t\t\t\t<section class=\"elementor-section elementor-top-section elementor-element elementor-element-27415ec elementor-section-boxed elementor-section-height-default elementor-section-height-default\" data-id=\"27415ec\" data-element_type=\"section\">\n\t\t\t\t\t\t<div class=\"elementor-container elementor-column-gap-default\">\n\t\t\t\t\t<div class=\"elementor-column elementor-col-33 elementor-top-column elementor-element elementor-element-e529d28\" data-id=\"e529d28\" data-element_type=\"column\">\n\t\t\t<div class=\"elementor-widget-wrap elementor-element-populated\">\n\t\t\t\t\t\t<div class=\"elementor-element elementor-element-8bb1c65 elementor-widget elementor-widget-spacer\" data-id=\"8bb1c65\" data-element_type=\"widget\" data-widget_type=\"spacer.default\">\n\t\t\t\t<div class=\"elementor-widget-container\">\n\t\t\t\t\t\t\t<div class=\"elementor-spacer\">\n\t\t\t<div class=\"elementor-spacer-inner\"><\/div>\n\t\t<\/div>\n\t\t\t\t\t\t<\/div>\n\t\t\t\t<\/div>\n\t\t\t\t<div class=\"elementor-element elementor-element-956eb26 elementor-widget elementor-widget-text-editor\" data-id=\"956eb26\" data-element_type=\"widget\" data-widget_type=\"text-editor.default\">\n\t\t\t\t<div class=\"elementor-widget-container\">\n\t\t\t\t\t\t\t\t\t<h6>28th January to 21st March<\/h6>\n<h6>Monday to Friday from 9 a.m. to 7 p.m. and 15 February from 9 a.m. to 5 p.m. FREE ADMISSION<\/h6>\n<h6>Universit\u00e9 Catholique de Lyon (Campus Saint Paul) &#8211; 10, place des Archives 69002 Lyon<\/h6>\n\t\t\t\t\t\t\t\t<\/div>\n\t\t\t\t<\/div>\n\t\t\t\t\t<\/div>\n\t\t<\/div>\n\t\t\t\t<div class=\"elementor-column elementor-col-66 elementor-top-column elementor-element elementor-element-ff2ab41\" data-id=\"ff2ab41\" data-element_type=\"column\">\n\t\t\t<div class=\"elementor-widget-wrap elementor-element-populated\">\n\t\t\t\t\t\t<div class=\"elementor-element elementor-element-bdc9460 elementor-widget elementor-widget-spacer\" data-id=\"bdc9460\" data-element_type=\"widget\" data-widget_type=\"spacer.default\">\n\t\t\t\t<div class=\"elementor-widget-container\">\n\t\t\t\t\t\t\t<div class=\"elementor-spacer\">\n\t\t\t<div class=\"elementor-spacer-inner\"><\/div>\n\t\t<\/div>\n\t\t\t\t\t\t<\/div>\n\t\t\t\t<\/div>\n\t\t\t\t<div class=\"elementor-element elementor-element-8d5c154 elementor-widget elementor-widget-image\" data-id=\"8d5c154\" data-element_type=\"widget\" data-widget_type=\"image.default\">\n\t\t\t\t<div class=\"elementor-widget-container\">\n\t\t\t\t\t\t\t\t\t\t\t\t\t\t\t<img decoding=\"async\" width=\"800\" height=\"450\" src=\"https:\/\/www.cong-pratt.com\/wp-content\/uploads\/2025\/01\/Corto_LIone_Affiche-1024x576.jpg\" class=\"attachment-large size-large wp-image-30960\" alt=\"Corto Maltese Lione\" srcset=\"https:\/\/www.cong-pratt.com\/wp-content\/uploads\/2025\/01\/Corto_LIone_Affiche-1024x576.jpg 1024w, https:\/\/www.cong-pratt.com\/wp-content\/uploads\/2025\/01\/Corto_LIone_Affiche-300x169.jpg 300w, https:\/\/www.cong-pratt.com\/wp-content\/uploads\/2025\/01\/Corto_LIone_Affiche-768x432.jpg 768w, https:\/\/www.cong-pratt.com\/wp-content\/uploads\/2025\/01\/Corto_LIone_Affiche-1536x864.jpg 1536w, https:\/\/www.cong-pratt.com\/wp-content\/uploads\/2025\/01\/Corto_LIone_Affiche-600x338.jpg 600w, https:\/\/www.cong-pratt.com\/wp-content\/uploads\/2025\/01\/Corto_LIone_Affiche.jpg 1920w\" sizes=\"(max-width: 800px) 100vw, 800px\" \/>\t\t\t\t\t\t\t\t\t\t\t\t\t\t\t<\/div>\n\t\t\t\t<\/div>\n\t\t\t\t\t<\/div>\n\t\t<\/div>\n\t\t\t\t\t<\/div>\n\t\t<\/section>\n\t\t\t\t<section class=\"elementor-section elementor-top-section elementor-element elementor-element-a9426e4 elementor-section-boxed elementor-section-height-default elementor-section-height-default\" data-id=\"a9426e4\" data-element_type=\"section\">\n\t\t\t\t\t\t<div class=\"elementor-container elementor-column-gap-default\">\n\t\t\t\t\t<div class=\"elementor-column elementor-col-100 elementor-top-column elementor-element elementor-element-a8e0e85\" data-id=\"a8e0e85\" data-element_type=\"column\">\n\t\t\t<div class=\"elementor-widget-wrap elementor-element-populated\">\n\t\t\t\t\t\t<div class=\"elementor-element elementor-element-2996196 elementor-widget-divider--view-line elementor-widget elementor-widget-divider\" data-id=\"2996196\" data-element_type=\"widget\" data-widget_type=\"divider.default\">\n\t\t\t\t<div class=\"elementor-widget-container\">\n\t\t\t\t\t\t\t<div class=\"elementor-divider\">\n\t\t\t<span class=\"elementor-divider-separator\">\n\t\t\t\t\t\t<\/span>\n\t\t<\/div>\n\t\t\t\t\t\t<\/div>\n\t\t\t\t<\/div>\n\t\t\t\t\t<\/div>\n\t\t<\/div>\n\t\t\t\t\t<\/div>\n\t\t<\/section>\n\t\t\t\t<section class=\"elementor-section elementor-top-section elementor-element elementor-element-2f1fa52 elementor-section-boxed elementor-section-height-default elementor-section-height-default\" data-id=\"2f1fa52\" data-element_type=\"section\">\n\t\t\t\t\t\t<div class=\"elementor-container elementor-column-gap-default\">\n\t\t\t\t\t<div class=\"elementor-column elementor-col-100 elementor-top-column elementor-element elementor-element-fcdfdf3\" data-id=\"fcdfdf3\" data-element_type=\"column\">\n\t\t\t<div class=\"elementor-widget-wrap elementor-element-populated\">\n\t\t\t\t\t\t<div class=\"elementor-element elementor-element-a162487 elementor-widget elementor-widget-text-editor\" data-id=\"a162487\" data-element_type=\"widget\" data-widget_type=\"text-editor.default\">\n\t\t\t\t<div class=\"elementor-widget-container\">\n\t\t\t\t\t\t\t\t\t<p>For those who want to discover or relive Corto Maltese and immerse themselves in the adventure, here are some reading suggestions: the new collections published by Casterman in 2024<\/p>\n\t\t\t\t\t\t\t\t<\/div>\n\t\t\t\t<\/div>\n\t\t\t\t\t<\/div>\n\t\t<\/div>\n\t\t\t\t\t<\/div>\n\t\t<\/section>\n\t\t\t\t<section class=\"elementor-section elementor-top-section elementor-element elementor-element-4e6f191 elementor-section-boxed elementor-section-height-default elementor-section-height-default\" data-id=\"4e6f191\" data-element_type=\"section\">\n\t\t\t\t\t\t<div class=\"elementor-container elementor-column-gap-default\">\n\t\t\t\t\t<div class=\"elementor-column elementor-col-33 elementor-top-column elementor-element elementor-element-bba893e\" data-id=\"bba893e\" data-element_type=\"column\">\n\t\t\t<div class=\"elementor-widget-wrap elementor-element-populated\">\n\t\t\t\t\t\t<div class=\"elementor-element elementor-element-3838d3b elementor-widget elementor-widget-image\" data-id=\"3838d3b\" data-element_type=\"widget\" data-widget_type=\"image.default\">\n\t\t\t\t<div class=\"elementor-widget-container\">\n\t\t\t\t\t\t\t\t\t\t\t\t\t\t\t\t<a href=\"https:\/\/www.cong-pratt.com\/fr\/libro\/suite-caraibeenne\/\" target=\"_blank\">\n\t\t\t\t\t\t\t<img decoding=\"async\" width=\"558\" height=\"766\" src=\"https:\/\/www.cong-pratt.com\/wp-content\/uploads\/2024\/04\/bookSuite-caraibeenne.png\" class=\"attachment-large size-large wp-image-27972\" alt=\"Suite cara\u00efb\u00e9enne\" srcset=\"https:\/\/www.cong-pratt.com\/wp-content\/uploads\/2024\/04\/bookSuite-caraibeenne.png 558w, https:\/\/www.cong-pratt.com\/wp-content\/uploads\/2024\/04\/bookSuite-caraibeenne-219x300.png 219w\" sizes=\"(max-width: 558px) 100vw, 558px\" \/>\t\t\t\t\t\t\t\t<\/a>\n\t\t\t\t\t\t\t\t\t\t\t\t\t\t\t<\/div>\n\t\t\t\t<\/div>\n\t\t\t\t\t<\/div>\n\t\t<\/div>\n\t\t\t\t<div class=\"elementor-column elementor-col-33 elementor-top-column elementor-element elementor-element-4389b78\" data-id=\"4389b78\" data-element_type=\"column\">\n\t\t\t<div class=\"elementor-widget-wrap elementor-element-populated\">\n\t\t\t\t\t\t<div class=\"elementor-element elementor-element-e5a5166 elementor-widget elementor-widget-image\" data-id=\"e5a5166\" data-element_type=\"widget\" data-widget_type=\"image.default\">\n\t\t\t\t<div class=\"elementor-widget-container\">\n\t\t\t\t\t\t\t\t\t\t\t\t\t\t\t\t<a href=\"https:\/\/www.cong-pratt.com\/fr\/libro\/la-cour-secrete-des-arcanes\/\" target=\"_blank\">\n\t\t\t\t\t\t\t<img loading=\"lazy\" decoding=\"async\" width=\"558\" height=\"766\" src=\"https:\/\/www.cong-pratt.com\/wp-content\/uploads\/2024\/04\/bookLa-Cour-secrete-des-arcanes.png\" class=\"attachment-large size-large wp-image-27941\" alt=\"Cour secr\u00e8te des arcanes\" srcset=\"https:\/\/www.cong-pratt.com\/wp-content\/uploads\/2024\/04\/bookLa-Cour-secrete-des-arcanes.png 558w, https:\/\/www.cong-pratt.com\/wp-content\/uploads\/2024\/04\/bookLa-Cour-secrete-des-arcanes-219x300.png 219w\" sizes=\"(max-width: 558px) 100vw, 558px\" \/>\t\t\t\t\t\t\t\t<\/a>\n\t\t\t\t\t\t\t\t\t\t\t\t\t\t\t<\/div>\n\t\t\t\t<\/div>\n\t\t\t\t\t<\/div>\n\t\t<\/div>\n\t\t\t\t<div class=\"elementor-column elementor-col-33 elementor-top-column elementor-element elementor-element-acc95ce\" data-id=\"acc95ce\" data-element_type=\"column\">\n\t\t\t<div class=\"elementor-widget-wrap elementor-element-populated\">\n\t\t\t\t\t\t<div class=\"elementor-element elementor-element-c87841b elementor-widget elementor-widget-image\" data-id=\"c87841b\" data-element_type=\"widget\" data-widget_type=\"image.default\">\n\t\t\t\t<div class=\"elementor-widget-container\">\n\t\t\t\t\t\t\t\t\t\t\t\t\t\t\t\t<a href=\"https:\/\/www.cong-pratt.com\/fr\/libro\/dune-rive-lautre\/\" target=\"_blank\">\n\t\t\t\t\t\t\t<img loading=\"lazy\" decoding=\"async\" width=\"558\" height=\"766\" src=\"https:\/\/www.cong-pratt.com\/wp-content\/uploads\/2024\/04\/bookdune-rive-lautre.png\" class=\"attachment-large size-large wp-image-27905\" alt=\"D\u2019une rive l\u2019autre\" srcset=\"https:\/\/www.cong-pratt.com\/wp-content\/uploads\/2024\/04\/bookdune-rive-lautre.png 558w, https:\/\/www.cong-pratt.com\/wp-content\/uploads\/2024\/04\/bookdune-rive-lautre-219x300.png 219w\" sizes=\"(max-width: 558px) 100vw, 558px\" \/>\t\t\t\t\t\t\t\t<\/a>\n\t\t\t\t\t\t\t\t\t\t\t\t\t\t\t<\/div>\n\t\t\t\t<\/div>\n\t\t\t\t\t<\/div>\n\t\t<\/div>\n\t\t\t\t\t<\/div>\n\t\t<\/section>\n\t\t\t\t<\/div>\n\t\t","protected":false},"excerpt":{"rendered":"<p>\u2018Corto Maltese par Hugo Pratt\u2019, from 28th January 2025 until 21st March 2025 &#8211; Universit\u00e9 Catholique de Lyon Corto at the University, together with the students of the Saint Paul Campus of the University of Lyon, to tell the story of adventure, cultural pluralism and inclusion to the new generations. The exhibition includes 27 large-scale [&hellip;]<\/p>\n","protected":false},"author":2,"featured_media":30960,"comment_status":"closed","ping_status":"open","sticky":false,"template":"elementor_theme","format":"standard","meta":{"footnotes":""},"categories":[466],"tags":[895,856,920],"class_list":["post-30955","post","type-post","status-publish","format-standard","has-post-thumbnail","hentry","category-news-en-2","tag-exhibition","tag-hugo-pratt-en","tag-italian-foreign-ministry"],"_links":{"self":[{"href":"https:\/\/www.cong-pratt.com\/en\/wp-json\/wp\/v2\/posts\/30955","targetHints":{"allow":["GET"]}}],"collection":[{"href":"https:\/\/www.cong-pratt.com\/en\/wp-json\/wp\/v2\/posts"}],"about":[{"href":"https:\/\/www.cong-pratt.com\/en\/wp-json\/wp\/v2\/types\/post"}],"author":[{"embeddable":true,"href":"https:\/\/www.cong-pratt.com\/en\/wp-json\/wp\/v2\/users\/2"}],"replies":[{"embeddable":true,"href":"https:\/\/www.cong-pratt.com\/en\/wp-json\/wp\/v2\/comments?post=30955"}],"version-history":[{"count":4,"href":"https:\/\/www.cong-pratt.com\/en\/wp-json\/wp\/v2\/posts\/30955\/revisions"}],"predecessor-version":[{"id":31038,"href":"https:\/\/www.cong-pratt.com\/en\/wp-json\/wp\/v2\/posts\/30955\/revisions\/31038"}],"wp:featuredmedia":[{"embeddable":true,"href":"https:\/\/www.cong-pratt.com\/en\/wp-json\/wp\/v2\/media\/30960"}],"wp:attachment":[{"href":"https:\/\/www.cong-pratt.com\/en\/wp-json\/wp\/v2\/media?parent=30955"}],"wp:term":[{"taxonomy":"category","embeddable":true,"href":"https:\/\/www.cong-pratt.com\/en\/wp-json\/wp\/v2\/categories?post=30955"},{"taxonomy":"post_tag","embeddable":true,"href":"https:\/\/www.cong-pratt.com\/en\/wp-json\/wp\/v2\/tags?post=30955"}],"curies":[{"name":"wp","href":"https:\/\/api.w.org\/{rel}","templated":true}]}}