{"id":31152,"date":"2025-01-30T10:38:18","date_gmt":"2025-01-30T09:38:18","guid":{"rendered":"https:\/\/www.cong-pratt.com\/?p=31152"},"modified":"2025-01-30T10:38:18","modified_gmt":"2025-01-30T09:38:18","slug":"corto-maltese-and-hugo-pratt-at-the-saline-royale","status":"publish","type":"post","link":"https:\/\/www.cong-pratt.com\/en\/corto-maltese-and-hugo-pratt-at-the-saline-royale\/","title":{"rendered":"Corto Maltese and Hugo Pratt: a tribute exhibition at the Saline Royale in Burgundy (27 April &#8211; 9 November 2025)"},"content":{"rendered":"\t\t<div data-elementor-type=\"wp-post\" data-elementor-id=\"31152\" class=\"elementor elementor-31152 elementor-31150\" data-elementor-post-type=\"post\">\n\t\t\t\t\t\t<section class=\"elementor-section elementor-top-section elementor-element elementor-element-7e970d37 elementor-section-boxed elementor-section-height-default elementor-section-height-default\" data-id=\"7e970d37\" data-element_type=\"section\">\n\t\t\t\t\t\t<div class=\"elementor-container elementor-column-gap-default\">\n\t\t\t\t\t<div class=\"elementor-column elementor-col-100 elementor-top-column elementor-element elementor-element-4a7f11fc\" data-id=\"4a7f11fc\" data-element_type=\"column\">\n\t\t\t<div class=\"elementor-widget-wrap elementor-element-populated\">\n\t\t\t\t\t\t<div class=\"elementor-element elementor-element-50f99475 elementor-widget elementor-widget-text-editor\" data-id=\"50f99475\" data-element_type=\"widget\" data-widget_type=\"text-editor.default\">\n\t\t\t\t<div class=\"elementor-widget-container\">\n\t\t\t\t\t\t\t\t\t<h1>At the Saline Royale in Bourgogne, Hugo Pratt&#8217;s art meets the history of a place symbolising trade and travel: from 27 April to 9 November 2025, the exhibition \u2018Corto Maltese, un monde en aventures\u2019.<\/h1>\n\t\t\t\t\t\t\t\t<\/div>\n\t\t\t\t<\/div>\n\t\t\t\t<div class=\"elementor-element elementor-element-ada8ce2 elementor-widget elementor-widget-text-editor\" data-id=\"ada8ce2\" data-element_type=\"widget\" data-widget_type=\"text-editor.default\">\n\t\t\t\t<div class=\"elementor-widget-container\">\n\t\t\t\t\t\t\t\t\t<h3>Three exhibition rooms explore Hugo Pratt&#8217;s creative universe, and among the original plates, watercolours and reproductions on display, the adventures of Corto Maltese are ideally intertwined with the history of the Saline, a crossroads where the routes of the sea meet those of the land.<\/h3>\n\t\t\t\t\t\t\t\t<\/div>\n\t\t\t\t<\/div>\n\t\t\t\t<div class=\"elementor-element elementor-element-01d9522 elementor-widget-divider--view-line elementor-widget elementor-widget-divider\" data-id=\"01d9522\" data-element_type=\"widget\" data-widget_type=\"divider.default\">\n\t\t\t\t<div class=\"elementor-widget-container\">\n\t\t\t\t\t\t\t<div class=\"elementor-divider\">\n\t\t\t<span class=\"elementor-divider-separator\">\n\t\t\t\t\t\t<\/span>\n\t\t<\/div>\n\t\t\t\t\t\t<\/div>\n\t\t\t\t<\/div>\n\t\t\t\t<div class=\"elementor-element elementor-element-550e719 elementor-widget elementor-widget-spacer\" data-id=\"550e719\" data-element_type=\"widget\" data-widget_type=\"spacer.default\">\n\t\t\t\t<div class=\"elementor-widget-container\">\n\t\t\t\t\t\t\t<div class=\"elementor-spacer\">\n\t\t\t<div class=\"elementor-spacer-inner\"><\/div>\n\t\t<\/div>\n\t\t\t\t\t\t<\/div>\n\t\t\t\t<\/div>\n\t\t\t\t\t<\/div>\n\t\t<\/div>\n\t\t\t\t\t<\/div>\n\t\t<\/section>\n\t\t\t\t<section class=\"elementor-section elementor-top-section elementor-element elementor-element-a3cd859 elementor-section-boxed elementor-section-height-default elementor-section-height-default\" data-id=\"a3cd859\" data-element_type=\"section\">\n\t\t\t\t\t\t<div class=\"elementor-container elementor-column-gap-default\">\n\t\t\t\t\t<div class=\"elementor-column elementor-col-33 elementor-top-column elementor-element elementor-element-b8c8236\" data-id=\"b8c8236\" data-element_type=\"column\">\n\t\t\t<div class=\"elementor-widget-wrap elementor-element-populated\">\n\t\t\t\t\t\t<div class=\"elementor-element elementor-element-6428eab elementor-widget elementor-widget-image\" data-id=\"6428eab\" data-element_type=\"widget\" data-widget_type=\"image.default\">\n\t\t\t\t<div class=\"elementor-widget-container\">\n\t\t\t\t\t\t\t\t\t\t\t\t\t\t\t\t<a href=\"http:\/\/..\" target=\"_blank\">\n\t\t\t\t\t\t\t<img fetchpriority=\"high\" decoding=\"async\" width=\"595\" height=\"841\" src=\"https:\/\/www.cong-pratt.com\/wp-content\/uploads\/2025\/01\/Affiche-Exposition-Corto-Maltese-2.jpg\" class=\"attachment-large size-large wp-image-31117\" alt=\"Corto Maltese Saline\" srcset=\"https:\/\/www.cong-pratt.com\/wp-content\/uploads\/2025\/01\/Affiche-Exposition-Corto-Maltese-2.jpg 595w, https:\/\/www.cong-pratt.com\/wp-content\/uploads\/2025\/01\/Affiche-Exposition-Corto-Maltese-2-212x300.jpg 212w\" sizes=\"(max-width: 595px) 100vw, 595px\" \/>\t\t\t\t\t\t\t\t<\/a>\n\t\t\t\t\t\t\t\t\t\t\t\t\t\t\t<\/div>\n\t\t\t\t<\/div>\n\t\t\t\t<div class=\"elementor-element elementor-element-254095e elementor-widget elementor-widget-text-editor\" data-id=\"254095e\" data-element_type=\"widget\" data-widget_type=\"text-editor.default\">\n\t\t\t\t<div class=\"elementor-widget-container\">\n\t\t\t\t\t\t\t\t\t<div class=\"page\" title=\"Page 7\">\n<div class=\"section\">\n<div class=\"layoutArea\">\n<div class=\"column\">\n<h6><strong>EPCC Saline Royale<\/strong><br \/>\n<strong>Grande rue, 25610 Arc et Senans<\/strong><\/h6>\n<h6><strong>NEARBY TOWNS<\/strong>: Besan\u00e7on (35km), Dole (30km)<\/h6>\n<h6>TICKETS (the exhibition ticket includes a visit to the Saline Royale)<br \/>\n&#8211; 1 April to 31 October: adults \u20ac15,00<br \/>\n&#8211; 1 November to 9 November: adulti \u20ac13.00<\/h6>\n<h6><strong>November to March :<\/strong>\u00a010am \u2013 5pm<\/h6>\n<h6><strong>April, May, June, September and October :<\/strong>\u00a09am \u2013 6pm<\/h6>\n<h6><span style=\"color: #800000;\"><span style=\"caret-color: #800000;\"><strong>July and August :<\/strong>\u00a09am \u2013 7pm<\/span><\/span><\/h6>\n<p>&nbsp;<\/p>\n<div><\/div>\n<\/div>\n<\/div>\n<\/div>\n<\/div>\n\t\t\t\t\t\t\t\t<\/div>\n\t\t\t\t<\/div>\n\t\t\t\t\t<\/div>\n\t\t<\/div>\n\t\t\t\t<div class=\"elementor-column elementor-col-66 elementor-top-column elementor-element elementor-element-1b71a06\" data-id=\"1b71a06\" data-element_type=\"column\">\n\t\t\t<div class=\"elementor-widget-wrap elementor-element-populated\">\n\t\t\t\t\t\t<div class=\"elementor-element elementor-element-18c2d1c elementor-widget elementor-widget-heading\" data-id=\"18c2d1c\" data-element_type=\"widget\" data-widget_type=\"heading.default\">\n\t\t\t\t<div class=\"elementor-widget-container\">\n\t\t\t\t\t<h2 class=\"elementor-heading-title elementor-size-default\">CORTO MALTESE AT THE SALINE ROYALE<\/h2>\t\t\t\t<\/div>\n\t\t\t\t<\/div>\n\t\t\t\t<div class=\"elementor-element elementor-element-30c0de4 elementor-widget elementor-widget-spacer\" data-id=\"30c0de4\" data-element_type=\"widget\" data-widget_type=\"spacer.default\">\n\t\t\t\t<div class=\"elementor-widget-container\">\n\t\t\t\t\t\t\t<div class=\"elementor-spacer\">\n\t\t\t<div class=\"elementor-spacer-inner\"><\/div>\n\t\t<\/div>\n\t\t\t\t\t\t<\/div>\n\t\t\t\t<\/div>\n\t\t\t\t<div class=\"elementor-element elementor-element-1d0013b elementor-widget elementor-widget-text-editor\" data-id=\"1d0013b\" data-element_type=\"widget\" data-widget_type=\"text-editor.default\">\n\t\t\t\t<div class=\"elementor-widget-container\">\n\t\t\t\t\t\t\t\t\t<p>In 1771, commissioned by Louis XV, Claude Nicolas Ledoux designed the <a href=\"https:\/\/www.salineroyale.com\/\" target=\"_blank\" rel=\"noopener\"><strong>Saline Royale<\/strong><\/a>, now a UNESCO World Heritage Site, to organise the production of white gold, a vital resource and symbol of trade and wealth (ironically, it was precisely the tax on salt that was to be one of the fuses of the French Revolution, which was to break out shortly afterwards).<\/p>\n<p>Conceived as an ideal industrial community, where function and form complement each other, this place now welcomes another form of travel: that imagined by Hugo Pratt. The rational geometry of the Saline contrasts with the unpredictability of the routes of Corto Maltese, who crosses seas and continents without ever following a set path.<\/p>\n\t\t\t\t\t\t\t\t<\/div>\n\t\t\t\t<\/div>\n\t\t\t\t<div class=\"elementor-element elementor-element-044c843 elementor-widget elementor-widget-spacer\" data-id=\"044c843\" data-element_type=\"widget\" data-widget_type=\"spacer.default\">\n\t\t\t\t<div class=\"elementor-widget-container\">\n\t\t\t\t\t\t\t<div class=\"elementor-spacer\">\n\t\t\t<div class=\"elementor-spacer-inner\"><\/div>\n\t\t<\/div>\n\t\t\t\t\t\t<\/div>\n\t\t\t\t<\/div>\n\t\t\t\t<div class=\"elementor-element elementor-element-523c67c elementor-widget elementor-widget-spacer\" data-id=\"523c67c\" data-element_type=\"widget\" data-widget_type=\"spacer.default\">\n\t\t\t\t<div class=\"elementor-widget-container\">\n\t\t\t\t\t\t\t<div class=\"elementor-spacer\">\n\t\t\t<div class=\"elementor-spacer-inner\"><\/div>\n\t\t<\/div>\n\t\t\t\t\t\t<\/div>\n\t\t\t\t<\/div>\n\t\t\t\t<div class=\"elementor-element elementor-element-0284684 elementor-widget elementor-widget-text-editor\" data-id=\"0284684\" data-element_type=\"widget\" data-widget_type=\"text-editor.default\">\n\t\t\t\t<div class=\"elementor-widget-container\">\n\t\t\t\t\t\t\t\t\t<p>THE EXHIBITION ROUTE<\/p>\n<p>The \u2018Corto Maltese, un monde en aventures\u2019 exhibition at the Saline Royal invites visitors to discover the world of Corto Maltese through a thematic itinerary in three exhibition rooms: the first is dedicated to Hugo Pratt&#8217;s <strong>biography<\/strong> and the genesis of the most famous pirate in the world of comics; the second celebrates the role of <strong>women<\/strong> in Corto&#8217;s adventures; the third leads to <strong>imaginary horizons<\/strong>, after a passage through the depths of Mu. And to conclude the view, Thierry Thomas&#8217; biographical film \u201cTrait pour trait\u201d, inspired by the book that won the 2020 Goncourt Prize for biography.<\/p>\n<p>The exhibition benefits from loans from the ethnological collections of the Mus\u00e9e des Confluences, as well as original plates, watercolours and drawings lent by private collectors.<\/p>\n<p>Curators:<br \/>\nPatrizia Zanotti, CONG SA<br \/>\nMichel Pierre<br \/>\nIsabelle Sall\u00e9, Saline royale<\/p>\n\t\t\t\t\t\t\t\t<\/div>\n\t\t\t\t<\/div>\n\t\t\t\t<div class=\"elementor-element elementor-element-84debe9 elementor-widget elementor-widget-text-editor\" data-id=\"84debe9\" data-element_type=\"widget\" data-widget_type=\"text-editor.default\">\n\t\t\t\t<div class=\"elementor-widget-container\">\n\t\t\t\t\t\t\t\t\t<p>A magnificent place then, for another reality and dream journey of drawn literature. On the other hand, it all started with a story entitled \u2018A Ballad of the Salty Sea\u2019.<\/p>\n\t\t\t\t\t\t\t\t<\/div>\n\t\t\t\t<\/div>\n\t\t\t\t<div class=\"elementor-element elementor-element-b7e42d8 elementor-widget elementor-widget-spacer\" data-id=\"b7e42d8\" data-element_type=\"widget\" data-widget_type=\"spacer.default\">\n\t\t\t\t<div class=\"elementor-widget-container\">\n\t\t\t\t\t\t\t<div class=\"elementor-spacer\">\n\t\t\t<div class=\"elementor-spacer-inner\"><\/div>\n\t\t<\/div>\n\t\t\t\t\t\t<\/div>\n\t\t\t\t<\/div>\n\t\t\t\t<section class=\"elementor-section elementor-inner-section elementor-element elementor-element-011d1d9 elementor-section-boxed elementor-section-height-default elementor-section-height-default\" data-id=\"011d1d9\" data-element_type=\"section\">\n\t\t\t\t\t\t<div class=\"elementor-container elementor-column-gap-default\">\n\t\t\t\t\t<div class=\"elementor-column elementor-col-50 elementor-inner-column elementor-element elementor-element-ec4db99\" data-id=\"ec4db99\" data-element_type=\"column\">\n\t\t\t<div class=\"elementor-widget-wrap elementor-element-populated\">\n\t\t\t\t\t\t<div class=\"elementor-element elementor-element-186bbf1 elementor-widget elementor-widget-text-editor\" data-id=\"186bbf1\" data-element_type=\"widget\" data-widget_type=\"text-editor.default\">\n\t\t\t\t<div class=\"elementor-widget-container\">\n\t\t\t\t\t\t\t\t\t<div class=\"page\" title=\"Page 3\">\n<div class=\"layoutArea\">\n<div class=\"column\">\n<p><strong>Hubert Tassy<\/strong>, <em>Directeur ge\u0301ne\u0301ral Saline Royale\u00a0<\/em><\/p>\n<\/div>\n<\/div>\n<\/div>\n\t\t\t\t\t\t\t\t<\/div>\n\t\t\t\t<\/div>\n\t\t\t\t\t<\/div>\n\t\t<\/div>\n\t\t\t\t<div class=\"elementor-column elementor-col-50 elementor-inner-column elementor-element elementor-element-bb64d1d\" data-id=\"bb64d1d\" data-element_type=\"column\">\n\t\t\t<div class=\"elementor-widget-wrap elementor-element-populated\">\n\t\t\t\t\t\t<div class=\"elementor-element elementor-element-28ff6a3 elementor-widget elementor-widget-heading\" data-id=\"28ff6a3\" data-element_type=\"widget\" data-widget_type=\"heading.default\">\n\t\t\t\t<div class=\"elementor-widget-container\">\n\t\t\t\t\t<h3 class=\"elementor-heading-title elementor-size-default\">En 2025, c\u2019est un monde d\u2019aventures, celles de Corto Maltese, le h\u00e9ros \u00e0 la ligne de chance trac\u00e9e d\u2019un coup de rasoir, celui qui va de l\u2019\u00eele du Moine au continent M\u016b, des d\u00e9serts glac\u00e9s de Sib\u00e9rie aux p\u00e2turages helv\u00e9tiques, accompagn\u00e9 du rythme lancinant des derviches tourneurs, ou du chant myst\u00e9rieux d\u2019une harpe celtique, de la v\u00e9n\u00e9neuse Venexiana \u00e0 la douce Pandora qui presque le tua. Chaque fois que l\u2019on ouvre un album de Corto le temps se dilate et le vol silencieux des mouettes dans le ciel du pacifique, sous le regard de Corto, a un go\u00fbt d\u2019\u00e9ternit\u00e9.<\/h3>\t\t\t\t<\/div>\n\t\t\t\t<\/div>\n\t\t\t\t\t<\/div>\n\t\t<\/div>\n\t\t\t\t\t<\/div>\n\t\t<\/section>\n\t\t\t\t\t<\/div>\n\t\t<\/div>\n\t\t\t\t\t<\/div>\n\t\t<\/section>\n\t\t\t\t<section class=\"elementor-section elementor-top-section elementor-element elementor-element-d2b3834 elementor-section-boxed elementor-section-height-default elementor-section-height-default\" data-id=\"d2b3834\" data-element_type=\"section\">\n\t\t\t\t\t\t<div class=\"elementor-container elementor-column-gap-default\">\n\t\t\t\t\t<div class=\"elementor-column elementor-col-25 elementor-top-column elementor-element elementor-element-f01393e\" data-id=\"f01393e\" data-element_type=\"column\">\n\t\t\t<div class=\"elementor-widget-wrap elementor-element-populated\">\n\t\t\t\t\t\t\t<\/div>\n\t\t<\/div>\n\t\t\t\t<div class=\"elementor-column elementor-col-25 elementor-top-column elementor-element elementor-element-9cf0d8e\" data-id=\"9cf0d8e\" data-element_type=\"column\">\n\t\t\t<div class=\"elementor-widget-wrap elementor-element-populated\">\n\t\t\t\t\t\t<div class=\"elementor-element elementor-element-a41f39d elementor-widget elementor-widget-text-editor\" data-id=\"a41f39d\" data-element_type=\"widget\" data-widget_type=\"text-editor.default\">\n\t\t\t\t<div class=\"elementor-widget-container\">\n\t\t\t\t\t\t\t\t\t<h2>Saline Royale is also Les Nuits de la Saline: in July and August the exhibition becomes immersive<\/h2>\n<h1><\/h1>\n\t\t\t\t\t\t\t\t<\/div>\n\t\t\t\t<\/div>\n\t\t\t\t\t<\/div>\n\t\t<\/div>\n\t\t\t\t<div class=\"elementor-column elementor-col-50 elementor-top-column elementor-element elementor-element-1d67d3c\" data-id=\"1d67d3c\" data-element_type=\"column\">\n\t\t\t<div class=\"elementor-widget-wrap elementor-element-populated\">\n\t\t\t\t\t\t<div class=\"elementor-element elementor-element-c9b3a50 elementor-widget elementor-widget-image\" data-id=\"c9b3a50\" data-element_type=\"widget\" data-widget_type=\"image.default\">\n\t\t\t\t<div class=\"elementor-widget-container\">\n\t\t\t\t\t\t\t\t\t\t\t\t\t\t\t<img decoding=\"async\" width=\"800\" height=\"486\" src=\"https:\/\/www.cong-pratt.com\/wp-content\/uploads\/2025\/01\/Le-Centre-de-Lumiere2-1024x622.jpg\" class=\"attachment-large size-large wp-image-31217\" alt=\"Corto Maltese Saline\" srcset=\"https:\/\/www.cong-pratt.com\/wp-content\/uploads\/2025\/01\/Le-Centre-de-Lumiere2-1024x622.jpg 1024w, https:\/\/www.cong-pratt.com\/wp-content\/uploads\/2025\/01\/Le-Centre-de-Lumiere2-300x182.jpg 300w, https:\/\/www.cong-pratt.com\/wp-content\/uploads\/2025\/01\/Le-Centre-de-Lumiere2-768x467.jpg 768w, https:\/\/www.cong-pratt.com\/wp-content\/uploads\/2025\/01\/Le-Centre-de-Lumiere2-600x365.jpg 600w, https:\/\/www.cong-pratt.com\/wp-content\/uploads\/2025\/01\/Le-Centre-de-Lumiere2.jpg 1392w\" sizes=\"(max-width: 800px) 100vw, 800px\" \/>\t\t\t\t\t\t\t\t\t\t\t\t\t\t\t<\/div>\n\t\t\t\t<\/div>\n\t\t\t\t\t<\/div>\n\t\t<\/div>\n\t\t\t\t\t<\/div>\n\t\t<\/section>\n\t\t\t\t<section class=\"elementor-section elementor-top-section elementor-element elementor-element-d86f7e8 elementor-section-boxed elementor-section-height-default elementor-section-height-default\" data-id=\"d86f7e8\" data-element_type=\"section\">\n\t\t\t\t\t\t<div class=\"elementor-container elementor-column-gap-default\">\n\t\t\t\t\t<div class=\"elementor-column elementor-col-100 elementor-top-column elementor-element elementor-element-8f72693\" data-id=\"8f72693\" data-element_type=\"column\">\n\t\t\t<div class=\"elementor-widget-wrap elementor-element-populated\">\n\t\t\t\t\t\t<div class=\"elementor-element elementor-element-7f4748f elementor-widget-divider--view-line elementor-widget elementor-widget-divider\" data-id=\"7f4748f\" data-element_type=\"widget\" data-widget_type=\"divider.default\">\n\t\t\t\t<div class=\"elementor-widget-container\">\n\t\t\t\t\t\t\t<div class=\"elementor-divider\">\n\t\t\t<span class=\"elementor-divider-separator\">\n\t\t\t\t\t\t<\/span>\n\t\t<\/div>\n\t\t\t\t\t\t<\/div>\n\t\t\t\t<\/div>\n\t\t\t\t<div class=\"elementor-element elementor-element-47e727b elementor-widget elementor-widget-text-editor\" data-id=\"47e727b\" data-element_type=\"widget\" data-widget_type=\"text-editor.default\">\n\t\t\t\t<div class=\"elementor-widget-container\">\n\t\t\t\t\t\t\t\t\t<h4>Some of the artworks on display at the Saline Royal for the exhibition dedicated to Corto Maltese &#8216;Un monde ed aventures&#8217;<\/h4>\n\t\t\t\t\t\t\t\t<\/div>\n\t\t\t\t<\/div>\n\t\t\t\t<div class=\"elementor-element elementor-element-da311b9 elementor-widget elementor-widget-gallery\" data-id=\"da311b9\" data-element_type=\"widget\" data-settings=\"{&quot;gallery_layout&quot;:&quot;masonry&quot;,&quot;overlay_title&quot;:&quot;caption&quot;,&quot;overlay_description&quot;:&quot;description&quot;,&quot;columns&quot;:3,&quot;lazyload&quot;:&quot;yes&quot;,&quot;columns_tablet&quot;:2,&quot;columns_mobile&quot;:1,&quot;gap&quot;:{&quot;unit&quot;:&quot;px&quot;,&quot;size&quot;:10,&quot;sizes&quot;:[]},&quot;gap_tablet&quot;:{&quot;unit&quot;:&quot;px&quot;,&quot;size&quot;:10,&quot;sizes&quot;:[]},&quot;gap_mobile&quot;:{&quot;unit&quot;:&quot;px&quot;,&quot;size&quot;:10,&quot;sizes&quot;:[]},&quot;link_to&quot;:&quot;file&quot;,&quot;overlay_background&quot;:&quot;yes&quot;,&quot;content_hover_animation&quot;:&quot;fade-in&quot;}\" data-widget_type=\"gallery.default\">\n\t\t\t\t<div class=\"elementor-widget-container\">\n\t\t\t\t\t\t\t<div class=\"elementor-gallery__container\">\n\t\t\t\t\t\t\t<a class=\"e-gallery-item elementor-gallery-item elementor-animated-content\" href=\"https:\/\/www.cong-pratt.com\/wp-content\/uploads\/2024\/03\/Giovinezza-Corto-Maltese-1.jpeg\" data-elementor-open-lightbox=\"yes\" data-elementor-lightbox-slideshow=\"da311b9\" data-elementor-lightbox-title=\"Giovinezza-Corto Maltese\" data-e-action-hash=\"#elementor-action%3Aaction%3Dlightbox%26settings%3DeyJpZCI6Mjc2NzMsInVybCI6Imh0dHBzOlwvXC93d3cuY29uZy1wcmF0dC5jb21cL3dwLWNvbnRlbnRcL3VwbG9hZHNcLzIwMjRcLzAzXC9HaW92aW5lenphLUNvcnRvLU1hbHRlc2UtMS5qcGVnIiwic2xpZGVzaG93IjoiZGEzMTFiOSJ9\">\n\t\t\t\t\t<div class=\"e-gallery-image elementor-gallery-item__image\" data-thumbnail=\"https:\/\/www.cong-pratt.com\/wp-content\/uploads\/2024\/03\/Giovinezza-Corto-Maltese-1-225x300.jpeg\" data-width=\"225\" data-height=\"300\" aria-label=\"\" role=\"img\" ><\/div>\n\t\t\t\t\t\t\t\t\t\t\t<div class=\"elementor-gallery-item__overlay\"><\/div>\n\t\t\t\t\t\t\t\t\t\t\t\t\t\t\t<div class=\"elementor-gallery-item__content\">\n\t\t\t\t\t\t\t\t\t\t\t<\/div>\n\t\t\t\t\t\t\t\t\t<\/a>\n\t\t\t\t\t\t\t<a class=\"e-gallery-item elementor-gallery-item elementor-animated-content\" href=\"https:\/\/www.cong-pratt.com\/wp-content\/uploads\/2025\/01\/13_JeuneCorto_1976-1024x804-1.jpg\" data-elementor-open-lightbox=\"yes\" data-elementor-lightbox-slideshow=\"da311b9\" data-elementor-lightbox-title=\"13_JeuneCorto_1976-1024x804\" data-e-action-hash=\"#elementor-action%3Aaction%3Dlightbox%26settings%3DeyJpZCI6MzExNjYsInVybCI6Imh0dHBzOlwvXC93d3cuY29uZy1wcmF0dC5jb21cL3dwLWNvbnRlbnRcL3VwbG9hZHNcLzIwMjVcLzAxXC8xM19KZXVuZUNvcnRvXzE5NzYtMTAyNHg4MDQtMS5qcGciLCJzbGlkZXNob3ciOiJkYTMxMWI5In0%3D\">\n\t\t\t\t\t<div class=\"e-gallery-image elementor-gallery-item__image\" data-thumbnail=\"https:\/\/www.cong-pratt.com\/wp-content\/uploads\/2025\/01\/13_JeuneCorto_1976-1024x804-1-300x236.jpg\" data-width=\"300\" data-height=\"236\" aria-label=\"Corto Maltese Saline\" role=\"img\" ><\/div>\n\t\t\t\t\t\t\t\t\t\t\t<div class=\"elementor-gallery-item__overlay\"><\/div>\n\t\t\t\t\t\t\t\t\t\t\t\t\t\t\t<div class=\"elementor-gallery-item__content\">\n\t\t\t\t\t\t\t\t\t\t\t<\/div>\n\t\t\t\t\t\t\t\t\t<\/a>\n\t\t\t\t\t\t\t<a class=\"e-gallery-item elementor-gallery-item elementor-animated-content\" href=\"https:\/\/www.cong-pratt.com\/wp-content\/uploads\/2025\/01\/Capture-decran-2025-01-15-a-11.21.32.jpg\" data-elementor-open-lightbox=\"yes\" data-elementor-lightbox-slideshow=\"da311b9\" data-elementor-lightbox-title=\"Capture-decran-2025-01-15-a-11.21.32\" data-e-action-hash=\"#elementor-action%3Aaction%3Dlightbox%26settings%3DeyJpZCI6MzExNzEsInVybCI6Imh0dHBzOlwvXC93d3cuY29uZy1wcmF0dC5jb21cL3dwLWNvbnRlbnRcL3VwbG9hZHNcLzIwMjVcLzAxXC9DYXB0dXJlLWRlY3Jhbi0yMDI1LTAxLTE1LWEtMTEuMjEuMzIuanBnIiwic2xpZGVzaG93IjoiZGEzMTFiOSJ9\">\n\t\t\t\t\t<div class=\"e-gallery-image elementor-gallery-item__image\" data-thumbnail=\"https:\/\/www.cong-pratt.com\/wp-content\/uploads\/2025\/01\/Capture-decran-2025-01-15-a-11.21.32-226x300.jpg\" data-width=\"226\" data-height=\"300\" aria-label=\"Corto Maltese Saline\" role=\"img\" ><\/div>\n\t\t\t\t\t\t\t\t\t\t\t<div class=\"elementor-gallery-item__overlay\"><\/div>\n\t\t\t\t\t\t\t\t\t\t\t\t\t\t\t<div class=\"elementor-gallery-item__content\">\n\t\t\t\t\t\t\t\t\t\t\t<\/div>\n\t\t\t\t\t\t\t\t\t<\/a>\n\t\t\t\t\t\t\t<a class=\"e-gallery-item elementor-gallery-item elementor-animated-content\" href=\"https:\/\/www.cong-pratt.com\/wp-content\/uploads\/2025\/01\/CM_Samarkand_1980-1024x926-1.jpg\" data-elementor-open-lightbox=\"yes\" data-elementor-lightbox-slideshow=\"da311b9\" data-elementor-lightbox-title=\"CM_Samarkand_1980-1024x926\" data-e-action-hash=\"#elementor-action%3Aaction%3Dlightbox%26settings%3DeyJpZCI6MzExNzYsInVybCI6Imh0dHBzOlwvXC93d3cuY29uZy1wcmF0dC5jb21cL3dwLWNvbnRlbnRcL3VwbG9hZHNcLzIwMjVcLzAxXC9DTV9TYW1hcmthbmRfMTk4MC0xMDI0eDkyNi0xLmpwZyIsInNsaWRlc2hvdyI6ImRhMzExYjkifQ%3D%3D\">\n\t\t\t\t\t<div class=\"e-gallery-image elementor-gallery-item__image\" data-thumbnail=\"https:\/\/www.cong-pratt.com\/wp-content\/uploads\/2025\/01\/CM_Samarkand_1980-1024x926-1-300x271.jpg\" data-width=\"300\" data-height=\"271\" aria-label=\"Corto Maltese Saline\" role=\"img\" ><\/div>\n\t\t\t\t\t\t\t\t\t\t\t<div class=\"elementor-gallery-item__overlay\"><\/div>\n\t\t\t\t\t\t\t\t\t\t\t\t\t\t\t<div class=\"elementor-gallery-item__content\">\n\t\t\t\t\t\t\t\t\t\t\t<\/div>\n\t\t\t\t\t\t\t\t\t<\/a>\n\t\t\t\t\t\t\t<a class=\"e-gallery-item elementor-gallery-item elementor-animated-content\" href=\"https:\/\/www.cong-pratt.com\/wp-content\/uploads\/2025\/01\/EmmaCoe_1994-1-1024x693-1.jpg\" data-elementor-open-lightbox=\"yes\" data-elementor-lightbox-slideshow=\"da311b9\" data-elementor-lightbox-title=\"EmmaCoe_1994-1-1024x693\" data-e-action-hash=\"#elementor-action%3Aaction%3Dlightbox%26settings%3DeyJpZCI6MzExODEsInVybCI6Imh0dHBzOlwvXC93d3cuY29uZy1wcmF0dC5jb21cL3dwLWNvbnRlbnRcL3VwbG9hZHNcLzIwMjVcLzAxXC9FbW1hQ29lXzE5OTQtMS0xMDI0eDY5My0xLmpwZyIsInNsaWRlc2hvdyI6ImRhMzExYjkifQ%3D%3D\">\n\t\t\t\t\t<div class=\"e-gallery-image elementor-gallery-item__image\" data-thumbnail=\"https:\/\/www.cong-pratt.com\/wp-content\/uploads\/2025\/01\/EmmaCoe_1994-1-1024x693-1-300x203.jpg\" data-width=\"300\" data-height=\"203\" aria-label=\"Corto Maltese Saline\" role=\"img\" ><\/div>\n\t\t\t\t\t\t\t\t\t\t\t<div class=\"elementor-gallery-item__overlay\"><\/div>\n\t\t\t\t\t\t\t\t\t\t\t\t\t\t\t<div class=\"elementor-gallery-item__content\">\n\t\t\t\t\t\t\t\t\t\t\t<\/div>\n\t\t\t\t\t\t\t\t\t<\/a>\n\t\t\t\t\t\t\t<a class=\"e-gallery-item elementor-gallery-item elementor-animated-content\" href=\"https:\/\/www.cong-pratt.com\/wp-content\/uploads\/2025\/01\/Esmeralda_1985.jpg\" data-elementor-open-lightbox=\"yes\" data-elementor-lightbox-slideshow=\"da311b9\" data-elementor-lightbox-title=\"Esmeralda_1985\" data-e-action-hash=\"#elementor-action%3Aaction%3Dlightbox%26settings%3DeyJpZCI6MzExODYsInVybCI6Imh0dHBzOlwvXC93d3cuY29uZy1wcmF0dC5jb21cL3dwLWNvbnRlbnRcL3VwbG9hZHNcLzIwMjVcLzAxXC9Fc21lcmFsZGFfMTk4NS5qcGciLCJzbGlkZXNob3ciOiJkYTMxMWI5In0%3D\">\n\t\t\t\t\t<div class=\"e-gallery-image elementor-gallery-item__image\" data-thumbnail=\"https:\/\/www.cong-pratt.com\/wp-content\/uploads\/2025\/01\/Esmeralda_1985-214x300.jpg\" data-width=\"214\" data-height=\"300\" aria-label=\"Corto Maltese Saline\" role=\"img\" ><\/div>\n\t\t\t\t\t\t\t\t\t\t\t<div class=\"elementor-gallery-item__overlay\"><\/div>\n\t\t\t\t\t\t\t\t\t\t\t\t\t\t\t<div class=\"elementor-gallery-item__content\">\n\t\t\t\t\t\t\t\t\t\t\t<\/div>\n\t\t\t\t\t\t\t\t\t<\/a>\n\t\t\t\t\t\t\t<a class=\"e-gallery-item elementor-gallery-item elementor-animated-content\" href=\"https:\/\/www.cong-pratt.com\/wp-content\/uploads\/2025\/01\/FelixVanLuckner_1994-.jpg\" data-elementor-open-lightbox=\"yes\" data-elementor-lightbox-slideshow=\"da311b9\" data-elementor-lightbox-title=\"FelixVanLuckner_1994-\" data-e-action-hash=\"#elementor-action%3Aaction%3Dlightbox%26settings%3DeyJpZCI6MzExOTEsInVybCI6Imh0dHBzOlwvXC93d3cuY29uZy1wcmF0dC5jb21cL3dwLWNvbnRlbnRcL3VwbG9hZHNcLzIwMjVcLzAxXC9GZWxpeFZhbkx1Y2tuZXJfMTk5NC0uanBnIiwic2xpZGVzaG93IjoiZGEzMTFiOSJ9\">\n\t\t\t\t\t<div class=\"e-gallery-image elementor-gallery-item__image\" data-thumbnail=\"https:\/\/www.cong-pratt.com\/wp-content\/uploads\/2025\/01\/FelixVanLuckner_1994--274x300.jpg\" data-width=\"274\" data-height=\"300\" aria-label=\"\" role=\"img\" ><\/div>\n\t\t\t\t\t\t\t\t\t\t\t<div class=\"elementor-gallery-item__overlay\"><\/div>\n\t\t\t\t\t\t\t\t\t\t\t\t\t\t\t<div class=\"elementor-gallery-item__content\">\n\t\t\t\t\t\t\t\t\t\t\t<\/div>\n\t\t\t\t\t\t\t\t\t<\/a>\n\t\t\t\t\t\t\t<a class=\"e-gallery-item elementor-gallery-item elementor-animated-content\" href=\"https:\/\/www.cong-pratt.com\/wp-content\/uploads\/2025\/01\/NewIreland_1994.jpg\" data-elementor-open-lightbox=\"yes\" data-elementor-lightbox-slideshow=\"da311b9\" data-elementor-lightbox-title=\"NewIreland_1994\" data-e-action-hash=\"#elementor-action%3Aaction%3Dlightbox%26settings%3DeyJpZCI6MzExOTYsInVybCI6Imh0dHBzOlwvXC93d3cuY29uZy1wcmF0dC5jb21cL3dwLWNvbnRlbnRcL3VwbG9hZHNcLzIwMjVcLzAxXC9OZXdJcmVsYW5kXzE5OTQuanBnIiwic2xpZGVzaG93IjoiZGEzMTFiOSJ9\">\n\t\t\t\t\t<div class=\"e-gallery-image elementor-gallery-item__image\" data-thumbnail=\"https:\/\/www.cong-pratt.com\/wp-content\/uploads\/2025\/01\/NewIreland_1994-212x300.jpg\" data-width=\"212\" data-height=\"300\" aria-label=\"Corto Maltese Saline\" role=\"img\" ><\/div>\n\t\t\t\t\t\t\t\t\t\t\t<div class=\"elementor-gallery-item__overlay\"><\/div>\n\t\t\t\t\t\t\t\t\t\t\t\t\t\t\t<div class=\"elementor-gallery-item__content\">\n\t\t\t\t\t\t\t\t\t\t\t<\/div>\n\t\t\t\t\t\t\t\t\t<\/a>\n\t\t\t\t\t\t\t<a class=\"e-gallery-item elementor-gallery-item elementor-animated-content\" href=\"https:\/\/www.cong-pratt.com\/wp-content\/uploads\/2025\/01\/RapaNui_1994-1024x769-1.jpg\" data-elementor-open-lightbox=\"yes\" data-elementor-lightbox-slideshow=\"da311b9\" data-elementor-lightbox-title=\"RapaNui_1994-1024x769\" data-e-action-hash=\"#elementor-action%3Aaction%3Dlightbox%26settings%3DeyJpZCI6MzEyMDEsInVybCI6Imh0dHBzOlwvXC93d3cuY29uZy1wcmF0dC5jb21cL3dwLWNvbnRlbnRcL3VwbG9hZHNcLzIwMjVcLzAxXC9SYXBhTnVpXzE5OTQtMTAyNHg3NjktMS5qcGciLCJzbGlkZXNob3ciOiJkYTMxMWI5In0%3D\">\n\t\t\t\t\t<div class=\"e-gallery-image elementor-gallery-item__image\" data-thumbnail=\"https:\/\/www.cong-pratt.com\/wp-content\/uploads\/2025\/01\/RapaNui_1994-1024x769-1-300x225.jpg\" data-width=\"300\" data-height=\"225\" aria-label=\"Corto Maltese Saline\" role=\"img\" ><\/div>\n\t\t\t\t\t\t\t\t\t\t\t<div class=\"elementor-gallery-item__overlay\"><\/div>\n\t\t\t\t\t\t\t\t\t\t\t\t\t\t\t<div class=\"elementor-gallery-item__content\">\n\t\t\t\t\t\t\t\t\t\t\t<\/div>\n\t\t\t\t\t\t\t\t\t<\/a>\n\t\t\t\t\t\t\t<a class=\"e-gallery-item elementor-gallery-item elementor-animated-content\" href=\"https:\/\/www.cong-pratt.com\/wp-content\/uploads\/2025\/01\/Siberie_1974.jpg\" data-elementor-open-lightbox=\"yes\" data-elementor-lightbox-slideshow=\"da311b9\" data-elementor-lightbox-title=\"Siberie_1974\" data-e-action-hash=\"#elementor-action%3Aaction%3Dlightbox%26settings%3DeyJpZCI6MzEyMDYsInVybCI6Imh0dHBzOlwvXC93d3cuY29uZy1wcmF0dC5jb21cL3dwLWNvbnRlbnRcL3VwbG9hZHNcLzIwMjVcLzAxXC9TaWJlcmllXzE5NzQuanBnIiwic2xpZGVzaG93IjoiZGEzMTFiOSJ9\">\n\t\t\t\t\t<div class=\"e-gallery-image elementor-gallery-item__image\" data-thumbnail=\"https:\/\/www.cong-pratt.com\/wp-content\/uploads\/2025\/01\/Siberie_1974-222x300.jpg\" data-width=\"222\" data-height=\"300\" aria-label=\"Corto Maltese Saline\" role=\"img\" ><\/div>\n\t\t\t\t\t\t\t\t\t\t\t<div class=\"elementor-gallery-item__overlay\"><\/div>\n\t\t\t\t\t\t\t\t\t\t\t\t\t\t\t<div class=\"elementor-gallery-item__content\">\n\t\t\t\t\t\t\t\t\t\t\t<\/div>\n\t\t\t\t\t\t\t\t\t<\/a>\n\t\t\t\t\t\t\t<a class=\"e-gallery-item elementor-gallery-item elementor-animated-content\" href=\"https:\/\/www.cong-pratt.com\/wp-content\/uploads\/2025\/01\/Steiner_1992-1024x770-1.jpg\" data-elementor-open-lightbox=\"yes\" data-elementor-lightbox-slideshow=\"da311b9\" data-elementor-lightbox-title=\"Steiner_1992-1024x770\" data-e-action-hash=\"#elementor-action%3Aaction%3Dlightbox%26settings%3DeyJpZCI6MzEyMTEsInVybCI6Imh0dHBzOlwvXC93d3cuY29uZy1wcmF0dC5jb21cL3dwLWNvbnRlbnRcL3VwbG9hZHNcLzIwMjVcLzAxXC9TdGVpbmVyXzE5OTItMTAyNHg3NzAtMS5qcGciLCJzbGlkZXNob3ciOiJkYTMxMWI5In0%3D\">\n\t\t\t\t\t<div class=\"e-gallery-image elementor-gallery-item__image\" data-thumbnail=\"https:\/\/www.cong-pratt.com\/wp-content\/uploads\/2025\/01\/Steiner_1992-1024x770-1-300x226.jpg\" data-width=\"300\" data-height=\"226\" aria-label=\"\" role=\"img\" ><\/div>\n\t\t\t\t\t\t\t\t\t\t\t<div class=\"elementor-gallery-item__overlay\"><\/div>\n\t\t\t\t\t\t\t\t\t\t\t\t\t\t\t<div class=\"elementor-gallery-item__content\">\n\t\t\t\t\t\t\t\t\t\t\t<\/div>\n\t\t\t\t\t\t\t\t\t<\/a>\n\t\t\t\t\t<\/div>\n\t\t\t\t\t<\/div>\n\t\t\t\t<\/div>\n\t\t\t\t\t<\/div>\n\t\t<\/div>\n\t\t\t\t\t<\/div>\n\t\t<\/section>\n\t\t\t\t<section class=\"elementor-section elementor-top-section elementor-element elementor-element-3933595 elementor-section-boxed elementor-section-height-default elementor-section-height-default\" data-id=\"3933595\" data-element_type=\"section\">\n\t\t\t\t\t\t<div class=\"elementor-container elementor-column-gap-default\">\n\t\t\t\t\t<div class=\"elementor-column elementor-col-100 elementor-top-column elementor-element elementor-element-a7546db\" data-id=\"a7546db\" data-element_type=\"column\">\n\t\t\t<div class=\"elementor-widget-wrap elementor-element-populated\">\n\t\t\t\t\t\t<div class=\"elementor-element elementor-element-0a35ba2 elementor-widget elementor-widget-spacer\" data-id=\"0a35ba2\" data-element_type=\"widget\" data-widget_type=\"spacer.default\">\n\t\t\t\t<div class=\"elementor-widget-container\">\n\t\t\t\t\t\t\t<div class=\"elementor-spacer\">\n\t\t\t<div class=\"elementor-spacer-inner\"><\/div>\n\t\t<\/div>\n\t\t\t\t\t\t<\/div>\n\t\t\t\t<\/div>\n\t\t\t\t<div class=\"elementor-element elementor-element-3a4b2a2 elementor-widget-divider--view-line elementor-widget elementor-widget-divider\" data-id=\"3a4b2a2\" data-element_type=\"widget\" data-widget_type=\"divider.default\">\n\t\t\t\t<div class=\"elementor-widget-container\">\n\t\t\t\t\t\t\t<div class=\"elementor-divider\">\n\t\t\t<span class=\"elementor-divider-separator\">\n\t\t\t\t\t\t<\/span>\n\t\t<\/div>\n\t\t\t\t\t\t<\/div>\n\t\t\t\t<\/div>\n\t\t\t\t<div class=\"elementor-element elementor-element-40f2326 elementor-widget elementor-widget-text-editor\" data-id=\"40f2326\" data-element_type=\"widget\" data-widget_type=\"text-editor.default\">\n\t\t\t\t<div class=\"elementor-widget-container\">\n\t\t\t\t\t\t\t\t\t<p>Last news<\/p>\n\t\t\t\t\t\t\t\t<\/div>\n\t\t\t\t<\/div>\n\t\t\t\t<div class=\"elementor-element elementor-element-2dde55c elementor-grid-3 elementor-grid-tablet-2 elementor-grid-mobile-1 elementor-posts--thumbnail-top elementor-widget elementor-widget-posts\" data-id=\"2dde55c\" data-element_type=\"widget\" data-settings=\"{&quot;classic_columns&quot;:&quot;3&quot;,&quot;classic_columns_tablet&quot;:&quot;2&quot;,&quot;classic_columns_mobile&quot;:&quot;1&quot;,&quot;classic_row_gap&quot;:{&quot;unit&quot;:&quot;px&quot;,&quot;size&quot;:35,&quot;sizes&quot;:[]},&quot;classic_row_gap_tablet&quot;:{&quot;unit&quot;:&quot;px&quot;,&quot;size&quot;:&quot;&quot;,&quot;sizes&quot;:[]},&quot;classic_row_gap_mobile&quot;:{&quot;unit&quot;:&quot;px&quot;,&quot;size&quot;:&quot;&quot;,&quot;sizes&quot;:[]}}\" data-widget_type=\"posts.classic\">\n\t\t\t\t<div class=\"elementor-widget-container\">\n\t\t\t\t\t\t\t<div class=\"elementor-posts-container elementor-posts elementor-posts--skin-classic elementor-grid\" role=\"list\">\n\t\t\t\t<article class=\"elementor-post elementor-grid-item post-33849 post type-post status-publish format-standard has-post-thumbnail hentry category-news-en-2 tag-corto-maltese-en-2 tag-hugo-pratt-en\" role=\"listitem\">\n\t\t\t\t<a class=\"elementor-post__thumbnail__link\" href=\"https:\/\/www.cong-pratt.com\/en\/from-hugo-pratt-to-corto-maltese-a-journey-through-stories-in-provence-for-the-rencontres-du-9th-art-festival\/\" tabindex=\"-1\" >\n\t\t\t<div class=\"elementor-post__thumbnail\"><img decoding=\"async\" width=\"300\" height=\"169\" src=\"https:\/\/www.cong-pratt.com\/wp-content\/uploads\/2026\/04\/Aix-en-provence_cover-300x169.jpg\" class=\"attachment-medium size-medium wp-image-33854\" alt=\"Aix-en-Provence\" srcset=\"https:\/\/www.cong-pratt.com\/wp-content\/uploads\/2026\/04\/Aix-en-provence_cover-300x169.jpg 300w, https:\/\/www.cong-pratt.com\/wp-content\/uploads\/2026\/04\/Aix-en-provence_cover-1024x576.jpg 1024w, https:\/\/www.cong-pratt.com\/wp-content\/uploads\/2026\/04\/Aix-en-provence_cover-768x432.jpg 768w, https:\/\/www.cong-pratt.com\/wp-content\/uploads\/2026\/04\/Aix-en-provence_cover-1536x864.jpg 1536w, https:\/\/www.cong-pratt.com\/wp-content\/uploads\/2026\/04\/Aix-en-provence_cover-600x338.jpg 600w, https:\/\/www.cong-pratt.com\/wp-content\/uploads\/2026\/04\/Aix-en-provence_cover.jpg 1920w\" sizes=\"(max-width: 300px) 100vw, 300px\" \/><\/div>\n\t\t<\/a>\n\t\t\t\t<div class=\"elementor-post__text\">\n\t\t\t\t<h3 class=\"elementor-post__title\">\n\t\t\t<a href=\"https:\/\/www.cong-pratt.com\/en\/from-hugo-pratt-to-corto-maltese-a-journey-through-stories-in-provence-for-the-rencontres-du-9th-art-festival\/\" >\n\t\t\t\tFrom Hugo Pratt to Corto Maltese. A journey through stories in Provence for the Rencontres du 9th Art Festival.\t\t\t<\/a>\n\t\t<\/h3>\n\t\t\t\t<div class=\"elementor-post__meta-data\">\n\t\t\t\t\t<span class=\"elementor-post-date\">\n\t\t\t6 April 2026\t\t<\/span>\n\t\t\t\t<\/div>\n\t\t\n\t\t<a class=\"elementor-post__read-more\" href=\"https:\/\/www.cong-pratt.com\/en\/from-hugo-pratt-to-corto-maltese-a-journey-through-stories-in-provence-for-the-rencontres-du-9th-art-festival\/\" aria-label=\"Read more about From Hugo Pratt to Corto Maltese. A journey through stories in Provence for the Rencontres du 9th Art Festival.\" tabindex=\"-1\" >\n\t\t\tRead More \u00bb\t\t<\/a>\n\n\t\t\t\t<\/div>\n\t\t\t\t<\/article>\n\t\t\t\t<article class=\"elementor-post elementor-grid-item post-33806 post type-post status-publish format-standard has-post-thumbnail hentry category-news-en-2 tag-corto-maltese-en-2 tag-exhibition tag-hugo-pratt-en\" role=\"listitem\">\n\t\t\t\t<a class=\"elementor-post__thumbnail__link\" href=\"https:\/\/www.cong-pratt.com\/en\/from-siena-to-liege-the-exhibition-imaginary-geographies-celebrates-the-art-of-hugo-pratt-and-returns-to-belgium-on-26-march\/\" tabindex=\"-1\" >\n\t\t\t<div class=\"elementor-post__thumbnail\"><img loading=\"lazy\" decoding=\"async\" width=\"300\" height=\"169\" src=\"https:\/\/www.cong-pratt.com\/wp-content\/uploads\/2026\/03\/Cover_ExpoLiegi-300x169.jpg\" class=\"attachment-medium size-medium wp-image-33813\" alt=\"Hugo Pratt Liegi\" srcset=\"https:\/\/www.cong-pratt.com\/wp-content\/uploads\/2026\/03\/Cover_ExpoLiegi-300x169.jpg 300w, https:\/\/www.cong-pratt.com\/wp-content\/uploads\/2026\/03\/Cover_ExpoLiegi-1024x576.jpg 1024w, https:\/\/www.cong-pratt.com\/wp-content\/uploads\/2026\/03\/Cover_ExpoLiegi-768x432.jpg 768w, https:\/\/www.cong-pratt.com\/wp-content\/uploads\/2026\/03\/Cover_ExpoLiegi-1536x864.jpg 1536w, https:\/\/www.cong-pratt.com\/wp-content\/uploads\/2026\/03\/Cover_ExpoLiegi-600x338.jpg 600w, https:\/\/www.cong-pratt.com\/wp-content\/uploads\/2026\/03\/Cover_ExpoLiegi.jpg 1920w\" sizes=\"(max-width: 300px) 100vw, 300px\" \/><\/div>\n\t\t<\/a>\n\t\t\t\t<div class=\"elementor-post__text\">\n\t\t\t\t<h3 class=\"elementor-post__title\">\n\t\t\t<a href=\"https:\/\/www.cong-pratt.com\/en\/from-siena-to-liege-the-exhibition-imaginary-geographies-celebrates-the-art-of-hugo-pratt-and-returns-to-belgium-on-26-march\/\" >\n\t\t\t\tFrom Siena to Li\u00e8ge: the exhibition \u2018Imaginary Geographies\u2019 celebrates the art of Hugo Pratt and returns to Belgium on 26 March\t\t\t<\/a>\n\t\t<\/h3>\n\t\t\t\t<div class=\"elementor-post__meta-data\">\n\t\t\t\t\t<span class=\"elementor-post-date\">\n\t\t\t18 March 2026\t\t<\/span>\n\t\t\t\t<\/div>\n\t\t\n\t\t<a class=\"elementor-post__read-more\" href=\"https:\/\/www.cong-pratt.com\/en\/from-siena-to-liege-the-exhibition-imaginary-geographies-celebrates-the-art-of-hugo-pratt-and-returns-to-belgium-on-26-march\/\" aria-label=\"Read more about From Siena to Li\u00e8ge: the exhibition \u2018Imaginary Geographies\u2019 celebrates the art of Hugo Pratt and returns to Belgium on 26 March\" tabindex=\"-1\" >\n\t\t\tRead More \u00bb\t\t<\/a>\n\n\t\t\t\t<\/div>\n\t\t\t\t<\/article>\n\t\t\t\t<article class=\"elementor-post elementor-grid-item post-33372 post type-post status-publish format-standard has-post-thumbnail hentry category-news-en-2 tag-corto-maltese-en-2 tag-ebook tag-hugo-pratt-en\" role=\"listitem\">\n\t\t\t\t<a class=\"elementor-post__thumbnail__link\" href=\"https:\/\/www.cong-pratt.com\/en\/corto-maltese-sets-sail-in-english-digital-editions\/\" tabindex=\"-1\" >\n\t\t\t<div class=\"elementor-post__thumbnail\"><img loading=\"lazy\" decoding=\"async\" width=\"300\" height=\"169\" src=\"https:\/\/www.cong-pratt.com\/wp-content\/uploads\/2026\/01\/Corto_EnglishEbook-300x169.jpg\" class=\"attachment-medium size-medium wp-image-33373\" alt=\"\" srcset=\"https:\/\/www.cong-pratt.com\/wp-content\/uploads\/2026\/01\/Corto_EnglishEbook-300x169.jpg 300w, https:\/\/www.cong-pratt.com\/wp-content\/uploads\/2026\/01\/Corto_EnglishEbook-1024x576.jpg 1024w, https:\/\/www.cong-pratt.com\/wp-content\/uploads\/2026\/01\/Corto_EnglishEbook-768x432.jpg 768w, https:\/\/www.cong-pratt.com\/wp-content\/uploads\/2026\/01\/Corto_EnglishEbook-1536x864.jpg 1536w, https:\/\/www.cong-pratt.com\/wp-content\/uploads\/2026\/01\/Corto_EnglishEbook-600x338.jpg 600w, https:\/\/www.cong-pratt.com\/wp-content\/uploads\/2026\/01\/Corto_EnglishEbook.jpg 1920w\" sizes=\"(max-width: 300px) 100vw, 300px\" \/><\/div>\n\t\t<\/a>\n\t\t\t\t<div class=\"elementor-post__text\">\n\t\t\t\t<h3 class=\"elementor-post__title\">\n\t\t\t<a href=\"https:\/\/www.cong-pratt.com\/en\/corto-maltese-sets-sail-in-english-digital-editions\/\" >\n\t\t\t\tCorto Maltese sets sail in English digital editions\t\t\t<\/a>\n\t\t<\/h3>\n\t\t\t\t<div class=\"elementor-post__meta-data\">\n\t\t\t\t\t<span class=\"elementor-post-date\">\n\t\t\t16 January 2026\t\t<\/span>\n\t\t\t\t<\/div>\n\t\t\n\t\t<a class=\"elementor-post__read-more\" href=\"https:\/\/www.cong-pratt.com\/en\/corto-maltese-sets-sail-in-english-digital-editions\/\" aria-label=\"Read more about Corto Maltese sets sail in English digital editions\" tabindex=\"-1\" >\n\t\t\tRead More \u00bb\t\t<\/a>\n\n\t\t\t\t<\/div>\n\t\t\t\t<\/article>\n\t\t\t\t<\/div>\n\t\t\n\t\t\t\t\t\t<\/div>\n\t\t\t\t<\/div>\n\t\t\t\t\t<\/div>\n\t\t<\/div>\n\t\t\t\t\t<\/div>\n\t\t<\/section>\n\t\t\t\t<\/div>\n\t\t","protected":false},"excerpt":{"rendered":"<p>At the Saline Royale in Bourgogne, Hugo Pratt&#8217;s art meets the history of a place symbolising trade and travel: from<\/p>\n","protected":false},"author":2,"featured_media":31161,"comment_status":"closed","ping_status":"open","sticky":false,"template":"elementor_theme","format":"standard","meta":{"footnotes":""},"categories":[466],"tags":[599,895,856],"class_list":["post-31152","post","type-post","status-publish","format-standard","has-post-thumbnail","hentry","category-news-en-2","tag-corto-maltese-en-2","tag-exhibition","tag-hugo-pratt-en"],"_links":{"self":[{"href":"https:\/\/www.cong-pratt.com\/en\/wp-json\/wp\/v2\/posts\/31152","targetHints":{"allow":["GET"]}}],"collection":[{"href":"https:\/\/www.cong-pratt.com\/en\/wp-json\/wp\/v2\/posts"}],"about":[{"href":"https:\/\/www.cong-pratt.com\/en\/wp-json\/wp\/v2\/types\/post"}],"author":[{"embeddable":true,"href":"https:\/\/www.cong-pratt.com\/en\/wp-json\/wp\/v2\/users\/2"}],"replies":[{"embeddable":true,"href":"https:\/\/www.cong-pratt.com\/en\/wp-json\/wp\/v2\/comments?post=31152"}],"version-history":[{"count":3,"href":"https:\/\/www.cong-pratt.com\/en\/wp-json\/wp\/v2\/posts\/31152\/revisions"}],"predecessor-version":[{"id":31230,"href":"https:\/\/www.cong-pratt.com\/en\/wp-json\/wp\/v2\/posts\/31152\/revisions\/31230"}],"wp:featuredmedia":[{"embeddable":true,"href":"https:\/\/www.cong-pratt.com\/en\/wp-json\/wp\/v2\/media\/31161"}],"wp:attachment":[{"href":"https:\/\/www.cong-pratt.com\/en\/wp-json\/wp\/v2\/media?parent=31152"}],"wp:term":[{"taxonomy":"category","embeddable":true,"href":"https:\/\/www.cong-pratt.com\/en\/wp-json\/wp\/v2\/categories?post=31152"},{"taxonomy":"post_tag","embeddable":true,"href":"https:\/\/www.cong-pratt.com\/en\/wp-json\/wp\/v2\/tags?post=31152"}],"curies":[{"name":"wp","href":"https:\/\/api.w.org\/{rel}","templated":true}]}}