{"id":26203,"date":"2023-08-25T07:06:24","date_gmt":"2023-08-25T05:06:24","guid":{"rendered":"https:\/\/www.cong-pratt.com\/carpeta-hugo-pratt-sobre-la-odisea-el-no-catalogo-que-cuenta-una-historia\/"},"modified":"2023-08-25T07:06:25","modified_gmt":"2023-08-25T05:06:25","slug":"carpeta-hugo-pratt-sobre-la-odisea-el-no-catalogo-que-cuenta-una-historia","status":"publish","type":"post","link":"https:\/\/www.cong-pratt.com\/es\/carpeta-hugo-pratt-sobre-la-odisea-el-no-catalogo-que-cuenta-una-historia\/","title":{"rendered":"Carpeta Hugo Pratt sobre la Odisea, el no-cat\u00e1logo que cuenta una historia"},"content":{"rendered":"\t\t<div data-elementor-type=\"wp-post\" data-elementor-id=\"26203\" class=\"elementor elementor-26203 elementor-26090\" data-elementor-post-type=\"post\">\n\t\t\t\t\t\t<section class=\"elementor-section elementor-top-section elementor-element elementor-element-a1355a1 elementor-section-boxed elementor-section-height-default elementor-section-height-default\" data-id=\"a1355a1\" data-element_type=\"section\">\n\t\t\t\t\t\t<div class=\"elementor-container elementor-column-gap-default\">\n\t\t\t\t\t<div class=\"elementor-column elementor-col-100 elementor-top-column elementor-element elementor-element-3b2c700\" data-id=\"3b2c700\" data-element_type=\"column\">\n\t\t\t<div class=\"elementor-widget-wrap elementor-element-populated\">\n\t\t\t\t\t\t<div class=\"elementor-element elementor-element-4f60a60 elementor-widget elementor-widget-heading\" data-id=\"4f60a60\" data-element_type=\"widget\" data-widget_type=\"heading.default\">\n\t\t\t\t<div class=\"elementor-widget-container\">\n\t\t\t\t\t<h2 class=\"elementor-heading-title elementor-size-default\">CARPETA HP SOBRE LA ODISEA, A PARTIR DE AGOSTO DE 2023<\/h2>\t\t\t\t<\/div>\n\t\t\t\t<\/div>\n\t\t\t\t<div class=\"elementor-element elementor-element-18ce6cc elementor-widget-divider--view-line elementor-widget elementor-widget-divider\" data-id=\"18ce6cc\" data-element_type=\"widget\" data-widget_type=\"divider.default\">\n\t\t\t\t<div class=\"elementor-widget-container\">\n\t\t\t\t\t\t\t<div class=\"elementor-divider\">\n\t\t\t<span class=\"elementor-divider-separator\">\n\t\t\t\t\t\t<\/span>\n\t\t<\/div>\n\t\t\t\t\t\t<\/div>\n\t\t\t\t<\/div>\n\t\t\t\t<div class=\"elementor-element elementor-element-9d2fb4e elementor-widget elementor-widget-heading\" data-id=\"9d2fb4e\" data-element_type=\"widget\" data-widget_type=\"heading.default\">\n\t\t\t\t<div class=\"elementor-widget-container\">\n\t\t\t\t\t<h2 class=\"elementor-heading-title elementor-size-default\">La Carpeta de Hugo Pratt sobre la Odisea, un viaje en el tiempo para contar de nuevo la historia.<\/h2>\t\t\t\t<\/div>\n\t\t\t\t<\/div>\n\t\t\t\t<div class=\"elementor-element elementor-element-7264442 elementor-widget elementor-widget-spacer\" data-id=\"7264442\" data-element_type=\"widget\" data-widget_type=\"spacer.default\">\n\t\t\t\t<div class=\"elementor-widget-container\">\n\t\t\t\t\t\t\t<div class=\"elementor-spacer\">\n\t\t\t<div class=\"elementor-spacer-inner\"><\/div>\n\t\t<\/div>\n\t\t\t\t\t\t<\/div>\n\t\t\t\t<\/div>\n\t\t\t\t<div class=\"elementor-element elementor-element-e2ffbc5 elementor-widget-divider--view-line elementor-widget elementor-widget-divider\" data-id=\"e2ffbc5\" data-element_type=\"widget\" data-widget_type=\"divider.default\">\n\t\t\t\t<div class=\"elementor-widget-container\">\n\t\t\t\t\t\t\t<div class=\"elementor-divider\">\n\t\t\t<span class=\"elementor-divider-separator\">\n\t\t\t\t\t\t<\/span>\n\t\t<\/div>\n\t\t\t\t\t\t<\/div>\n\t\t\t\t<\/div>\n\t\t\t\t<div class=\"elementor-element elementor-element-eb9f524 elementor-blockquote--skin-clean elementor-widget elementor-widget-blockquote\" data-id=\"eb9f524\" data-element_type=\"widget\" data-widget_type=\"blockquote.default\">\n\t\t\t\t<div class=\"elementor-widget-container\">\n\t\t\t\t\t\t\t<blockquote class=\"elementor-blockquote\">\n\t\t\t<p class=\"elementor-blockquote__content\">\n\t\t\t\tMil\u00e1n, 1965.<br>\r\nRedacci\u00f3n del Corriere dei Piccoli, el semanario ilustrado de Il Corriere della Sera.<br>\r\nUn empleado de la secretar\u00eda editorial se dirige hacia el archivo donde se encuentran las planchas originales creadas por los dibujantes y revisa los archivos ordenados por autor y obra. P de Pratt, Hugo. Odyssey, 26 p\u00e1ginas, algunas se encuentran ligeramente manchadas pero paciencia. Vuelve a su mesa tras introducirlas de nuevo en la caja de cart\u00f3n ya abierta, busca entre las muchas hojas que hay sobre la mesa la breve carta de agradecimiento que acaba de escribir a m\u00e1quina y la a\u00f1ade al contenido. Pennarello, direcci\u00f3n. \u00bfMalamoco? Malamocco escribe. El paquete est\u00e1 listo para ser entregado en la oficina de correos, llegar\u00e1 a su destino en unos d\u00edas.\r\n\t\t\t<\/p>\n\t\t\t\t\t<\/blockquote>\n\t\t\t\t\t\t<\/div>\n\t\t\t\t<\/div>\n\t\t\t\t<div class=\"elementor-element elementor-element-a3852cc elementor-widget elementor-widget-text-editor\" data-id=\"a3852cc\" data-element_type=\"widget\" data-widget_type=\"text-editor.default\">\n\t\t\t\t<div class=\"elementor-widget-container\">\n\t\t\t\t\t\t\t\t\t<p>La <strong>carpeta de La Odisea de Hugo Pratt<\/strong> podr\u00eda ser de un modo ideal ese paquete que lleg\u00f3 al Lido de Venecia, tres a\u00f1os despu\u00e9s de la publicaci\u00f3n de las primeras p\u00e1ginas aparecidas en el <i>Corriere dei Piccoli<\/i>, en el n\u00famero 43 del 27 de octubre de 1963. La imagen de Polifemo ciego, que lleno de ira arroja la piedra a Ulises, utilizada para la portada del primer n\u00famero, la sutil l\u00ednea de las sirenas et\u00e9reas, el orgullo en la mirada de Helena de Troya y por supuesto Tel\u00e9maco, y Ulises, el primer marino y el primer n\u00e1ufrago imaginado por Hugo Pratt. Ahora estos dibujos vuelven a la vida en su formato original, tal y como Pratt los dibuj\u00f3: <strong>26 l\u00e1minas con los colores en el reverso<\/strong>, como era costumbre en la \u00e9poca y como se hac\u00edan para los dise\u00f1os del <i>Corrierino<\/i> para preparar la publicaci\u00f3n definitiva.<\/p>\n\t\t\t\t\t\t\t\t<\/div>\n\t\t\t\t<\/div>\n\t\t\t\t\t<\/div>\n\t\t<\/div>\n\t\t\t\t\t<\/div>\n\t\t<\/section>\n\t\t\t\t<section class=\"elementor-section elementor-top-section elementor-element elementor-element-e5a9a89 elementor-section-boxed elementor-section-height-default elementor-section-height-default\" data-id=\"e5a9a89\" data-element_type=\"section\">\n\t\t\t\t\t\t<div class=\"elementor-container elementor-column-gap-default\">\n\t\t\t\t\t<div class=\"elementor-column elementor-col-100 elementor-top-column elementor-element elementor-element-c091a67\" data-id=\"c091a67\" data-element_type=\"column\">\n\t\t\t<div class=\"elementor-widget-wrap elementor-element-populated\">\n\t\t\t\t\t\t<section class=\"elementor-section elementor-inner-section elementor-element elementor-element-56aef7c elementor-section-boxed elementor-section-height-default elementor-section-height-default\" data-id=\"56aef7c\" data-element_type=\"section\">\n\t\t\t\t\t\t<div class=\"elementor-container elementor-column-gap-default\">\n\t\t\t\t\t<div class=\"elementor-column elementor-col-33 elementor-inner-column elementor-element elementor-element-34327ff\" data-id=\"34327ff\" data-element_type=\"column\">\n\t\t\t<div class=\"elementor-widget-wrap elementor-element-populated\">\n\t\t\t\t\t\t<div class=\"elementor-element elementor-element-df06031 elementor-widget elementor-widget-image\" data-id=\"df06031\" data-element_type=\"widget\" data-widget_type=\"image.default\">\n\t\t\t\t<div class=\"elementor-widget-container\">\n\t\t\t\t\t\t\t\t\t\t\t\t\t\t\t<img fetchpriority=\"high\" decoding=\"async\" width=\"768\" height=\"1024\" src=\"https:\/\/www.cong-pratt.com\/wp-content\/uploads\/2023\/08\/IMG_9160-768x1024.jpeg\" class=\"attachment-large size-large wp-image-26101\" alt=\"Cartella Hp Odissea\" srcset=\"https:\/\/www.cong-pratt.com\/wp-content\/uploads\/2023\/08\/IMG_9160-768x1024.jpeg 768w, https:\/\/www.cong-pratt.com\/wp-content\/uploads\/2023\/08\/IMG_9160-225x300.jpeg 225w, https:\/\/www.cong-pratt.com\/wp-content\/uploads\/2023\/08\/IMG_9160-600x800.jpeg 600w, https:\/\/www.cong-pratt.com\/wp-content\/uploads\/2023\/08\/IMG_9160.jpeg 810w\" sizes=\"(max-width: 768px) 100vw, 768px\" \/>\t\t\t\t\t\t\t\t\t\t\t\t\t\t\t<\/div>\n\t\t\t\t<\/div>\n\t\t\t\t<div class=\"elementor-element elementor-element-a91d407 elementor-widget elementor-widget-spacer\" data-id=\"a91d407\" data-element_type=\"widget\" data-widget_type=\"spacer.default\">\n\t\t\t\t<div class=\"elementor-widget-container\">\n\t\t\t\t\t\t\t<div class=\"elementor-spacer\">\n\t\t\t<div class=\"elementor-spacer-inner\"><\/div>\n\t\t<\/div>\n\t\t\t\t\t\t<\/div>\n\t\t\t\t<\/div>\n\t\t\t\t<div class=\"elementor-element elementor-element-f0eb643 elementor-widget elementor-widget-text-editor\" data-id=\"f0eb643\" data-element_type=\"widget\" data-widget_type=\"text-editor.default\">\n\t\t\t\t<div class=\"elementor-widget-container\">\n\t\t\t\t\t\t\t\t\t<p><b>FICHA T\u00c9CNICA \u201cCARPETA HUGO PRATT, ODISEA\u201d \u2013 EDICIONES CONG<\/b><\/p>\n\t\t\t\t\t\t\t\t<\/div>\n\t\t\t\t<\/div>\n\t\t\t\t<div class=\"elementor-element elementor-element-de004d3 elementor-widget elementor-widget-text-editor\" data-id=\"de004d3\" data-element_type=\"widget\" data-widget_type=\"text-editor.default\">\n\t\t\t\t<div class=\"elementor-widget-container\">\n\t\t\t\t\t\t\t\t\t<p><strong><em>Contenido:<\/em><\/strong><br \/>\n\u2013 <strong>26 copias fieles de las p\u00e1ginas originales<\/strong> <strong>de la obra \u00abLa Odisea\u00bb de Hugo Pratt.<\/strong> Las 25 l\u00e1minas y la portada, en blanco y negro y coloreadas en el reverso, se reproducen tal y como fueron realizadas por Hugo Pratt para el <i>Corriere dei Piccoli<\/i> y publicadas desde el n \u030a42 del 27\/02\/1963 al n \u030a15 del 12\/04\/1964. Las copias est\u00e1n protegidas en el interior de una caja e impresas en Magnani gr. 310 en formato 26cm x 35,5cm.<\/p>\n<p>\u2013\u00a0<strong>Certificado\u00a0expedido por Cong Sa<\/strong>, empresa propietaria de los derechos de la obra de Hugo Pratt.<\/p>\n<p><b>Tirada de la impresi\u00f3n:<\/b><br \/>\n<strong>Edici\u00f3n numerada, sin firmar<\/strong>, limitada a 99 ejemplares numerados del 1\/99 al 99\/99 m\u00e1s 10 ejemplares numerados en n\u00fameros romanos del I\/X al X\/X para los colaboradores de la obra.<\/p>\n\t\t\t\t\t\t\t\t<\/div>\n\t\t\t\t<\/div>\n\t\t\t\t<div class=\"elementor-element elementor-element-38fc72e elementor-widget elementor-widget-spacer\" data-id=\"38fc72e\" data-element_type=\"widget\" data-widget_type=\"spacer.default\">\n\t\t\t\t<div class=\"elementor-widget-container\">\n\t\t\t\t\t\t\t<div class=\"elementor-spacer\">\n\t\t\t<div class=\"elementor-spacer-inner\"><\/div>\n\t\t<\/div>\n\t\t\t\t\t\t<\/div>\n\t\t\t\t<\/div>\n\t\t\t\t<div class=\"elementor-element elementor-element-78c8056 elementor-widget elementor-widget-text-editor\" data-id=\"78c8056\" data-element_type=\"widget\" data-widget_type=\"text-editor.default\">\n\t\t\t\t<div class=\"elementor-widget-container\">\n\t\t\t\t\t\t\t\t\t<p><strong>La carpeta de Hugo Pratt de la Odisea solo se puede adquirir en librer\u00edas especializadas, en las ediciones de Cong o realizando una solicitud a info@cong-pratt.com<\/strong><\/p>\n\t\t\t\t\t\t\t\t<\/div>\n\t\t\t\t<\/div>\n\t\t\t\t\t<\/div>\n\t\t<\/div>\n\t\t\t\t<div class=\"elementor-column elementor-col-66 elementor-inner-column elementor-element elementor-element-49c2571\" data-id=\"49c2571\" data-element_type=\"column\">\n\t\t\t<div class=\"elementor-widget-wrap elementor-element-populated\">\n\t\t\t\t\t\t<div class=\"elementor-element elementor-element-052030f elementor-widget elementor-widget-text-editor\" data-id=\"052030f\" data-element_type=\"widget\" data-widget_type=\"text-editor.default\">\n\t\t\t\t<div class=\"elementor-widget-container\">\n\t\t\t\t\t\t\t\t\t<p>Cuenta la leyenda que, en los a\u00f1os en que trabaj\u00f3 para el <i>Corriere dei Piccoli<\/i>, Pratt, y la dibujante argentina Iris de Paoli, realizaron una protesta por la modificaci\u00f3n de los contratos, para que los derechos de las obras quedasen en posesi\u00f3n de sus autores, haciendo que los originales volviesen a su poder. El Maestro gan\u00f3 esa batalla. Y as\u00ed, gracias a su obstinaci\u00f3n por lo justo los encargos llegaban a las redacciones, pero quedaban controlados por los autores. <span class=\"Apple-converted-space\">\u00a0<\/span><\/p>\n<p>Todas las p\u00e1ginas originales de La Odisea, reproducidas fielmente en esta carpeta por Cong Edizioni, fueron expuestas recientemente en Catania, con motivo de la exposici\u00f3n \u00abHugo Pratt-il viaggio di Ulisse\u00bb promovida por Etna Comics, y regresan intactas al Museo C\u00edvico Villa Colloredo Mels en Recanati, para la exposici\u00f3n \u00abDe Ulises a Corto Malt\u00e9s, un viaje por la imaginaci\u00f3n de Hugo Pratt\u00bb, del 25 de agosto de 2023 al 7 de enero de 2024.<\/p>\n\t\t\t\t\t\t\t\t<\/div>\n\t\t\t\t<\/div>\n\t\t\t\t<div class=\"elementor-element elementor-element-826dee2 elementor-widget elementor-widget-spacer\" data-id=\"826dee2\" data-element_type=\"widget\" data-widget_type=\"spacer.default\">\n\t\t\t\t<div class=\"elementor-widget-container\">\n\t\t\t\t\t\t\t<div class=\"elementor-spacer\">\n\t\t\t<div class=\"elementor-spacer-inner\"><\/div>\n\t\t<\/div>\n\t\t\t\t\t\t<\/div>\n\t\t\t\t<\/div>\n\t\t\t\t<div class=\"elementor-element elementor-element-8116989 elementor-widget elementor-widget-gallery\" data-id=\"8116989\" data-element_type=\"widget\" data-settings=\"{&quot;gallery_layout&quot;:&quot;masonry&quot;,&quot;columns&quot;:2,&quot;lazyload&quot;:&quot;yes&quot;,&quot;columns_tablet&quot;:2,&quot;columns_mobile&quot;:1,&quot;gap&quot;:{&quot;unit&quot;:&quot;px&quot;,&quot;size&quot;:10,&quot;sizes&quot;:[]},&quot;gap_tablet&quot;:{&quot;unit&quot;:&quot;px&quot;,&quot;size&quot;:10,&quot;sizes&quot;:[]},&quot;gap_mobile&quot;:{&quot;unit&quot;:&quot;px&quot;,&quot;size&quot;:10,&quot;sizes&quot;:[]},&quot;link_to&quot;:&quot;file&quot;,&quot;overlay_background&quot;:&quot;yes&quot;,&quot;content_hover_animation&quot;:&quot;fade-in&quot;}\" data-widget_type=\"gallery.default\">\n\t\t\t\t<div class=\"elementor-widget-container\">\n\t\t\t\t\t\t\t<div class=\"elementor-gallery__container\">\n\t\t\t\t\t\t\t<a class=\"e-gallery-item elementor-gallery-item elementor-animated-content\" href=\"https:\/\/www.cong-pratt.com\/wp-content\/uploads\/2023\/08\/IMG_9174.jpeg\" data-elementor-open-lightbox=\"yes\" data-elementor-lightbox-slideshow=\"8116989\" data-elementor-lightbox-title=\"Cartella HP Odissea\" data-e-action-hash=\"#elementor-action%3Aaction%3Dlightbox%26settings%3DeyJpZCI6MjYxMjgsInVybCI6Imh0dHBzOlwvXC93d3cuY29uZy1wcmF0dC5jb21cL3dwLWNvbnRlbnRcL3VwbG9hZHNcLzIwMjNcLzA4XC9JTUdfOTE3NC5qcGVnIiwic2xpZGVzaG93IjoiODExNjk4OSJ9\">\n\t\t\t\t\t<div class=\"e-gallery-image elementor-gallery-item__image\" data-thumbnail=\"https:\/\/www.cong-pratt.com\/wp-content\/uploads\/2023\/08\/IMG_9174-300x225.jpeg\" data-width=\"300\" data-height=\"225\" aria-label=\"Cartella HP Odissea\" role=\"img\" ><\/div>\n\t\t\t\t\t\t\t\t\t\t\t<div class=\"elementor-gallery-item__overlay\"><\/div>\n\t\t\t\t\t\t\t\t\t\t\t\t\t\t<\/a>\n\t\t\t\t\t\t\t<a class=\"e-gallery-item elementor-gallery-item elementor-animated-content\" href=\"https:\/\/www.cong-pratt.com\/wp-content\/uploads\/2023\/08\/Cover-Cartella-HP-Odissea.jpg\" data-elementor-open-lightbox=\"yes\" data-elementor-lightbox-slideshow=\"8116989\" data-elementor-lightbox-title=\"Cover Cartella HP Odissea\" data-e-action-hash=\"#elementor-action%3Aaction%3Dlightbox%26settings%3DeyJpZCI6MjYwOTEsInVybCI6Imh0dHBzOlwvXC93d3cuY29uZy1wcmF0dC5jb21cL3dwLWNvbnRlbnRcL3VwbG9hZHNcLzIwMjNcLzA4XC9Db3Zlci1DYXJ0ZWxsYS1IUC1PZGlzc2VhLmpwZyIsInNsaWRlc2hvdyI6IjgxMTY5ODkifQ%3D%3D\">\n\t\t\t\t\t<div class=\"e-gallery-image elementor-gallery-item__image\" data-thumbnail=\"https:\/\/www.cong-pratt.com\/wp-content\/uploads\/2023\/08\/Cover-Cartella-HP-Odissea-300x169.jpg\" data-width=\"300\" data-height=\"169\" aria-label=\"Cartella HP Odissea\" role=\"img\" ><\/div>\n\t\t\t\t\t\t\t\t\t\t\t<div class=\"elementor-gallery-item__overlay\"><\/div>\n\t\t\t\t\t\t\t\t\t\t\t\t\t\t<\/a>\n\t\t\t\t\t\t\t<a class=\"e-gallery-item elementor-gallery-item elementor-animated-content\" href=\"https:\/\/www.cong-pratt.com\/wp-content\/uploads\/2023\/08\/IMG_9179.jpeg\" data-elementor-open-lightbox=\"yes\" data-elementor-lightbox-slideshow=\"8116989\" data-elementor-lightbox-title=\"IMG_9179\" data-e-action-hash=\"#elementor-action%3Aaction%3Dlightbox%26settings%3DeyJpZCI6MjYxMjMsInVybCI6Imh0dHBzOlwvXC93d3cuY29uZy1wcmF0dC5jb21cL3dwLWNvbnRlbnRcL3VwbG9hZHNcLzIwMjNcLzA4XC9JTUdfOTE3OS5qcGVnIiwic2xpZGVzaG93IjoiODExNjk4OSJ9\">\n\t\t\t\t\t<div class=\"e-gallery-image elementor-gallery-item__image\" data-thumbnail=\"https:\/\/www.cong-pratt.com\/wp-content\/uploads\/2023\/08\/IMG_9179-300x225.jpeg\" data-width=\"300\" data-height=\"225\" aria-label=\"\" role=\"img\" ><\/div>\n\t\t\t\t\t\t\t\t\t\t\t<div class=\"elementor-gallery-item__overlay\"><\/div>\n\t\t\t\t\t\t\t\t\t\t\t\t\t\t<\/a>\n\t\t\t\t\t\t\t<a class=\"e-gallery-item elementor-gallery-item elementor-animated-content\" href=\"https:\/\/www.cong-pratt.com\/wp-content\/uploads\/2023\/08\/IMG_9164.jpeg\" data-elementor-open-lightbox=\"yes\" data-elementor-lightbox-slideshow=\"8116989\" data-elementor-lightbox-title=\"IMG_9164\" data-e-action-hash=\"#elementor-action%3Aaction%3Dlightbox%26settings%3DeyJpZCI6MjYxMTMsInVybCI6Imh0dHBzOlwvXC93d3cuY29uZy1wcmF0dC5jb21cL3dwLWNvbnRlbnRcL3VwbG9hZHNcLzIwMjNcLzA4XC9JTUdfOTE2NC5qcGVnIiwic2xpZGVzaG93IjoiODExNjk4OSJ9\">\n\t\t\t\t\t<div class=\"e-gallery-image elementor-gallery-item__image\" data-thumbnail=\"https:\/\/www.cong-pratt.com\/wp-content\/uploads\/2023\/08\/IMG_9164-300x225.jpeg\" data-width=\"300\" data-height=\"225\" aria-label=\"\" role=\"img\" ><\/div>\n\t\t\t\t\t\t\t\t\t\t\t<div class=\"elementor-gallery-item__overlay\"><\/div>\n\t\t\t\t\t\t\t\t\t\t\t\t\t\t<\/a>\n\t\t\t\t\t\t\t<a class=\"e-gallery-item elementor-gallery-item elementor-animated-content\" href=\"https:\/\/www.cong-pratt.com\/wp-content\/uploads\/2023\/08\/IMG_9172.jpeg\" data-elementor-open-lightbox=\"yes\" data-elementor-lightbox-slideshow=\"8116989\" data-elementor-lightbox-title=\"IMG_9172\" data-e-action-hash=\"#elementor-action%3Aaction%3Dlightbox%26settings%3DeyJpZCI6MjYxMzMsInVybCI6Imh0dHBzOlwvXC93d3cuY29uZy1wcmF0dC5jb21cL3dwLWNvbnRlbnRcL3VwbG9hZHNcLzIwMjNcLzA4XC9JTUdfOTE3Mi5qcGVnIiwic2xpZGVzaG93IjoiODExNjk4OSJ9\">\n\t\t\t\t\t<div class=\"e-gallery-image elementor-gallery-item__image\" data-thumbnail=\"https:\/\/www.cong-pratt.com\/wp-content\/uploads\/2023\/08\/IMG_9172-300x225.jpeg\" data-width=\"300\" data-height=\"225\" aria-label=\"\" role=\"img\" ><\/div>\n\t\t\t\t\t\t\t\t\t\t\t<div class=\"elementor-gallery-item__overlay\"><\/div>\n\t\t\t\t\t\t\t\t\t\t\t\t\t\t<\/a>\n\t\t\t\t\t\t\t<a class=\"e-gallery-item elementor-gallery-item elementor-animated-content\" href=\"https:\/\/www.cong-pratt.com\/wp-content\/uploads\/2023\/08\/IMG_9163.jpeg\" data-elementor-open-lightbox=\"yes\" data-elementor-lightbox-slideshow=\"8116989\" data-elementor-lightbox-title=\"IMG_9163\" data-e-action-hash=\"#elementor-action%3Aaction%3Dlightbox%26settings%3DeyJpZCI6MjYxMDgsInVybCI6Imh0dHBzOlwvXC93d3cuY29uZy1wcmF0dC5jb21cL3dwLWNvbnRlbnRcL3VwbG9hZHNcLzIwMjNcLzA4XC9JTUdfOTE2My5qcGVnIiwic2xpZGVzaG93IjoiODExNjk4OSJ9\">\n\t\t\t\t\t<div class=\"e-gallery-image elementor-gallery-item__image\" data-thumbnail=\"https:\/\/www.cong-pratt.com\/wp-content\/uploads\/2023\/08\/IMG_9163-225x300.jpeg\" data-width=\"225\" data-height=\"300\" aria-label=\"\" role=\"img\" ><\/div>\n\t\t\t\t\t\t\t\t\t\t\t<div class=\"elementor-gallery-item__overlay\"><\/div>\n\t\t\t\t\t\t\t\t\t\t\t\t\t\t<\/a>\n\t\t\t\t\t<\/div>\n\t\t\t\t\t<\/div>\n\t\t\t\t<\/div>\n\t\t\t\t\t<\/div>\n\t\t<\/div>\n\t\t\t\t\t<\/div>\n\t\t<\/section>\n\t\t\t\t<div class=\"elementor-element elementor-element-1edb71a elementor-widget elementor-widget-spacer\" data-id=\"1edb71a\" data-element_type=\"widget\" data-widget_type=\"spacer.default\">\n\t\t\t\t<div class=\"elementor-widget-container\">\n\t\t\t\t\t\t\t<div class=\"elementor-spacer\">\n\t\t\t<div class=\"elementor-spacer-inner\"><\/div>\n\t\t<\/div>\n\t\t\t\t\t\t<\/div>\n\t\t\t\t<\/div>\n\t\t\t\t<div class=\"elementor-element elementor-element-353ad6c elementor-widget-divider--view-line elementor-widget elementor-widget-divider\" data-id=\"353ad6c\" data-element_type=\"widget\" data-widget_type=\"divider.default\">\n\t\t\t\t<div class=\"elementor-widget-container\">\n\t\t\t\t\t\t\t<div class=\"elementor-divider\">\n\t\t\t<span class=\"elementor-divider-separator\">\n\t\t\t\t\t\t<\/span>\n\t\t<\/div>\n\t\t\t\t\t\t<\/div>\n\t\t\t\t<\/div>\n\t\t\t\t<div class=\"elementor-element elementor-element-dd646e6 elementor-widget elementor-widget-text-editor\" data-id=\"dd646e6\" data-element_type=\"widget\" data-widget_type=\"text-editor.default\">\n\t\t\t\t<div class=\"elementor-widget-container\">\n\t\t\t\t\t\t\t\t\t<p><b>LA ODISEA EN EL CORRIERE DEI PICCOLI<span class=\"Apple-converted-space\">\u00a0<\/span><\/b><\/p>\n<p>En 1962 Hugo Pratt se embarc\u00f3 rumbo a Europa junto al dise\u00f1ador Walter Fahrer, despu\u00e9s de m\u00e1s de 12 a\u00f1os viviendo en Argentina, a la que siempre considerar\u00e1 una segunda casa. Se une a Anne Frognier en Lisboa (cuyo rostro es la de \u00abAna de la jungla\u201d) y regresa al Lido con ella. Tras los a\u00f1os en Buenos Aires, donde los historietistas eran considerados estrellas de la \u00e9poca, busca un nuevo trabajo y en el mismo a\u00f1o Pratt se muda a Mil\u00e1n, ciudad que representa el centro editorial del pa\u00eds, para trabajar como dibujante en el Corriere dei Piccoli, la revista hist\u00f3rica de cuentos ilustrados en color fundada en 1908. Su primera publicaci\u00f3n fue \u00abBilly James\u00bb, con gui\u00f3n de Mino Milani, como la adaptaci\u00f3n posterior de \u00abLa isla del tesoro\u00bb de Stevenson. Pero en el diario imaginado por el director Triberti tambi\u00e9n hab\u00eda espacio para las grandes historias de la mitolog\u00eda, y Pratt redescubrir\u00e1 Ulises y la Odisea, el primer libro que compr\u00f3 solo a los 8 a\u00f1os, y que quiz\u00e1s marc\u00f3 el inicio de una biblioteca igualmente mitol\u00f3gica de Pratt.<\/p>\n<p>La Odisea de Hugo Pratt se public\u00f3 por fasc\u00edculos en el \u00abCorriere dei Piccoli\u00bb, desde el n\u00famero 43 del 27\/10\/1963 al n\u00famero 15 del 12\/4\/1964. En la publicaci\u00f3n original, los dibujos no ten\u00edan globos y los textos narrativos que acompa\u00f1an a las im\u00e1genes fueron escritos por Franca Ongaro Basaglia, hermana del escritor Alberto Ongaro, uno de los fundadores de \u00abL&#8217;Asso di Picche\u00bb, peri\u00f3dico en el que se public\u00f3 en 1945 la primera historieta (con el mismo nombre que la edici\u00f3n) dibujada por Hugo Pratt, \u201cAs de picas\u201d.<\/p>\n\t\t\t\t\t\t\t\t<\/div>\n\t\t\t\t<\/div>\n\t\t\t\t<div class=\"elementor-element elementor-element-82ac4cc elementor-widget-divider--view-line elementor-widget elementor-widget-divider\" data-id=\"82ac4cc\" data-element_type=\"widget\" data-widget_type=\"divider.default\">\n\t\t\t\t<div class=\"elementor-widget-container\">\n\t\t\t\t\t\t\t<div class=\"elementor-divider\">\n\t\t\t<span class=\"elementor-divider-separator\">\n\t\t\t\t\t\t<\/span>\n\t\t<\/div>\n\t\t\t\t\t\t<\/div>\n\t\t\t\t<\/div>\n\t\t\t\t\t<\/div>\n\t\t<\/div>\n\t\t\t\t\t<\/div>\n\t\t<\/section>\n\t\t\t\t<section class=\"elementor-section elementor-top-section elementor-element elementor-element-ef2b386 elementor-section-boxed elementor-section-height-default elementor-section-height-default\" data-id=\"ef2b386\" data-element_type=\"section\">\n\t\t\t\t\t\t<div class=\"elementor-container elementor-column-gap-default\">\n\t\t\t\t\t<div class=\"elementor-column elementor-col-100 elementor-top-column elementor-element elementor-element-a35de87\" data-id=\"a35de87\" data-element_type=\"column\">\n\t\t\t<div class=\"elementor-widget-wrap elementor-element-populated\">\n\t\t\t\t\t\t<div class=\"elementor-element elementor-element-c693828 elementor-grid-3 elementor-grid-tablet-2 elementor-grid-mobile-1 elementor-posts--thumbnail-top elementor-widget elementor-widget-posts\" data-id=\"c693828\" data-element_type=\"widget\" data-settings=\"{&quot;classic_columns&quot;:&quot;3&quot;,&quot;classic_columns_tablet&quot;:&quot;2&quot;,&quot;classic_columns_mobile&quot;:&quot;1&quot;,&quot;classic_row_gap&quot;:{&quot;unit&quot;:&quot;px&quot;,&quot;size&quot;:35,&quot;sizes&quot;:[]},&quot;classic_row_gap_tablet&quot;:{&quot;unit&quot;:&quot;px&quot;,&quot;size&quot;:&quot;&quot;,&quot;sizes&quot;:[]},&quot;classic_row_gap_mobile&quot;:{&quot;unit&quot;:&quot;px&quot;,&quot;size&quot;:&quot;&quot;,&quot;sizes&quot;:[]}}\" data-widget_type=\"posts.classic\">\n\t\t\t\t<div class=\"elementor-widget-container\">\n\t\t\t\t\t\t\t<div class=\"elementor-posts-container elementor-posts elementor-posts--skin-classic elementor-grid\" role=\"list\">\n\t\t\t\t<article class=\"elementor-post elementor-grid-item post-33926 post type-post status-publish format-standard has-post-thumbnail hentry category-noticias-es tag-corto-maltese-es tag-exposicion tag-hugo-pratt-es\" role=\"listitem\">\n\t\t\t\t<a class=\"elementor-post__thumbnail__link\" href=\"https:\/\/www.cong-pratt.com\/es\/la-balada-de-hugo-pratt-en-alicante\/\" tabindex=\"-1\" >\n\t\t\t<div class=\"elementor-post__thumbnail\"><img decoding=\"async\" width=\"300\" height=\"164\" src=\"https:\/\/www.cong-pratt.com\/wp-content\/uploads\/2026\/04\/imagen-copia-dimensioni-grandi-300x164.jpeg\" class=\"attachment-medium size-medium wp-image-33932\" alt=\"Hugo Pratt Alicante\" srcset=\"https:\/\/www.cong-pratt.com\/wp-content\/uploads\/2026\/04\/imagen-copia-dimensioni-grandi-300x164.jpeg 300w, https:\/\/www.cong-pratt.com\/wp-content\/uploads\/2026\/04\/imagen-copia-dimensioni-grandi-1024x558.jpeg 1024w, https:\/\/www.cong-pratt.com\/wp-content\/uploads\/2026\/04\/imagen-copia-dimensioni-grandi-768x419.jpeg 768w, https:\/\/www.cong-pratt.com\/wp-content\/uploads\/2026\/04\/imagen-copia-dimensioni-grandi-600x327.jpeg 600w, https:\/\/www.cong-pratt.com\/wp-content\/uploads\/2026\/04\/imagen-copia-dimensioni-grandi.jpeg 1280w\" sizes=\"(max-width: 300px) 100vw, 300px\" \/><\/div>\n\t\t<\/a>\n\t\t\t\t<div class=\"elementor-post__text\">\n\t\t\t\t<h3 class=\"elementor-post__title\">\n\t\t\t<a href=\"https:\/\/www.cong-pratt.com\/es\/la-balada-de-hugo-pratt-en-alicante\/\" >\n\t\t\t\tLa balada de Hugo Pratt en Alicante\t\t\t<\/a>\n\t\t<\/h3>\n\t\t\t\t<div class=\"elementor-post__meta-data\">\n\t\t\t\t\t<span class=\"elementor-post-date\">\n\t\t\t20 abril 2026\t\t<\/span>\n\t\t\t\t<\/div>\n\t\t\t\t<div class=\"elementor-post__excerpt\">\n\t\t\t<p>En el Espacio S\u00e9neca de Alicante, una exposici\u00f3n de reproducciones que recorre la obra de Hugo Pratt a trav\u00e9s de n\u00facleos tem\u00e1ticos dedicados al dibujo,<\/p>\n\t\t<\/div>\n\t\t\n\t\t<a class=\"elementor-post__read-more\" href=\"https:\/\/www.cong-pratt.com\/es\/la-balada-de-hugo-pratt-en-alicante\/\" aria-label=\"M\u00e1s informaci\u00f3n sobre La balada de Hugo Pratt en Alicante\" tabindex=\"-1\" >\n\t\t\tleggi \u00bb\t\t<\/a>\n\n\t\t\t\t<\/div>\n\t\t\t\t<\/article>\n\t\t\t\t<article class=\"elementor-post elementor-grid-item post-33807 post type-post status-publish format-standard has-post-thumbnail hentry category-noticias-es tag-corto-maltese-es tag-exposicion tag-hugo-pratt-es\" role=\"listitem\">\n\t\t\t\t<a class=\"elementor-post__thumbnail__link\" href=\"https:\/\/www.cong-pratt.com\/es\/de-siena-a-lieja-la-exposicion-geografias-imaginarias-rinde-homenaje-al-arte-de-hugo-pratt-y-vuelve-a-belgica-a-partir-del-26-de-marzo\/\" tabindex=\"-1\" >\n\t\t\t<div class=\"elementor-post__thumbnail\"><img decoding=\"async\" width=\"300\" height=\"169\" src=\"https:\/\/www.cong-pratt.com\/wp-content\/uploads\/2026\/03\/Cover_ExpoLiegi-300x169.jpg\" class=\"attachment-medium size-medium wp-image-33816\" alt=\"Hugo Pratt Liegi\" srcset=\"https:\/\/www.cong-pratt.com\/wp-content\/uploads\/2026\/03\/Cover_ExpoLiegi-300x169.jpg 300w, https:\/\/www.cong-pratt.com\/wp-content\/uploads\/2026\/03\/Cover_ExpoLiegi-1024x576.jpg 1024w, https:\/\/www.cong-pratt.com\/wp-content\/uploads\/2026\/03\/Cover_ExpoLiegi-768x432.jpg 768w, https:\/\/www.cong-pratt.com\/wp-content\/uploads\/2026\/03\/Cover_ExpoLiegi-1536x864.jpg 1536w, https:\/\/www.cong-pratt.com\/wp-content\/uploads\/2026\/03\/Cover_ExpoLiegi-600x338.jpg 600w, https:\/\/www.cong-pratt.com\/wp-content\/uploads\/2026\/03\/Cover_ExpoLiegi.jpg 1920w\" sizes=\"(max-width: 300px) 100vw, 300px\" \/><\/div>\n\t\t<\/a>\n\t\t\t\t<div class=\"elementor-post__text\">\n\t\t\t\t<h3 class=\"elementor-post__title\">\n\t\t\t<a href=\"https:\/\/www.cong-pratt.com\/es\/de-siena-a-lieja-la-exposicion-geografias-imaginarias-rinde-homenaje-al-arte-de-hugo-pratt-y-vuelve-a-belgica-a-partir-del-26-de-marzo\/\" >\n\t\t\t\tDe Siena a Lieja: la exposici\u00f3n \u00abGeograf\u00edas imaginarias\u00bb rinde homenaje al arte de Hugo Pratt y vuelve a B\u00e9lgica a partir del 26 de marzo\t\t\t<\/a>\n\t\t<\/h3>\n\t\t\t\t<div class=\"elementor-post__meta-data\">\n\t\t\t\t\t<span class=\"elementor-post-date\">\n\t\t\t18 marzo 2026\t\t<\/span>\n\t\t\t\t<\/div>\n\t\t\t\t<div class=\"elementor-post__excerpt\">\n\t\t\t<p>LIEGE, LE CADRAN. DEL 26 DE MARZO AL 14 DE JUNIO DE 2026 Hugo Pratt en Lieja. \u00abGeograf\u00edas imaginarias\u00bb se inaugura en Le Cadran Expo<\/p>\n\t\t<\/div>\n\t\t\n\t\t<a class=\"elementor-post__read-more\" href=\"https:\/\/www.cong-pratt.com\/es\/de-siena-a-lieja-la-exposicion-geografias-imaginarias-rinde-homenaje-al-arte-de-hugo-pratt-y-vuelve-a-belgica-a-partir-del-26-de-marzo\/\" aria-label=\"M\u00e1s informaci\u00f3n sobre De Siena a Lieja: la exposici\u00f3n \u00abGeograf\u00edas imaginarias\u00bb rinde homenaje al arte de Hugo Pratt y vuelve a B\u00e9lgica a partir del 26 de marzo\" tabindex=\"-1\" >\n\t\t\tleggi \u00bb\t\t<\/a>\n\n\t\t\t\t<\/div>\n\t\t\t\t<\/article>\n\t\t\t\t<article class=\"elementor-post elementor-grid-item post-33120 post type-post status-publish format-standard has-post-thumbnail hentry category-noticias-es tag-award-es tag-hugo-pratt-es\" role=\"listitem\">\n\t\t\t\t<a class=\"elementor-post__thumbnail__link\" href=\"https:\/\/www.cong-pratt.com\/es\/premios-hugo-pratt-comics-los-ganadores-de-la-primera-edicion\/\" tabindex=\"-1\" >\n\t\t\t<div class=\"elementor-post__thumbnail\"><img loading=\"lazy\" decoding=\"async\" width=\"300\" height=\"169\" src=\"https:\/\/www.cong-pratt.com\/wp-content\/uploads\/2025\/11\/CongcoverAwards-300x169.jpg\" class=\"attachment-medium size-medium wp-image-32886\" alt=\"\" srcset=\"https:\/\/www.cong-pratt.com\/wp-content\/uploads\/2025\/11\/CongcoverAwards-300x169.jpg 300w, https:\/\/www.cong-pratt.com\/wp-content\/uploads\/2025\/11\/CongcoverAwards-1024x576.jpg 1024w, https:\/\/www.cong-pratt.com\/wp-content\/uploads\/2025\/11\/CongcoverAwards-768x432.jpg 768w, https:\/\/www.cong-pratt.com\/wp-content\/uploads\/2025\/11\/CongcoverAwards-1536x864.jpg 1536w, https:\/\/www.cong-pratt.com\/wp-content\/uploads\/2025\/11\/CongcoverAwards-600x338.jpg 600w, https:\/\/www.cong-pratt.com\/wp-content\/uploads\/2025\/11\/CongcoverAwards.jpg 1920w\" sizes=\"(max-width: 300px) 100vw, 300px\" \/><\/div>\n\t\t<\/a>\n\t\t\t\t<div class=\"elementor-post__text\">\n\t\t\t\t<h3 class=\"elementor-post__title\">\n\t\t\t<a href=\"https:\/\/www.cong-pratt.com\/es\/premios-hugo-pratt-comics-los-ganadores-de-la-primera-edicion\/\" >\n\t\t\t\tPremios Hugo Pratt Comics: los ganadores de la primera edici\u00f3n\t\t\t<\/a>\n\t\t<\/h3>\n\t\t\t\t<div class=\"elementor-post__meta-data\">\n\t\t\t\t\t<span class=\"elementor-post-date\">\n\t\t\t11 noviembre 2025\t\t<\/span>\n\t\t\t\t<\/div>\n\t\t\t\t<div class=\"elementor-post__excerpt\">\n\t\t\t<p>PREMIOS HUGO PRATT DE C\u00d3MICS &#8211; LOS GANADORES Nos complace anunciar la publicaci\u00f3n en l\u00ednea de las vi\u00f1etas ganadoras de los Hugo Pratt Comics Awards,<\/p>\n\t\t<\/div>\n\t\t\n\t\t<a class=\"elementor-post__read-more\" href=\"https:\/\/www.cong-pratt.com\/es\/premios-hugo-pratt-comics-los-ganadores-de-la-primera-edicion\/\" aria-label=\"M\u00e1s informaci\u00f3n sobre Premios Hugo Pratt Comics: los ganadores de la primera edici\u00f3n\" tabindex=\"-1\" >\n\t\t\tleggi \u00bb\t\t<\/a>\n\n\t\t\t\t<\/div>\n\t\t\t\t<\/article>\n\t\t\t\t<\/div>\n\t\t\n\t\t\t\t\t\t<\/div>\n\t\t\t\t<\/div>\n\t\t\t\t\t<\/div>\n\t\t<\/div>\n\t\t\t\t\t<\/div>\n\t\t<\/section>\n\t\t\t\t<\/div>\n\t\t","protected":false},"excerpt":{"rendered":"<p>CARPETA HP SOBRE LA ODISEA, A PARTIR DE AGOSTO DE 2023 La Carpeta de Hugo Pratt sobre la Odisea, un viaje en el tiempo para contar de nuevo la historia. Mil\u00e1n, 1965. Redacci\u00f3n del Corriere dei Piccoli, el semanario ilustrado de Il Corriere della Sera. Un empleado de la secretar\u00eda editorial se dirige hacia el [&hellip;]<\/p>\n","protected":false},"author":2,"featured_media":26095,"comment_status":"closed","ping_status":"open","sticky":false,"template":"elementor_theme","format":"standard","meta":{"footnotes":""},"categories":[467],"tags":[600,686,894],"class_list":["post-26203","post","type-post","status-publish","format-standard","has-post-thumbnail","hentry","category-noticias-es","tag-corto-maltese-es","tag-hugo-pratt-es","tag-recanati-es"],"_links":{"self":[{"href":"https:\/\/www.cong-pratt.com\/es\/wp-json\/wp\/v2\/posts\/26203","targetHints":{"allow":["GET"]}}],"collection":[{"href":"https:\/\/www.cong-pratt.com\/es\/wp-json\/wp\/v2\/posts"}],"about":[{"href":"https:\/\/www.cong-pratt.com\/es\/wp-json\/wp\/v2\/types\/post"}],"author":[{"embeddable":true,"href":"https:\/\/www.cong-pratt.com\/es\/wp-json\/wp\/v2\/users\/2"}],"replies":[{"embeddable":true,"href":"https:\/\/www.cong-pratt.com\/es\/wp-json\/wp\/v2\/comments?post=26203"}],"version-history":[{"count":1,"href":"https:\/\/www.cong-pratt.com\/es\/wp-json\/wp\/v2\/posts\/26203\/revisions"}],"predecessor-version":[{"id":26204,"href":"https:\/\/www.cong-pratt.com\/es\/wp-json\/wp\/v2\/posts\/26203\/revisions\/26204"}],"wp:featuredmedia":[{"embeddable":true,"href":"https:\/\/www.cong-pratt.com\/es\/wp-json\/wp\/v2\/media\/26095"}],"wp:attachment":[{"href":"https:\/\/www.cong-pratt.com\/es\/wp-json\/wp\/v2\/media?parent=26203"}],"wp:term":[{"taxonomy":"category","embeddable":true,"href":"https:\/\/www.cong-pratt.com\/es\/wp-json\/wp\/v2\/categories?post=26203"},{"taxonomy":"post_tag","embeddable":true,"href":"https:\/\/www.cong-pratt.com\/es\/wp-json\/wp\/v2\/tags?post=26203"}],"curies":[{"name":"wp","href":"https:\/\/api.w.org\/{rel}","templated":true}]}}