{"id":28255,"date":"2024-05-23T11:11:14","date_gmt":"2024-05-23T09:11:14","guid":{"rendered":"https:\/\/www.cong-pratt.com\/corto-maltese-en-el-festival-internacional-de-comics-de-lyon-dos-exposiciones-que-celebran-el-presente-y-el-futuro-de-la-aventura\/"},"modified":"2024-06-19T09:52:19","modified_gmt":"2024-06-19T07:52:19","slug":"corto-maltese-en-el-festival-internacional-de-comics-de-lyon-dos-exposiciones-que-celebran-el-presente-y-el-futuro-de-la-aventura","status":"publish","type":"post","link":"https:\/\/www.cong-pratt.com\/es\/corto-maltese-en-el-festival-internacional-de-comics-de-lyon-dos-exposiciones-que-celebran-el-presente-y-el-futuro-de-la-aventura\/","title":{"rendered":"Corto Maltese en el Festival Internacional de C\u00f3mics de Lyon, dos exposiciones que celebran el presente y el futuro de la aventura."},"content":{"rendered":"\t\t<div data-elementor-type=\"wp-post\" data-elementor-id=\"28255\" class=\"elementor elementor-28255 elementor-28191\" data-elementor-post-type=\"post\">\n\t\t\t\t\t\t<section class=\"elementor-section elementor-top-section elementor-element elementor-element-7e970d37 elementor-section-boxed elementor-section-height-default elementor-section-height-default\" data-id=\"7e970d37\" data-element_type=\"section\">\n\t\t\t\t\t\t<div class=\"elementor-container elementor-column-gap-default\">\n\t\t\t\t\t<div class=\"elementor-column elementor-col-100 elementor-top-column elementor-element elementor-element-4a7f11fc\" data-id=\"4a7f11fc\" data-element_type=\"column\">\n\t\t\t<div class=\"elementor-widget-wrap elementor-element-populated\">\n\t\t\t\t\t\t<div class=\"elementor-element elementor-element-550e719 elementor-widget elementor-widget-spacer\" data-id=\"550e719\" data-element_type=\"widget\" data-widget_type=\"spacer.default\">\n\t\t\t\t<div class=\"elementor-widget-container\">\n\t\t\t\t\t\t\t<div class=\"elementor-spacer\">\n\t\t\t<div class=\"elementor-spacer-inner\"><\/div>\n\t\t<\/div>\n\t\t\t\t\t\t<\/div>\n\t\t\t\t<\/div>\n\t\t\t\t<div class=\"elementor-element elementor-element-c6e091b elementor-widget elementor-widget-heading\" data-id=\"c6e091b\" data-element_type=\"widget\" data-widget_type=\"heading.default\">\n\t\t\t\t<div class=\"elementor-widget-container\">\n\t\t\t\t\t<h2 class=\"elementor-heading-title elementor-size-default\">DEL 31 DE MAYO HASTA EL 28 DE JULIO DE 2024 - Y SIMULT\u00c1NEAMENTE CON EL LYON BD FESTIVAL DEL 7 AL 9 DE JUNIO - EN LYON SE CELEBRA EL C\u00d3MIC<\/h2>\t\t\t\t<\/div>\n\t\t\t\t<\/div>\n\t\t\t\t<div class=\"elementor-element elementor-element-324b31d elementor-widget-divider--view-line elementor-widget elementor-widget-divider\" data-id=\"324b31d\" data-element_type=\"widget\" data-widget_type=\"divider.default\">\n\t\t\t\t<div class=\"elementor-widget-container\">\n\t\t\t\t\t\t\t<div class=\"elementor-divider\">\n\t\t\t<span class=\"elementor-divider-separator\">\n\t\t\t\t\t\t<\/span>\n\t\t<\/div>\n\t\t\t\t\t\t<\/div>\n\t\t\t\t<\/div>\n\t\t\t\t<div class=\"elementor-element elementor-element-50f99475 elementor-widget elementor-widget-text-editor\" data-id=\"50f99475\" data-element_type=\"widget\" data-widget_type=\"text-editor.default\">\n\t\t\t\t<div class=\"elementor-widget-container\">\n\t\t\t\t\t\t\t\t\t<h2>Seis a\u00f1os despu\u00e9s del incre\u00edble \u00e9xito de la exposici\u00f3n &#8216;Hugo Pratt \u2013 Lignes d\u2019horizons&#8217; en el Mus\u00e9e des Confluences, Corto Malt\u00e9s regresa a Lyon con dos exposiciones: a la muestra &#8216;Hugo Pratt, el legado, la obra y la biograf\u00eda&#8217; se a\u00f1aden las p\u00e1ginas originales de las historias realizadas por Juan D\u00edaz Canales y Rub\u00e9n Pellejero, que har\u00e1n de gu\u00edas destacados en la visita a la exposici\u00f3n.<\/h2>\n\t\t\t\t\t\t\t\t<\/div>\n\t\t\t\t<\/div>\n\t\t\t\t<div class=\"elementor-element elementor-element-d27cb65 elementor-widget elementor-widget-spacer\" data-id=\"d27cb65\" data-element_type=\"widget\" data-widget_type=\"spacer.default\">\n\t\t\t\t<div class=\"elementor-widget-container\">\n\t\t\t\t\t\t\t<div class=\"elementor-spacer\">\n\t\t\t<div class=\"elementor-spacer-inner\"><\/div>\n\t\t<\/div>\n\t\t\t\t\t\t<\/div>\n\t\t\t\t<\/div>\n\t\t\t\t\t<\/div>\n\t\t<\/div>\n\t\t\t\t\t<\/div>\n\t\t<\/section>\n\t\t\t\t<section class=\"elementor-section elementor-top-section elementor-element elementor-element-a3cd859 elementor-section-boxed elementor-section-height-default elementor-section-height-default\" data-id=\"a3cd859\" data-element_type=\"section\">\n\t\t\t\t\t\t<div class=\"elementor-container elementor-column-gap-default\">\n\t\t\t\t\t<div class=\"elementor-column elementor-col-33 elementor-top-column elementor-element elementor-element-b8c8236\" data-id=\"b8c8236\" data-element_type=\"column\">\n\t\t\t<div class=\"elementor-widget-wrap elementor-element-populated\">\n\t\t\t\t\t\t<div class=\"elementor-element elementor-element-6428eab elementor-widget elementor-widget-image\" data-id=\"6428eab\" data-element_type=\"widget\" data-widget_type=\"image.default\">\n\t\t\t\t<div class=\"elementor-widget-container\">\n\t\t\t\t\t\t\t\t\t\t\t\t<figure class=\"wp-caption\">\n\t\t\t\t\t\t\t\t\t\t<img fetchpriority=\"high\" decoding=\"async\" width=\"723\" height=\"1024\" src=\"https:\/\/www.cong-pratt.com\/wp-content\/uploads\/2024\/05\/KV_CORTO_Maltese_DEF-723x1024.jpg\" class=\"attachment-large size-large wp-image-28206\" alt=\"Corto Maltese Lione\" srcset=\"https:\/\/www.cong-pratt.com\/wp-content\/uploads\/2024\/05\/KV_CORTO_Maltese_DEF-723x1024.jpg 723w, https:\/\/www.cong-pratt.com\/wp-content\/uploads\/2024\/05\/KV_CORTO_Maltese_DEF-212x300.jpg 212w, https:\/\/www.cong-pratt.com\/wp-content\/uploads\/2024\/05\/KV_CORTO_Maltese_DEF-600x849.jpg 600w, https:\/\/www.cong-pratt.com\/wp-content\/uploads\/2024\/05\/KV_CORTO_Maltese_DEF.jpg 763w\" sizes=\"(max-width: 723px) 100vw, 723px\" \/>\t\t\t\t\t\t\t\t\t\t\t<figcaption class=\"widget-image-caption wp-caption-text\"><\/figcaption>\n\t\t\t\t\t\t\t\t\t\t<\/figure>\n\t\t\t\t\t\t\t\t\t<\/div>\n\t\t\t\t<\/div>\n\t\t\t\t\t<\/div>\n\t\t<\/div>\n\t\t\t\t<div class=\"elementor-column elementor-col-66 elementor-top-column elementor-element elementor-element-1b71a06\" data-id=\"1b71a06\" data-element_type=\"column\">\n\t\t\t<div class=\"elementor-widget-wrap elementor-element-populated\">\n\t\t\t\t\t\t<div class=\"elementor-element elementor-element-1d0013b elementor-widget elementor-widget-text-editor\" data-id=\"1d0013b\" data-element_type=\"widget\" data-widget_type=\"text-editor.default\">\n\t\t\t\t<div class=\"elementor-widget-container\">\n\t\t\t\t\t\t\t\t\t<p><strong>Organizada en colaboraci\u00f3n con la Regi\u00f3n de Auvernia-R\u00f3dano-Alpes, el Instituto Italiano de Cultura de Lyon y Cong SA, la exposici\u00f3n es uno de los eventos principales del Festival Internacional del C\u00f3mic de Lyon, pero estar\u00e1 abierta al p\u00fablico desde el 31 de mayo hasta el 28 de julio de 2024 en el Mus\u00e9e des Tissus et des Arts d\u00e9coratifs.<\/strong><\/p>\n<h6>Entrada gratuita<br \/>\nDe martes a domingo<br \/>\nde 10:00 a 19:00<\/h6>\n\t\t\t\t\t\t\t\t<\/div>\n\t\t\t\t<\/div>\n\t\t\t\t<div class=\"elementor-element elementor-element-c7df3e5 elementor-widget-divider--view-line elementor-widget elementor-widget-divider\" data-id=\"c7df3e5\" data-element_type=\"widget\" data-widget_type=\"divider.default\">\n\t\t\t\t<div class=\"elementor-widget-container\">\n\t\t\t\t\t\t\t<div class=\"elementor-divider\">\n\t\t\t<span class=\"elementor-divider-separator\">\n\t\t\t\t\t\t<\/span>\n\t\t<\/div>\n\t\t\t\t\t\t<\/div>\n\t\t\t\t<\/div>\n\t\t\t\t<div class=\"elementor-element elementor-element-4cafb18 elementor-widget elementor-widget-text-editor\" data-id=\"4cafb18\" data-element_type=\"widget\" data-widget_type=\"text-editor.default\">\n\t\t\t\t<div class=\"elementor-widget-container\">\n\t\t\t\t\t\t\t\t\t<p>HUGO PRATT, EL LEGADO, LA OBRA, LA BIOGRAF\u00cdA\u00bb, EN LYON LA SEXTA PARADA DEL PROYECTO PROMOVIDO POR EL MINISTERIO DE ASUNTOS EXTERIORES EN COLABORACI\u00d3N CON CONG SA<\/p>\n\t\t\t\t\t\t\t\t<\/div>\n\t\t\t\t<\/div>\n\t\t\t\t\t<\/div>\n\t\t<\/div>\n\t\t\t\t\t<\/div>\n\t\t<\/section>\n\t\t\t\t<section class=\"elementor-section elementor-top-section elementor-element elementor-element-27415ec elementor-section-boxed elementor-section-height-default elementor-section-height-default\" data-id=\"27415ec\" data-element_type=\"section\">\n\t\t\t\t\t\t<div class=\"elementor-container elementor-column-gap-default\">\n\t\t\t\t\t<div class=\"elementor-column elementor-col-33 elementor-top-column elementor-element elementor-element-e529d28\" data-id=\"e529d28\" data-element_type=\"column\">\n\t\t\t<div class=\"elementor-widget-wrap elementor-element-populated\">\n\t\t\t\t\t\t<div class=\"elementor-element elementor-element-8bb1c65 elementor-widget elementor-widget-spacer\" data-id=\"8bb1c65\" data-element_type=\"widget\" data-widget_type=\"spacer.default\">\n\t\t\t\t<div class=\"elementor-widget-container\">\n\t\t\t\t\t\t\t<div class=\"elementor-spacer\">\n\t\t\t<div class=\"elementor-spacer-inner\"><\/div>\n\t\t<\/div>\n\t\t\t\t\t\t<\/div>\n\t\t\t\t<\/div>\n\t\t\t\t<div class=\"elementor-element elementor-element-956eb26 elementor-widget elementor-widget-text-editor\" data-id=\"956eb26\" data-element_type=\"widget\" data-widget_type=\"text-editor.default\">\n\t\t\t\t<div class=\"elementor-widget-container\">\n\t\t\t\t\t\t\t\t\t<h3>Juan D\u00edaz Canales y Rub\u00e9n Pellejero, los autores del nuevo Corto Malt\u00e9s, estar\u00e1n presentes durante el Festival de la BD de Lyon para acompa\u00f1ar a los visitantes a trav\u00e9s de las nuevas p\u00e1ginas de sus nuevas aventuras. <span class=\"Apple-converted-space\">\u00a0<\/span><\/h3>\n<p>Adem\u00e1s del recorrido expositivo imaginado por Patrizia Zanotti para sumergir a los visitantes en un paralelismo entre la vida de Hugo Pratt y las historias de Corto Malt\u00e9s, tambi\u00e9n se expondr\u00e1n en el Mus\u00e9e des Tissus et des Arts d\u00e9coratifs las planchas originales de Rub\u00e9n Pellejero, que junto con el guionista Juan D\u00edaz Canales ha retomado las historias de Corto Malt\u00e9s con cuatro nuevos episodios, y un quinto en camino.<\/p>\n<p>Pero no termina aqu\u00ed: los autores tambi\u00e9n ser\u00e1n gu\u00edas de museo de excepci\u00f3n (domingo 9 de junio a las 11:00, solo con reserva) que acompa\u00f1ar\u00e1n a los visitantes para contar la historia, g\u00e9nesis y futuro de las p\u00e1ginas originales expuestas.<\/p>\n<p>&nbsp;<\/p>\n\t\t\t\t\t\t\t\t<\/div>\n\t\t\t\t<\/div>\n\t\t\t\t\t<\/div>\n\t\t<\/div>\n\t\t\t\t<div class=\"elementor-column elementor-col-66 elementor-top-column elementor-element elementor-element-ff2ab41\" data-id=\"ff2ab41\" data-element_type=\"column\">\n\t\t\t<div class=\"elementor-widget-wrap elementor-element-populated\">\n\t\t\t\t\t\t<div class=\"elementor-element elementor-element-bdc9460 elementor-widget elementor-widget-spacer\" data-id=\"bdc9460\" data-element_type=\"widget\" data-widget_type=\"spacer.default\">\n\t\t\t\t<div class=\"elementor-widget-container\">\n\t\t\t\t\t\t\t<div class=\"elementor-spacer\">\n\t\t\t<div class=\"elementor-spacer-inner\"><\/div>\n\t\t<\/div>\n\t\t\t\t\t\t<\/div>\n\t\t\t\t<\/div>\n\t\t\t\t<div class=\"elementor-element elementor-element-19a1a3f elementor-widget elementor-widget-gallery\" data-id=\"19a1a3f\" data-element_type=\"widget\" data-settings=\"{&quot;gallery_layout&quot;:&quot;masonry&quot;,&quot;columns&quot;:3,&quot;lazyload&quot;:&quot;yes&quot;,&quot;columns_tablet&quot;:2,&quot;columns_mobile&quot;:1,&quot;gap&quot;:{&quot;unit&quot;:&quot;px&quot;,&quot;size&quot;:10,&quot;sizes&quot;:[]},&quot;gap_tablet&quot;:{&quot;unit&quot;:&quot;px&quot;,&quot;size&quot;:10,&quot;sizes&quot;:[]},&quot;gap_mobile&quot;:{&quot;unit&quot;:&quot;px&quot;,&quot;size&quot;:10,&quot;sizes&quot;:[]},&quot;link_to&quot;:&quot;file&quot;,&quot;overlay_background&quot;:&quot;yes&quot;,&quot;content_hover_animation&quot;:&quot;fade-in&quot;}\" data-widget_type=\"gallery.default\">\n\t\t\t\t<div class=\"elementor-widget-container\">\n\t\t\t\t\t\t\t<div class=\"elementor-gallery__container\">\n\t\t\t\t\t\t\t<a class=\"e-gallery-item elementor-gallery-item elementor-animated-content\" href=\"https:\/\/www.cong-pratt.com\/wp-content\/uploads\/2024\/05\/Capture-decran-2024-03-28-182231.png\" data-elementor-open-lightbox=\"yes\" data-elementor-lightbox-slideshow=\"19a1a3f\" data-elementor-lightbox-title=\"Capture d&#039;\u00e9cran 2024-03-28 182231\" data-e-action-hash=\"#elementor-action%3Aaction%3Dlightbox%26settings%3DeyJpZCI6MjgyMDcsInVybCI6Imh0dHBzOlwvXC93d3cuY29uZy1wcmF0dC5jb21cL3dwLWNvbnRlbnRcL3VwbG9hZHNcLzIwMjRcLzA1XC9DYXB0dXJlLWRlY3Jhbi0yMDI0LTAzLTI4LTE4MjIzMS5wbmciLCJzbGlkZXNob3ciOiIxOWExYTNmIn0%3D\">\n\t\t\t\t\t<div class=\"e-gallery-image elementor-gallery-item__image\" data-thumbnail=\"https:\/\/www.cong-pratt.com\/wp-content\/uploads\/2024\/05\/Capture-decran-2024-03-28-182231-220x300.png\" data-width=\"220\" data-height=\"300\" aria-label=\"Corto Maltese Lione\" role=\"img\" ><\/div>\n\t\t\t\t\t\t\t\t\t\t\t<div class=\"elementor-gallery-item__overlay\"><\/div>\n\t\t\t\t\t\t\t\t\t\t\t\t\t\t<\/a>\n\t\t\t\t\t\t\t<a class=\"e-gallery-item elementor-gallery-item elementor-animated-content\" href=\"https:\/\/www.cong-pratt.com\/wp-content\/uploads\/2024\/05\/Capture-decran-2024-03-28-182657.png\" data-elementor-open-lightbox=\"yes\" data-elementor-lightbox-slideshow=\"19a1a3f\" data-elementor-lightbox-title=\"Capture d&#039;\u00e9cran 2024-03-28 182657\" data-e-action-hash=\"#elementor-action%3Aaction%3Dlightbox%26settings%3DeyJpZCI6MjgyMTIsInVybCI6Imh0dHBzOlwvXC93d3cuY29uZy1wcmF0dC5jb21cL3dwLWNvbnRlbnRcL3VwbG9hZHNcLzIwMjRcLzA1XC9DYXB0dXJlLWRlY3Jhbi0yMDI0LTAzLTI4LTE4MjY1Ny5wbmciLCJzbGlkZXNob3ciOiIxOWExYTNmIn0%3D\">\n\t\t\t\t\t<div class=\"e-gallery-image elementor-gallery-item__image\" data-thumbnail=\"https:\/\/www.cong-pratt.com\/wp-content\/uploads\/2024\/05\/Capture-decran-2024-03-28-182657-227x300.png\" data-width=\"227\" data-height=\"300\" aria-label=\"Corto Maltese Lione\" role=\"img\" ><\/div>\n\t\t\t\t\t\t\t\t\t\t\t<div class=\"elementor-gallery-item__overlay\"><\/div>\n\t\t\t\t\t\t\t\t\t\t\t\t\t\t<\/a>\n\t\t\t\t\t\t\t<a class=\"e-gallery-item elementor-gallery-item elementor-animated-content\" href=\"https:\/\/www.cong-pratt.com\/wp-content\/uploads\/2024\/05\/Capture-decran-2024-03-28-182707.png\" data-elementor-open-lightbox=\"yes\" data-elementor-lightbox-slideshow=\"19a1a3f\" data-elementor-lightbox-title=\"Capture d&#039;\u00e9cran 2024-03-28 182707\" data-e-action-hash=\"#elementor-action%3Aaction%3Dlightbox%26settings%3DeyJpZCI6MjgyMTcsInVybCI6Imh0dHBzOlwvXC93d3cuY29uZy1wcmF0dC5jb21cL3dwLWNvbnRlbnRcL3VwbG9hZHNcLzIwMjRcLzA1XC9DYXB0dXJlLWRlY3Jhbi0yMDI0LTAzLTI4LTE4MjcwNy5wbmciLCJzbGlkZXNob3ciOiIxOWExYTNmIn0%3D\">\n\t\t\t\t\t<div class=\"e-gallery-image elementor-gallery-item__image\" data-thumbnail=\"https:\/\/www.cong-pratt.com\/wp-content\/uploads\/2024\/05\/Capture-decran-2024-03-28-182707-222x300.png\" data-width=\"222\" data-height=\"300\" aria-label=\"Corto Maltese Lione\" role=\"img\" ><\/div>\n\t\t\t\t\t\t\t\t\t\t\t<div class=\"elementor-gallery-item__overlay\"><\/div>\n\t\t\t\t\t\t\t\t\t\t\t\t\t\t<\/a>\n\t\t\t\t\t\t\t<a class=\"e-gallery-item elementor-gallery-item elementor-animated-content\" href=\"https:\/\/www.cong-pratt.com\/wp-content\/uploads\/2024\/05\/Capture-decran-2024-03-28-183615.png\" data-elementor-open-lightbox=\"yes\" data-elementor-lightbox-slideshow=\"19a1a3f\" data-elementor-lightbox-title=\"Capture d&#039;\u00e9cran 2024-03-28 183615\" data-e-action-hash=\"#elementor-action%3Aaction%3Dlightbox%26settings%3DeyJpZCI6MjgyMjIsInVybCI6Imh0dHBzOlwvXC93d3cuY29uZy1wcmF0dC5jb21cL3dwLWNvbnRlbnRcL3VwbG9hZHNcLzIwMjRcLzA1XC9DYXB0dXJlLWRlY3Jhbi0yMDI0LTAzLTI4LTE4MzYxNS5wbmciLCJzbGlkZXNob3ciOiIxOWExYTNmIn0%3D\">\n\t\t\t\t\t<div class=\"e-gallery-image elementor-gallery-item__image\" data-thumbnail=\"https:\/\/www.cong-pratt.com\/wp-content\/uploads\/2024\/05\/Capture-decran-2024-03-28-183615-223x300.png\" data-width=\"223\" data-height=\"300\" aria-label=\"Corto Maltese Lione\" role=\"img\" ><\/div>\n\t\t\t\t\t\t\t\t\t\t\t<div class=\"elementor-gallery-item__overlay\"><\/div>\n\t\t\t\t\t\t\t\t\t\t\t\t\t\t<\/a>\n\t\t\t\t\t\t\t<a class=\"e-gallery-item elementor-gallery-item elementor-animated-content\" href=\"https:\/\/www.cong-pratt.com\/wp-content\/uploads\/2024\/05\/Capture-decran-2024-03-28-183723.png\" data-elementor-open-lightbox=\"yes\" data-elementor-lightbox-slideshow=\"19a1a3f\" data-elementor-lightbox-title=\"Capture d&#039;\u00e9cran 2024-03-28 183723\" data-e-action-hash=\"#elementor-action%3Aaction%3Dlightbox%26settings%3DeyJpZCI6MjgyMjcsInVybCI6Imh0dHBzOlwvXC93d3cuY29uZy1wcmF0dC5jb21cL3dwLWNvbnRlbnRcL3VwbG9hZHNcLzIwMjRcLzA1XC9DYXB0dXJlLWRlY3Jhbi0yMDI0LTAzLTI4LTE4MzcyMy5wbmciLCJzbGlkZXNob3ciOiIxOWExYTNmIn0%3D\">\n\t\t\t\t\t<div class=\"e-gallery-image elementor-gallery-item__image\" data-thumbnail=\"https:\/\/www.cong-pratt.com\/wp-content\/uploads\/2024\/05\/Capture-decran-2024-03-28-183723-220x300.png\" data-width=\"220\" data-height=\"300\" aria-label=\"Corto Maltese Lione\" role=\"img\" ><\/div>\n\t\t\t\t\t\t\t\t\t\t\t<div class=\"elementor-gallery-item__overlay\"><\/div>\n\t\t\t\t\t\t\t\t\t\t\t\t\t\t<\/a>\n\t\t\t\t\t\t\t<a class=\"e-gallery-item elementor-gallery-item elementor-animated-content\" href=\"https:\/\/www.cong-pratt.com\/wp-content\/uploads\/2024\/05\/Capture-decran.png\" data-elementor-open-lightbox=\"yes\" data-elementor-lightbox-slideshow=\"19a1a3f\" data-elementor-lightbox-title=\"Capture d&#039;ecran\" data-e-action-hash=\"#elementor-action%3Aaction%3Dlightbox%26settings%3DeyJpZCI6MjgyMzIsInVybCI6Imh0dHBzOlwvXC93d3cuY29uZy1wcmF0dC5jb21cL3dwLWNvbnRlbnRcL3VwbG9hZHNcLzIwMjRcLzA1XC9DYXB0dXJlLWRlY3Jhbi5wbmciLCJzbGlkZXNob3ciOiIxOWExYTNmIn0%3D\">\n\t\t\t\t\t<div class=\"e-gallery-image elementor-gallery-item__image\" data-thumbnail=\"https:\/\/www.cong-pratt.com\/wp-content\/uploads\/2024\/05\/Capture-decran-221x300.png\" data-width=\"221\" data-height=\"300\" aria-label=\"\" role=\"img\" ><\/div>\n\t\t\t\t\t\t\t\t\t\t\t<div class=\"elementor-gallery-item__overlay\"><\/div>\n\t\t\t\t\t\t\t\t\t\t\t\t\t\t<\/a>\n\t\t\t\t\t<\/div>\n\t\t\t\t\t<\/div>\n\t\t\t\t<\/div>\n\t\t\t\t<div class=\"elementor-element elementor-element-1c8bb1d elementor-widget elementor-widget-text-editor\" data-id=\"1c8bb1d\" data-element_type=\"widget\" data-widget_type=\"text-editor.default\">\n\t\t\t\t<div class=\"elementor-widget-container\">\n\t\t\t\t\t\t\t\t\t<h6 style=\"text-align: right;\"><strong><span style=\"color: #000080;\">Visita guiada con los autores (inscripci\u00f3n obligatoria)<\/span><\/strong><br \/>\n<strong><span style=\"color: #000080;\">Domingo 9 de junio a las 11 h<\/span><\/strong><\/h6>\n<h6 style=\"text-align: right;\"><strong><span style=\"color: #000080;\">Museo Tissus<\/span><\/strong><br \/>\n<strong><span style=\"color: #000080;\">34 rue de la Charit\u00e9<\/span><\/strong><br \/>\n<strong><span style=\"color: #000080;\">69002 Lyon<\/span><\/strong><\/h6>\n\t\t\t\t\t\t\t\t<\/div>\n\t\t\t\t<\/div>\n\t\t\t\t<div class=\"elementor-element elementor-element-7a6d90b elementor-widget elementor-widget-spacer\" data-id=\"7a6d90b\" data-element_type=\"widget\" data-widget_type=\"spacer.default\">\n\t\t\t\t<div class=\"elementor-widget-container\">\n\t\t\t\t\t\t\t<div class=\"elementor-spacer\">\n\t\t\t<div class=\"elementor-spacer-inner\"><\/div>\n\t\t<\/div>\n\t\t\t\t\t\t<\/div>\n\t\t\t\t<\/div>\n\t\t\t\t\t<\/div>\n\t\t<\/div>\n\t\t\t\t\t<\/div>\n\t\t<\/section>\n\t\t\t\t<section class=\"elementor-section elementor-top-section elementor-element elementor-element-a9426e4 elementor-section-boxed elementor-section-height-default elementor-section-height-default\" data-id=\"a9426e4\" data-element_type=\"section\">\n\t\t\t\t\t\t<div class=\"elementor-container elementor-column-gap-default\">\n\t\t\t\t\t<div class=\"elementor-column elementor-col-100 elementor-top-column elementor-element elementor-element-a8e0e85\" data-id=\"a8e0e85\" data-element_type=\"column\">\n\t\t\t<div class=\"elementor-widget-wrap elementor-element-populated\">\n\t\t\t\t\t\t<div class=\"elementor-element elementor-element-2996196 elementor-widget-divider--view-line elementor-widget elementor-widget-divider\" data-id=\"2996196\" data-element_type=\"widget\" data-widget_type=\"divider.default\">\n\t\t\t\t<div class=\"elementor-widget-container\">\n\t\t\t\t\t\t\t<div class=\"elementor-divider\">\n\t\t\t<span class=\"elementor-divider-separator\">\n\t\t\t\t\t\t<\/span>\n\t\t<\/div>\n\t\t\t\t\t\t<\/div>\n\t\t\t\t<\/div>\n\t\t\t\t\t<\/div>\n\t\t<\/div>\n\t\t\t\t\t<\/div>\n\t\t<\/section>\n\t\t\t\t<section class=\"elementor-section elementor-top-section elementor-element elementor-element-4fe5635 elementor-section-boxed elementor-section-height-default elementor-section-height-default\" data-id=\"4fe5635\" data-element_type=\"section\">\n\t\t\t\t\t\t<div class=\"elementor-container elementor-column-gap-default\">\n\t\t\t\t\t<div class=\"elementor-column elementor-col-50 elementor-top-column elementor-element elementor-element-fbd57ab\" data-id=\"fbd57ab\" data-element_type=\"column\">\n\t\t\t<div class=\"elementor-widget-wrap elementor-element-populated\">\n\t\t\t\t\t\t<section class=\"elementor-section elementor-inner-section elementor-element elementor-element-5443177 elementor-section-boxed elementor-section-height-default elementor-section-height-default\" data-id=\"5443177\" data-element_type=\"section\">\n\t\t\t\t\t\t<div class=\"elementor-container elementor-column-gap-default\">\n\t\t\t\t\t<div class=\"elementor-column elementor-col-50 elementor-inner-column elementor-element elementor-element-12e0c49\" data-id=\"12e0c49\" data-element_type=\"column\">\n\t\t\t<div class=\"elementor-widget-wrap elementor-element-populated\">\n\t\t\t\t\t\t<div class=\"elementor-element elementor-element-00a57f7 elementor-widget elementor-widget-image\" data-id=\"00a57f7\" data-element_type=\"widget\" data-widget_type=\"image.default\">\n\t\t\t\t<div class=\"elementor-widget-container\">\n\t\t\t\t\t\t\t\t\t\t\t\t\t\t\t\t<a href=\"https:\/\/www.cong-pratt.com\/es\/libro\/bajo-el-sol-de-medianoche\/\">\n\t\t\t\t\t\t\t<img decoding=\"async\" width=\"653\" height=\"823\" src=\"https:\/\/www.cong-pratt.com\/wp-content\/uploads\/2021\/08\/bookSottoilsoledimezzanotte-e1627975308480.png\" class=\"attachment-large size-large wp-image-15950\" alt=\"Sotto il sole di mezzanotte\" \/>\t\t\t\t\t\t\t\t<\/a>\n\t\t\t\t\t\t\t\t\t\t\t\t\t\t\t<\/div>\n\t\t\t\t<\/div>\n\t\t\t\t\t<\/div>\n\t\t<\/div>\n\t\t\t\t<div class=\"elementor-column elementor-col-50 elementor-inner-column elementor-element elementor-element-7bc5978\" data-id=\"7bc5978\" data-element_type=\"column\">\n\t\t\t<div class=\"elementor-widget-wrap elementor-element-populated\">\n\t\t\t\t\t\t<div class=\"elementor-element elementor-element-821f9de elementor-widget elementor-widget-image\" data-id=\"821f9de\" data-element_type=\"widget\" data-widget_type=\"image.default\">\n\t\t\t\t<div class=\"elementor-widget-container\">\n\t\t\t\t\t\t\t\t\t\t\t\t\t\t\t\t<a href=\"https:\/\/www.cong-pratt.com\/es\/libro\/equatoria\/\">\n\t\t\t\t\t\t\t<img decoding=\"async\" width=\"653\" height=\"823\" src=\"https:\/\/www.cong-pratt.com\/wp-content\/uploads\/2021\/08\/bookEquatoria-3.png\" class=\"attachment-large size-large wp-image-18133\" alt=\"Equatoria\" srcset=\"https:\/\/www.cong-pratt.com\/wp-content\/uploads\/2021\/08\/bookEquatoria-3.png 653w, https:\/\/www.cong-pratt.com\/wp-content\/uploads\/2021\/08\/bookEquatoria-3-238x300.png 238w\" sizes=\"(max-width: 653px) 100vw, 653px\" \/>\t\t\t\t\t\t\t\t<\/a>\n\t\t\t\t\t\t\t\t\t\t\t\t\t\t\t<\/div>\n\t\t\t\t<\/div>\n\t\t\t\t\t<\/div>\n\t\t<\/div>\n\t\t\t\t\t<\/div>\n\t\t<\/section>\n\t\t\t\t<section class=\"elementor-section elementor-inner-section elementor-element elementor-element-a2d45fe elementor-section-boxed elementor-section-height-default elementor-section-height-default\" data-id=\"a2d45fe\" data-element_type=\"section\">\n\t\t\t\t\t\t<div class=\"elementor-container elementor-column-gap-default\">\n\t\t\t\t\t<div class=\"elementor-column elementor-col-50 elementor-inner-column elementor-element elementor-element-fce9ea9\" data-id=\"fce9ea9\" data-element_type=\"column\">\n\t\t\t<div class=\"elementor-widget-wrap elementor-element-populated\">\n\t\t\t\t\t\t<div class=\"elementor-element elementor-element-10cde95 elementor-widget elementor-widget-image\" data-id=\"10cde95\" data-element_type=\"widget\" data-widget_type=\"image.default\">\n\t\t\t\t<div class=\"elementor-widget-container\">\n\t\t\t\t\t\t\t\t\t\t\t\t\t\t\t\t<a href=\"https:\/\/www.cong-pratt.com\/es\/libro\/el-dia-de-tarowean\/\">\n\t\t\t\t\t\t\t<img loading=\"lazy\" decoding=\"async\" width=\"653\" height=\"823\" src=\"https:\/\/www.cong-pratt.com\/wp-content\/uploads\/2021\/08\/booktarowean-e1627979590962.png\" class=\"attachment-large size-large wp-image-16020\" alt=\"Il giorno di Tarowean\" \/>\t\t\t\t\t\t\t\t<\/a>\n\t\t\t\t\t\t\t\t\t\t\t\t\t\t\t<\/div>\n\t\t\t\t<\/div>\n\t\t\t\t\t<\/div>\n\t\t<\/div>\n\t\t\t\t<div class=\"elementor-column elementor-col-50 elementor-inner-column elementor-element elementor-element-daf290f\" data-id=\"daf290f\" data-element_type=\"column\">\n\t\t\t<div class=\"elementor-widget-wrap elementor-element-populated\">\n\t\t\t\t\t\t<div class=\"elementor-element elementor-element-feac6ff elementor-widget elementor-widget-image\" data-id=\"feac6ff\" data-element_type=\"widget\" data-widget_type=\"image.default\">\n\t\t\t\t<div class=\"elementor-widget-container\">\n\t\t\t\t\t\t\t\t\t\t\t\t\t\t\t\t<a href=\"https:\/\/www.cong-pratt.com\/es\/libro\/notturno-berlinese\/\">\n\t\t\t\t\t\t\t<img loading=\"lazy\" decoding=\"async\" width=\"617\" height=\"779\" src=\"https:\/\/www.cong-pratt.com\/wp-content\/uploads\/2022\/09\/bookNotturno-Berlinese.png\" class=\"attachment-large size-large wp-image-24424\" alt=\"Notturno berlinese cover\" srcset=\"https:\/\/www.cong-pratt.com\/wp-content\/uploads\/2022\/09\/bookNotturno-Berlinese.png 617w, https:\/\/www.cong-pratt.com\/wp-content\/uploads\/2022\/09\/bookNotturno-Berlinese-238x300.png 238w, https:\/\/www.cong-pratt.com\/wp-content\/uploads\/2022\/09\/bookNotturno-Berlinese-600x758.png 600w\" sizes=\"(max-width: 617px) 100vw, 617px\" \/>\t\t\t\t\t\t\t\t<\/a>\n\t\t\t\t\t\t\t\t\t\t\t\t\t\t\t<\/div>\n\t\t\t\t<\/div>\n\t\t\t\t\t<\/div>\n\t\t<\/div>\n\t\t\t\t\t<\/div>\n\t\t<\/section>\n\t\t\t\t\t<\/div>\n\t\t<\/div>\n\t\t\t\t<div class=\"elementor-column elementor-col-50 elementor-top-column elementor-element elementor-element-609a6e6\" data-id=\"609a6e6\" data-element_type=\"column\">\n\t\t\t<div class=\"elementor-widget-wrap elementor-element-populated\">\n\t\t\t\t\t\t<div class=\"elementor-element elementor-element-5a049ae elementor-widget elementor-widget-heading\" data-id=\"5a049ae\" data-element_type=\"widget\" data-widget_type=\"heading.default\">\n\t\t\t\t<div class=\"elementor-widget-container\">\n\t\t\t\t\t<h2 class=\"elementor-heading-title elementor-size-default\">Corto Maltese, el nuevo camino de la aventura<\/h2>\t\t\t\t<\/div>\n\t\t\t\t<\/div>\n\t\t\t\t<div class=\"elementor-element elementor-element-a9ff372 elementor-widget elementor-widget-spacer\" data-id=\"a9ff372\" data-element_type=\"widget\" data-widget_type=\"spacer.default\">\n\t\t\t\t<div class=\"elementor-widget-container\">\n\t\t\t\t\t\t\t<div class=\"elementor-spacer\">\n\t\t\t<div class=\"elementor-spacer-inner\"><\/div>\n\t\t<\/div>\n\t\t\t\t\t\t<\/div>\n\t\t\t\t<\/div>\n\t\t\t\t<div class=\"elementor-element elementor-element-5d5034d elementor-widget elementor-widget-text-editor\" data-id=\"5d5034d\" data-element_type=\"widget\" data-widget_type=\"text-editor.default\">\n\t\t\t\t<div class=\"elementor-widget-container\">\n\t\t\t\t\t\t\t\t\t<div class=\"flex flex-grow flex-col max-w-full\">\n<div class=\"min-h-[20px] text-message flex flex-col items-start whitespace-pre-wrap break-words [.text-message+&amp;]:mt-5 juice:w-full juice:items-end overflow-x-auto gap-2\" dir=\"auto\" data-message-author-role=\"assistant\" data-message-id=\"94927456-e9f9-4d52-b2c3-250a6a2f9cdc\">\n<div class=\"flex w-full flex-col gap-1 juice:empty:hidden juice:first:pt-[3px]\">\n<div class=\"markdown prose w-full break-words dark:prose-invert dark\">\n<p>El 1 de octubre de 2015 se lanz\u00f3 simult\u00e1neamente en Italia, Francia y Espa\u00f1a la trig\u00e9sima aventura de Corto Maltese, la primera no escrita por Hugo Pratt.<\/p>\n<p>La historia se titula \u00abBajo el sol de medianoche\u00bb, y est\u00e1 escrita por Juan D\u00edaz Canales, ya conocido por su aclamada serie noir <em>Blacksad<\/em>, y dibujada por Rub\u00e9n Pellejero, co-creador junto a Jorge Zentner de Dieter Lumpen, aventurero nacido en los ochenta e inspirado de alguna manera por el antih\u00e9roe de Pratt.<\/p>\n<p>Otros mares que navegar, viejos amigos por reencontrar y nuevos compa\u00f1eros por conocer, pero el esp\u00edritu de Corto siempre est\u00e1 all\u00ed, en un desaf\u00edo de di\u00e1logos afilados, rescates por realizar y tesoros por descubrir.<\/p>\n<p>A esa primera historia le siguieron otras tres, y una quinta est\u00e1 en camino. Hoy los autores volver\u00e1n a hablar sobre esas primeras experiencias, que cambiaron la historia de muchos lectores<\/p>\n<\/div>\n<\/div>\n<\/div>\n<\/div>\n<div class=\"mt-1 flex gap-3 empty:hidden juice:-ml-3\">\n<div class=\"items-center justify-start rounded-xl p-1 flex\">\n<div class=\"flex items-center\"><button class=\"rounded-lg text-token-text-secondary hover:bg-token-main-surface-secondary\"><\/button><button class=\"rounded-lg text-token-text-secondary hover:bg-token-main-surface-secondary\"><br \/>\n<\/button><\/div>\n<\/div>\n<\/div>\n\t\t\t\t\t\t\t\t<\/div>\n\t\t\t\t<\/div>\n\t\t\t\t\t<\/div>\n\t\t<\/div>\n\t\t\t\t\t<\/div>\n\t\t<\/section>\n\t\t\t\t<\/div>\n\t\t","protected":false},"excerpt":{"rendered":"<p>DEL 31 DE MAYO HASTA EL 28 DE JULIO DE 2024 &#8211; Y SIMULT\u00c1NEAMENTE CON EL LYON BD FESTIVAL DEL 7 AL 9 DE JUNIO &#8211; EN LYON SE CELEBRA EL C\u00d3MIC Seis a\u00f1os despu\u00e9s del incre\u00edble \u00e9xito de la exposici\u00f3n &#8216;Hugo Pratt \u2013 Lignes d\u2019horizons&#8217; en el Mus\u00e9e des Confluences, Corto Malt\u00e9s regresa a [&hellip;]<\/p>\n","protected":false},"author":2,"featured_media":28200,"comment_status":"closed","ping_status":"open","sticky":false,"template":"elementor_theme","format":"standard","meta":{"footnotes":""},"categories":[467],"tags":[900,686,922],"class_list":["post-28255","post","type-post","status-publish","format-standard","has-post-thumbnail","hentry","category-noticias-es","tag-exposicion","tag-hugo-pratt-es","tag-ministero-esteri-es"],"_links":{"self":[{"href":"https:\/\/www.cong-pratt.com\/es\/wp-json\/wp\/v2\/posts\/28255","targetHints":{"allow":["GET"]}}],"collection":[{"href":"https:\/\/www.cong-pratt.com\/es\/wp-json\/wp\/v2\/posts"}],"about":[{"href":"https:\/\/www.cong-pratt.com\/es\/wp-json\/wp\/v2\/types\/post"}],"author":[{"embeddable":true,"href":"https:\/\/www.cong-pratt.com\/es\/wp-json\/wp\/v2\/users\/2"}],"replies":[{"embeddable":true,"href":"https:\/\/www.cong-pratt.com\/es\/wp-json\/wp\/v2\/comments?post=28255"}],"version-history":[{"count":5,"href":"https:\/\/www.cong-pratt.com\/es\/wp-json\/wp\/v2\/posts\/28255\/revisions"}],"predecessor-version":[{"id":28532,"href":"https:\/\/www.cong-pratt.com\/es\/wp-json\/wp\/v2\/posts\/28255\/revisions\/28532"}],"wp:featuredmedia":[{"embeddable":true,"href":"https:\/\/www.cong-pratt.com\/es\/wp-json\/wp\/v2\/media\/28200"}],"wp:attachment":[{"href":"https:\/\/www.cong-pratt.com\/es\/wp-json\/wp\/v2\/media?parent=28255"}],"wp:term":[{"taxonomy":"category","embeddable":true,"href":"https:\/\/www.cong-pratt.com\/es\/wp-json\/wp\/v2\/categories?post=28255"},{"taxonomy":"post_tag","embeddable":true,"href":"https:\/\/www.cong-pratt.com\/es\/wp-json\/wp\/v2\/tags?post=28255"}],"curies":[{"name":"wp","href":"https:\/\/api.w.org\/{rel}","templated":true}]}}