{"id":29227,"date":"2024-10-19T16:29:08","date_gmt":"2024-10-19T14:29:08","guid":{"rendered":"https:\/\/www.cong-pratt.com\/?p=29227"},"modified":"2024-11-25T15:23:17","modified_gmt":"2024-11-25T14:23:17","slug":"la-linea-de-la-vida-corto-maltes-de-canales-y-pellejero","status":"publish","type":"post","link":"https:\/\/www.cong-pratt.com\/es\/la-linea-de-la-vida-corto-maltes-de-canales-y-pellejero\/","title":{"rendered":"La l\u00ednea de la vida: Corto Malt\u00e9s en el M\u00e9xico post-revolucionario, en una aventura donde la muerte habla espa\u00f1ol y llama su nombre. La nueva historia de Canales y Pellejero en noviembre."},"content":{"rendered":"\t\t<div data-elementor-type=\"wp-post\" data-elementor-id=\"29227\" class=\"elementor elementor-29227 elementor-29226\" data-elementor-post-type=\"post\">\n\t\t\t\t\t\t<section class=\"elementor-section elementor-top-section elementor-element elementor-element-a1355a1 elementor-section-boxed elementor-section-height-default elementor-section-height-default\" data-id=\"a1355a1\" data-element_type=\"section\">\n\t\t\t\t\t\t<div class=\"elementor-container elementor-column-gap-default\">\n\t\t\t\t\t<div class=\"elementor-column elementor-col-100 elementor-top-column elementor-element elementor-element-3b2c700\" data-id=\"3b2c700\" data-element_type=\"column\">\n\t\t\t<div class=\"elementor-widget-wrap elementor-element-populated\">\n\t\t\t\t\t\t<div class=\"elementor-element elementor-element-f7a259f elementor-widget elementor-widget-heading\" data-id=\"f7a259f\" data-element_type=\"widget\" data-widget_type=\"heading.default\">\n\t\t\t\t<div class=\"elementor-widget-container\">\n\t\t\t\t\t<h3 class=\"elementor-heading-title elementor-size-default\">Juan D\u00edaz Canales - Rub\u00e9n Pellejero<\/h3>\t\t\t\t<\/div>\n\t\t\t\t<\/div>\n\t\t\t\t<div class=\"elementor-element elementor-element-0d3e1fb elementor-headline--style-highlight elementor-widget elementor-widget-animated-headline\" data-id=\"0d3e1fb\" data-element_type=\"widget\" data-settings=\"{&quot;highlighted_text&quot;:&quot;LA LINEA DE LA VIDA&quot;,&quot;headline_style&quot;:&quot;highlight&quot;,&quot;marker&quot;:&quot;circle&quot;,&quot;loop&quot;:&quot;yes&quot;,&quot;highlight_animation_duration&quot;:1200,&quot;highlight_iteration_delay&quot;:8000}\" data-widget_type=\"animated-headline.default\">\n\t\t\t\t<div class=\"elementor-widget-container\">\n\t\t\t\t\t\t\t<h3 class=\"elementor-headline\">\n\t\t\t\t\t<span class=\"elementor-headline-plain-text elementor-headline-text-wrapper\">CORTO MALTESE<\/span>\n\t\t\t\t<span class=\"elementor-headline-dynamic-wrapper elementor-headline-text-wrapper\">\n\t\t\t\t\t<span class=\"elementor-headline-dynamic-text elementor-headline-text-active\">LA LINEA DE LA VIDA<\/span>\n\t\t\t\t<\/span>\n\t\t\t\t<\/h3>\n\t\t\t\t\t\t<\/div>\n\t\t\t\t<\/div>\n\t\t\t\t<div class=\"elementor-element elementor-element-f7520e4 elementor-widget elementor-widget-heading\" data-id=\"f7520e4\" data-element_type=\"widget\" data-widget_type=\"heading.default\">\n\t\t\t\t<div class=\"elementor-widget-container\">\n\t\t\t\t\t<h2 class=\"elementor-heading-title elementor-size-default\">En librer\u00edas y tiendas de c\u00f3mics a partir de noviembre de 2024.<\/h2>\t\t\t\t<\/div>\n\t\t\t\t<\/div>\n\t\t\t\t<div class=\"elementor-element elementor-element-18ce6cc elementor-widget-divider--view-line elementor-widget elementor-widget-divider\" data-id=\"18ce6cc\" data-element_type=\"widget\" data-widget_type=\"divider.default\">\n\t\t\t\t<div class=\"elementor-widget-container\">\n\t\t\t\t\t\t\t<div class=\"elementor-divider\">\n\t\t\t<span class=\"elementor-divider-separator\">\n\t\t\t\t\t\t<\/span>\n\t\t<\/div>\n\t\t\t\t\t\t<\/div>\n\t\t\t\t<\/div>\n\t\t\t\t<div class=\"elementor-element elementor-element-9d2fb4e elementor-widget__width-initial elementor-widget elementor-widget-heading\" data-id=\"9d2fb4e\" data-element_type=\"widget\" data-widget_type=\"heading.default\">\n\t\t\t\t<div class=\"elementor-widget-container\">\n\t\t\t\t\t<h2 class=\"elementor-heading-title elementor-size-default\">Canales y Pellejero nos devuelven al intrincado y fascinante mundo de Corto Malt\u00e9s con una aventura ambientada entre las ruinas mayas y el M\u00e9xico post-revolucionario. Atrapado por Bocca Dorata en un juego de poder, traiciones y tesoros ocultos, Corto deber\u00e1 enfrentarse a esp\u00edas traidores, arque\u00f3logos sin escr\u00fapulos y guerrilleros cristeros. En el filo entre la vida y la muerte, con la profec\u00eda de su \"l\u00ednea de la vida\" acech\u00e1ndolo, Corto navega entre sombras y enga\u00f1os, acompa\u00f1ado de viejos amigos y guiado solo por su sentido de justicia.<\/h2>\t\t\t\t<\/div>\n\t\t\t\t<\/div>\n\t\t\t\t<div class=\"elementor-element elementor-element-e2ffbc5 elementor-widget-divider--view-line elementor-widget elementor-widget-divider\" data-id=\"e2ffbc5\" data-element_type=\"widget\" data-widget_type=\"divider.default\">\n\t\t\t\t<div class=\"elementor-widget-container\">\n\t\t\t\t\t\t\t<div class=\"elementor-divider\">\n\t\t\t<span class=\"elementor-divider-separator\">\n\t\t\t\t\t\t<\/span>\n\t\t<\/div>\n\t\t\t\t\t\t<\/div>\n\t\t\t\t<\/div>\n\t\t\t\t\t<\/div>\n\t\t<\/div>\n\t\t\t\t\t<\/div>\n\t\t<\/section>\n\t\t\t\t<section class=\"elementor-section elementor-top-section elementor-element elementor-element-e5a9a89 elementor-section-boxed elementor-section-height-default elementor-section-height-default\" data-id=\"e5a9a89\" data-element_type=\"section\">\n\t\t\t\t\t\t<div class=\"elementor-container elementor-column-gap-default\">\n\t\t\t\t\t<div class=\"elementor-column elementor-col-100 elementor-top-column elementor-element elementor-element-c091a67\" data-id=\"c091a67\" data-element_type=\"column\">\n\t\t\t<div class=\"elementor-widget-wrap elementor-element-populated\">\n\t\t\t\t\t\t<div class=\"elementor-element elementor-element-d3aa07b elementor-widget elementor-widget-text-editor\" data-id=\"d3aa07b\" data-element_type=\"widget\" data-widget_type=\"text-editor.default\">\n\t\t\t\t<div class=\"elementor-widget-container\">\n\t\t\t\t\t\t\t\t\t<p style=\"text-align: left;\"><span style=\"color: #008080;\"><strong>Mientras viaja por la selva mexicana y la revoluci\u00f3n, Corto debe enfrentarse a su pasado y a sus decisiones.<\/strong><\/span><\/p>\n<p><em>La l\u00ednea de la vida<\/em>, escrita por Juan D\u00edaz Canales e ilustrada por Rub\u00e9n Pellejero, es una nueva aventura de <strong>Corto Malt\u00e9s<\/strong> que se desarrolla en un contexto hist\u00f3rico lleno de tensiones. Estamos a mediados de los a\u00f1os 20, durante las revueltas de la <strong>guerra cristera<\/strong> en M\u00e9xico, donde la rebeli\u00f3n cat\u00f3lica se opone al gobierno revolucionario que intenta erradicar el poder de la Iglesia. En este clima turbulento, Corto se ve envuelto en una intriga compleja relacionada con el saqueo de restos arqueol\u00f3gicos y antiguos tesoros.<\/p>\n<p>Bocca Dorata convence a Corto de hacerse pasar por un representante de un museo europeo para contactar con un personaje sospechoso, <strong>Herbert Thompson<\/strong>, que est\u00e1 saqueando sitios mayas para vender colecciones valiosas a los mejores postores. Sin embargo, lo que parece un simple negocio se entrelaza r\u00e1pidamente con <strong>los enfrentamientos entre el gobierno federal mexicano y los rebeldes cristeros<\/strong>, y la l\u00ednea entre el saqueo y la rebeli\u00f3n se vuelve cada vez m\u00e1s difusa. Y cuando hay que <strong>luchar por la libertad<\/strong>, una vieja amiga de Corto no puede m\u00e1s que estar en primera l\u00ednea\u2026<\/p>\n\t\t\t\t\t\t\t\t<\/div>\n\t\t\t\t<\/div>\n\t\t\t\t<div class=\"elementor-element elementor-element-74bc765 elementor-widget-divider--view-line elementor-widget elementor-widget-divider\" data-id=\"74bc765\" data-element_type=\"widget\" data-widget_type=\"divider.default\">\n\t\t\t\t<div class=\"elementor-widget-container\">\n\t\t\t\t\t\t\t<div class=\"elementor-divider\">\n\t\t\t<span class=\"elementor-divider-separator\">\n\t\t\t\t\t\t<\/span>\n\t\t<\/div>\n\t\t\t\t\t\t<\/div>\n\t\t\t\t<\/div>\n\t\t\t\t<div class=\"elementor-element elementor-element-dd646e6 elementor-widget elementor-widget-text-editor\" data-id=\"dd646e6\" data-element_type=\"widget\" data-widget_type=\"text-editor.default\">\n\t\t\t\t<div class=\"elementor-widget-container\">\n\t\t\t\t\t\t\t\t\t<p>NORMA EDITORIAL<\/p>\n<div class=\"page\" title=\"Page 1\">\n<div class=\"layoutArea\">\n<div class=\"column\">\n<p>VIDA Y MUERTE EN EL CORAZ\u00d3N DE M\u00c9XICO Corto Malt\u00e9s llega a M\u00e9xico por encargo de Boca Dorada para hacerse con unas estatuillas de jade que el arque\u00f3logo estadounidense Edward Herbert Thompson ha encontrado en las ruinas mayas de Chich\u00e9n Itz\u00e1. Pero la misi\u00f3n, pac\u00edfica en principio, se complicar\u00e1 cuando Corto se vea arrastrado a la Guerra de los Cristeros por fuerzas que escapan a su control y el inesperado reencuentro con una vieja amistad.<\/p>\n<\/div>\n<\/div>\n<\/div>\n\t\t\t\t\t\t\t\t<\/div>\n\t\t\t\t<\/div>\n\t\t\t\t\t<\/div>\n\t\t<\/div>\n\t\t\t\t\t<\/div>\n\t\t<\/section>\n\t\t\t\t<section class=\"elementor-section elementor-top-section elementor-element elementor-element-5dd1b71 elementor-section-boxed elementor-section-height-default elementor-section-height-default\" data-id=\"5dd1b71\" data-element_type=\"section\">\n\t\t\t\t\t\t<div class=\"elementor-container elementor-column-gap-default\">\n\t\t\t\t\t<div class=\"elementor-column elementor-col-100 elementor-top-column elementor-element elementor-element-860b044\" data-id=\"860b044\" data-element_type=\"column\">\n\t\t\t<div class=\"elementor-widget-wrap elementor-element-populated\">\n\t\t\t\t\t\t<div class=\"elementor-element elementor-element-1285075 elementor-widget-divider--view-line elementor-widget elementor-widget-divider\" data-id=\"1285075\" data-element_type=\"widget\" data-widget_type=\"divider.default\">\n\t\t\t\t<div class=\"elementor-widget-container\">\n\t\t\t\t\t\t\t<div class=\"elementor-divider\">\n\t\t\t<span class=\"elementor-divider-separator\">\n\t\t\t\t\t\t<\/span>\n\t\t<\/div>\n\t\t\t\t\t\t<\/div>\n\t\t\t\t<\/div>\n\t\t\t\t\t<\/div>\n\t\t<\/div>\n\t\t\t\t\t<\/div>\n\t\t<\/section>\n\t\t\t\t<section class=\"elementor-section elementor-top-section elementor-element elementor-element-47a601f elementor-section-boxed elementor-section-height-default elementor-section-height-default\" data-id=\"47a601f\" data-element_type=\"section\">\n\t\t\t\t\t\t<div class=\"elementor-container elementor-column-gap-default\">\n\t\t\t\t\t<div class=\"elementor-column elementor-col-33 elementor-top-column elementor-element elementor-element-1806daa\" data-id=\"1806daa\" data-element_type=\"column\">\n\t\t\t<div class=\"elementor-widget-wrap elementor-element-populated\">\n\t\t\t\t\t\t<div class=\"elementor-element elementor-element-fbf9677 elementor-widget elementor-widget-image\" data-id=\"fbf9677\" data-element_type=\"widget\" data-widget_type=\"image.default\">\n\t\t\t\t<div class=\"elementor-widget-container\">\n\t\t\t\t\t\t\t\t\t\t\t\t\t\t\t<img fetchpriority=\"high\" decoding=\"async\" width=\"610\" height=\"836\" src=\"https:\/\/www.cong-pratt.com\/wp-content\/uploads\/2024\/10\/bookLineadelavida.png\" class=\"attachment-large size-large wp-image-29134\" alt=\"Linea de la vida\" srcset=\"https:\/\/www.cong-pratt.com\/wp-content\/uploads\/2024\/10\/bookLineadelavida.png 610w, https:\/\/www.cong-pratt.com\/wp-content\/uploads\/2024\/10\/bookLineadelavida-219x300.png 219w, https:\/\/www.cong-pratt.com\/wp-content\/uploads\/2024\/10\/bookLineadelavida-600x822.png 600w\" sizes=\"(max-width: 610px) 100vw, 610px\" \/>\t\t\t\t\t\t\t\t\t\t\t\t\t\t\t<\/div>\n\t\t\t\t<\/div>\n\t\t\t\t\t<\/div>\n\t\t<\/div>\n\t\t\t\t<div class=\"elementor-column elementor-col-66 elementor-top-column elementor-element elementor-element-2f072d7\" data-id=\"2f072d7\" data-element_type=\"column\">\n\t\t\t<div class=\"elementor-widget-wrap elementor-element-populated\">\n\t\t\t\t\t\t<div class=\"elementor-element elementor-element-0074434 elementor-widget elementor-widget-text-editor\" data-id=\"0074434\" data-element_type=\"widget\" data-widget_type=\"text-editor.default\">\n\t\t\t\t<div class=\"elementor-widget-container\">\n\t\t\t\t\t\t\t\t\t<p><strong style=\"color: var( --e-global-color-text ); font-family: var( --e-global-typography-text-font-family ), Sans-serif; font-size: var( --e-global-typography-text-font-size );\">CORTO MALTESE, LA LINEA DE LA VIDA<\/strong><\/p>\n<p><strong><span style=\"font-family: var( --e-global-typography-text-font-family ), Sans-serif;\"><span style=\"color: var( --e-global-color-text );\">Juan\u00a0<\/span><\/span>Diaz Canales, Rub\u00e9n Pellejero &#8211; Basado en la obra de Hugo<span style=\"font-family: var( --e-global-typography-text-font-family ), Sans-serif;\"><span style=\"color: var( --e-global-color-text );\">\u00a0Pratt<\/span><\/span><\/strong><\/p>\n<p><span style=\"color: var( --e-global-color-text ); font-family: var( --e-global-typography-text-font-family ), Sans-serif; font-size: var( --e-global-typography-text-font-size );\">Editorial: Norma Editorial<\/span><\/p>\n<div class=\"page\" title=\"Page 1\">\n<div class=\"section\">\n<div class=\"layoutArea\">\n<div class=\"column\">\n<p>P\u00e1ginas: 96 a colori<br \/>\nFormato: 21&#215;28 carton\u00e9<br \/>\nPrezzo 23,00 \u20ac<br \/>\nISDN: 978-8467971972<\/p>\n<\/div>\n<\/div>\n<\/div>\n<\/div>\n\t\t\t\t\t\t\t\t<\/div>\n\t\t\t\t<\/div>\n\t\t\t\t<div class=\"elementor-element elementor-element-9903f38 elementor-widget elementor-widget-button\" data-id=\"9903f38\" data-element_type=\"widget\" data-widget_type=\"button.default\">\n\t\t\t\t<div class=\"elementor-widget-container\">\n\t\t\t\t\t\t\t\t\t<div class=\"elementor-button-wrapper\">\n\t\t\t\t\t<a class=\"elementor-button elementor-button-link elementor-size-sm\" href=\"https:\/\/www.cong-pratt.com\/es\/libro\/la-linea-del-la-vida\/\" target=\"_blank\">\n\t\t\t\t\t\t<span class=\"elementor-button-content-wrapper\">\n\t\t\t\t\t\t\t\t\t<span class=\"elementor-button-text\">scopri di pi\u00f9<\/span>\n\t\t\t\t\t<\/span>\n\t\t\t\t\t<\/a>\n\t\t\t\t<\/div>\n\t\t\t\t\t\t\t\t<\/div>\n\t\t\t\t<\/div>\n\t\t\t\t\t<\/div>\n\t\t<\/div>\n\t\t\t\t\t<\/div>\n\t\t<\/section>\n\t\t\t\t<section class=\"elementor-section elementor-top-section elementor-element elementor-element-e70ec01 elementor-section-boxed elementor-section-height-default elementor-section-height-default\" data-id=\"e70ec01\" data-element_type=\"section\">\n\t\t\t\t\t\t<div class=\"elementor-container elementor-column-gap-default\">\n\t\t\t\t\t<div class=\"elementor-column elementor-col-100 elementor-top-column elementor-element elementor-element-9cd9108\" data-id=\"9cd9108\" data-element_type=\"column\">\n\t\t\t<div class=\"elementor-widget-wrap elementor-element-populated\">\n\t\t\t\t\t\t<div class=\"elementor-element elementor-element-7bc1ca2 elementor-widget elementor-widget-text-editor\" data-id=\"7bc1ca2\" data-element_type=\"widget\" data-widget_type=\"text-editor.default\">\n\t\t\t\t<div class=\"elementor-widget-container\">\n\t\t\t\t\t\t\t\t\t<h4>Corto Maltese de Juan D\u00ecaz Canales e Rub\u00e9n Pellejero<\/h4>\n\t\t\t\t\t\t\t\t<\/div>\n\t\t\t\t<\/div>\n\t\t\t\t\t<\/div>\n\t\t<\/div>\n\t\t\t\t\t<\/div>\n\t\t<\/section>\n\t\t\t\t<section class=\"elementor-section elementor-top-section elementor-element elementor-element-7ad48aa elementor-section-boxed elementor-section-height-default elementor-section-height-default\" data-id=\"7ad48aa\" data-element_type=\"section\">\n\t\t\t\t\t\t<div class=\"elementor-container elementor-column-gap-default\">\n\t\t\t\t\t<div class=\"elementor-column elementor-col-25 elementor-top-column elementor-element elementor-element-d29b8e9\" data-id=\"d29b8e9\" data-element_type=\"column\">\n\t\t\t<div class=\"elementor-widget-wrap elementor-element-populated\">\n\t\t\t\t\t\t<div class=\"elementor-element elementor-element-a3e1a54 elementor-widget elementor-widget-image\" data-id=\"a3e1a54\" data-element_type=\"widget\" data-widget_type=\"image.default\">\n\t\t\t\t<div class=\"elementor-widget-container\">\n\t\t\t\t\t\t\t\t\t\t\t\t\t\t\t\t<a href=\"https:\/\/www.cong-pratt.com\/es\/libro\/notturno-berlinese\/\">\n\t\t\t\t\t\t\t<img decoding=\"async\" width=\"617\" height=\"779\" src=\"https:\/\/www.cong-pratt.com\/wp-content\/uploads\/2022\/09\/bookNocturno-Berlines.png\" class=\"attachment-large size-large wp-image-24660\" alt=\"Nocturno Berlin\u00e9s\" srcset=\"https:\/\/www.cong-pratt.com\/wp-content\/uploads\/2022\/09\/bookNocturno-Berlines.png 617w, https:\/\/www.cong-pratt.com\/wp-content\/uploads\/2022\/09\/bookNocturno-Berlines-238x300.png 238w, https:\/\/www.cong-pratt.com\/wp-content\/uploads\/2022\/09\/bookNocturno-Berlines-600x758.png 600w\" sizes=\"(max-width: 617px) 100vw, 617px\" \/>\t\t\t\t\t\t\t\t<\/a>\n\t\t\t\t\t\t\t\t\t\t\t\t\t\t\t<\/div>\n\t\t\t\t<\/div>\n\t\t\t\t\t<\/div>\n\t\t<\/div>\n\t\t\t\t<div class=\"elementor-column elementor-col-25 elementor-top-column elementor-element elementor-element-91851b3\" data-id=\"91851b3\" data-element_type=\"column\">\n\t\t\t<div class=\"elementor-widget-wrap elementor-element-populated\">\n\t\t\t\t\t\t<div class=\"elementor-element elementor-element-ccb9b8e elementor-widget elementor-widget-image\" data-id=\"ccb9b8e\" data-element_type=\"widget\" data-widget_type=\"image.default\">\n\t\t\t\t<div class=\"elementor-widget-container\">\n\t\t\t\t\t\t\t\t\t\t\t\t\t\t\t\t<a href=\"https:\/\/www.cong-pratt.com\/es\/libro\/el-dia-de-tarowean\/\">\n\t\t\t\t\t\t\t<img decoding=\"async\" width=\"600\" height=\"756\" src=\"https:\/\/www.cong-pratt.com\/wp-content\/uploads\/2021\/08\/backgroundEl-dia-de-Tarowean-e1627989501525.png\" class=\"attachment-large size-large wp-image-16187\" alt=\"El d\u00eda de Tarowean\" \/>\t\t\t\t\t\t\t\t<\/a>\n\t\t\t\t\t\t\t\t\t\t\t\t\t\t\t<\/div>\n\t\t\t\t<\/div>\n\t\t\t\t\t<\/div>\n\t\t<\/div>\n\t\t\t\t<div class=\"elementor-column elementor-col-25 elementor-top-column elementor-element elementor-element-be13fb7\" data-id=\"be13fb7\" data-element_type=\"column\">\n\t\t\t<div class=\"elementor-widget-wrap elementor-element-populated\">\n\t\t\t\t\t\t<div class=\"elementor-element elementor-element-1c357f1 elementor-widget elementor-widget-image\" data-id=\"1c357f1\" data-element_type=\"widget\" data-widget_type=\"image.default\">\n\t\t\t\t<div class=\"elementor-widget-container\">\n\t\t\t\t\t\t\t\t\t\t\t\t\t\t\t\t<a href=\"https:\/\/www.cong-pratt.com\/es\/libro\/equatoria\/\">\n\t\t\t\t\t\t\t<img loading=\"lazy\" decoding=\"async\" width=\"653\" height=\"823\" src=\"https:\/\/www.cong-pratt.com\/wp-content\/uploads\/2021\/08\/bookEquatoria-3.png\" class=\"attachment-large size-large wp-image-18133\" alt=\"Equatoria\" srcset=\"https:\/\/www.cong-pratt.com\/wp-content\/uploads\/2021\/08\/bookEquatoria-3.png 653w, https:\/\/www.cong-pratt.com\/wp-content\/uploads\/2021\/08\/bookEquatoria-3-238x300.png 238w\" sizes=\"(max-width: 653px) 100vw, 653px\" \/>\t\t\t\t\t\t\t\t<\/a>\n\t\t\t\t\t\t\t\t\t\t\t\t\t\t\t<\/div>\n\t\t\t\t<\/div>\n\t\t\t\t\t<\/div>\n\t\t<\/div>\n\t\t\t\t<div class=\"elementor-column elementor-col-25 elementor-top-column elementor-element elementor-element-1c04c81\" data-id=\"1c04c81\" data-element_type=\"column\">\n\t\t\t<div class=\"elementor-widget-wrap elementor-element-populated\">\n\t\t\t\t\t\t<div class=\"elementor-element elementor-element-8ed04de elementor-widget elementor-widget-image\" data-id=\"8ed04de\" data-element_type=\"widget\" data-widget_type=\"image.default\">\n\t\t\t\t<div class=\"elementor-widget-container\">\n\t\t\t\t\t\t\t\t\t\t\t\t\t\t\t\t<a href=\"https:\/\/www.cong-pratt.com\/es\/libro\/bajo-el-sol-de-medianoche\/\">\n\t\t\t\t\t\t\t<img loading=\"lazy\" decoding=\"async\" width=\"600\" height=\"756\" src=\"https:\/\/www.cong-pratt.com\/wp-content\/uploads\/2021\/08\/backgroundMedianoche-e1627977347983.png\" class=\"attachment-large size-large wp-image-16001\" alt=\"Bajo el sol de medianoche\" \/>\t\t\t\t\t\t\t\t<\/a>\n\t\t\t\t\t\t\t\t\t\t\t\t\t\t\t<\/div>\n\t\t\t\t<\/div>\n\t\t\t\t\t<\/div>\n\t\t<\/div>\n\t\t\t\t\t<\/div>\n\t\t<\/section>\n\t\t\t\t<section class=\"elementor-section elementor-top-section elementor-element elementor-element-b000517 elementor-section-boxed elementor-section-height-default elementor-section-height-default\" data-id=\"b000517\" data-element_type=\"section\">\n\t\t\t\t\t\t<div class=\"elementor-container elementor-column-gap-default\">\n\t\t\t\t\t<div class=\"elementor-column elementor-col-100 elementor-top-column elementor-element elementor-element-1c6f589\" data-id=\"1c6f589\" data-element_type=\"column\">\n\t\t\t<div class=\"elementor-widget-wrap elementor-element-populated\">\n\t\t\t\t\t\t<div class=\"elementor-element elementor-element-fd6940a elementor-widget elementor-widget-spacer\" data-id=\"fd6940a\" data-element_type=\"widget\" data-widget_type=\"spacer.default\">\n\t\t\t\t<div class=\"elementor-widget-container\">\n\t\t\t\t\t\t\t<div class=\"elementor-spacer\">\n\t\t\t<div class=\"elementor-spacer-inner\"><\/div>\n\t\t<\/div>\n\t\t\t\t\t\t<\/div>\n\t\t\t\t<\/div>\n\t\t\t\t<div class=\"elementor-element elementor-element-90919ae elementor-widget-divider--view-line elementor-widget elementor-widget-divider\" data-id=\"90919ae\" data-element_type=\"widget\" data-widget_type=\"divider.default\">\n\t\t\t\t<div class=\"elementor-widget-container\">\n\t\t\t\t\t\t\t<div class=\"elementor-divider\">\n\t\t\t<span class=\"elementor-divider-separator\">\n\t\t\t\t\t\t<\/span>\n\t\t<\/div>\n\t\t\t\t\t\t<\/div>\n\t\t\t\t<\/div>\n\t\t\t\t\t<\/div>\n\t\t<\/div>\n\t\t\t\t\t<\/div>\n\t\t<\/section>\n\t\t\t\t<section class=\"elementor-section elementor-top-section elementor-element elementor-element-3ccdc6d elementor-section-boxed elementor-section-height-default elementor-section-height-default\" data-id=\"3ccdc6d\" data-element_type=\"section\">\n\t\t\t\t\t\t<div class=\"elementor-container elementor-column-gap-default\">\n\t\t\t\t\t<div class=\"elementor-column elementor-col-100 elementor-top-column elementor-element elementor-element-288bee2\" data-id=\"288bee2\" data-element_type=\"column\">\n\t\t\t<div class=\"elementor-widget-wrap elementor-element-populated\">\n\t\t\t\t\t\t<div class=\"elementor-element elementor-element-550e744 elementor-widget elementor-widget-heading\" data-id=\"550e744\" data-element_type=\"widget\" data-widget_type=\"heading.default\">\n\t\t\t\t<div class=\"elementor-widget-container\">\n\t\t\t\t\t<h2 class=\"elementor-heading-title elementor-size-default\">Rese\u00f1as \u201cCorto Malt\u00e9s, La l\u00ednea del la vida\u201d<\/h2>\t\t\t\t<\/div>\n\t\t\t\t<\/div>\n\t\t\t\t\t<\/div>\n\t\t<\/div>\n\t\t\t\t\t<\/div>\n\t\t<\/section>\n\t\t\t\t<section class=\"elementor-section elementor-top-section elementor-element elementor-element-0520c37 elementor-section-boxed elementor-section-height-default elementor-section-height-default\" data-id=\"0520c37\" data-element_type=\"section\">\n\t\t\t\t\t\t<div class=\"elementor-container elementor-column-gap-default\">\n\t\t\t\t\t<div class=\"elementor-column elementor-col-100 elementor-top-column elementor-element elementor-element-9a800f6\" data-id=\"9a800f6\" data-element_type=\"column\">\n\t\t\t<div class=\"elementor-widget-wrap elementor-element-populated\">\n\t\t\t\t\t\t<div class=\"elementor-element elementor-element-20884cc elementor-widget elementor-widget-text-editor\" data-id=\"20884cc\" data-element_type=\"widget\" data-widget_type=\"text-editor.default\">\n\t\t\t\t<div class=\"elementor-widget-container\">\n\t\t\t\t\t\t\t\t\t<p><strong>La Vanguardia<\/strong>. <a href=\"https:\/\/www.lavanguardia.com\/cultura\/20241121\/10127132\/corto-maltes-recorre-linea-vida-mexico-post-revolucionario.html\" target=\"_blank\" rel=\"noopener\">Corto Malt\u00e9s recorre la linea dela vida.<\/a><\/p><p><strong>El Peri\u00f3dico.<\/strong> \u00a0<a href=\"https:\/\/www.elperiodico.com\/es\/ocio-y-cultura\/20241122\/corto-maltes-linea-vida-pellejero-diaz-canales-111884319\" target=\"_blank\" rel=\"noopener\">Corto Malt\u00e9s pone a prueba su mortalidad en una sangrienta revoluci\u00f3n mexicana<\/a><\/p>\t\t\t\t\t\t\t\t<\/div>\n\t\t\t\t<\/div>\n\t\t\t\t<div class=\"elementor-element elementor-element-3a2343d elementor-widget elementor-widget-spacer\" data-id=\"3a2343d\" data-element_type=\"widget\" data-widget_type=\"spacer.default\">\n\t\t\t\t<div class=\"elementor-widget-container\">\n\t\t\t\t\t\t\t<div class=\"elementor-spacer\">\n\t\t\t<div class=\"elementor-spacer-inner\"><\/div>\n\t\t<\/div>\n\t\t\t\t\t\t<\/div>\n\t\t\t\t<\/div>\n\t\t\t\t<div class=\"elementor-element elementor-element-6cdbe44 elementor-widget-divider--view-line elementor-widget elementor-widget-divider\" data-id=\"6cdbe44\" data-element_type=\"widget\" data-widget_type=\"divider.default\">\n\t\t\t\t<div class=\"elementor-widget-container\">\n\t\t\t\t\t\t\t<div class=\"elementor-divider\">\n\t\t\t<span class=\"elementor-divider-separator\">\n\t\t\t\t\t\t<\/span>\n\t\t<\/div>\n\t\t\t\t\t\t<\/div>\n\t\t\t\t<\/div>\n\t\t\t\t\t<\/div>\n\t\t<\/div>\n\t\t\t\t\t<\/div>\n\t\t<\/section>\n\t\t\t\t<section class=\"elementor-section elementor-top-section elementor-element elementor-element-ef2b386 elementor-section-boxed elementor-section-height-default elementor-section-height-default\" data-id=\"ef2b386\" data-element_type=\"section\">\n\t\t\t\t\t\t<div class=\"elementor-container elementor-column-gap-default\">\n\t\t\t\t\t<div class=\"elementor-column elementor-col-100 elementor-top-column elementor-element elementor-element-a35de87\" data-id=\"a35de87\" data-element_type=\"column\">\n\t\t\t<div class=\"elementor-widget-wrap elementor-element-populated\">\n\t\t\t\t\t\t<div class=\"elementor-element elementor-element-c693828 elementor-grid-3 elementor-grid-tablet-2 elementor-grid-mobile-1 elementor-posts--thumbnail-top elementor-widget elementor-widget-posts\" data-id=\"c693828\" data-element_type=\"widget\" data-settings=\"{&quot;classic_columns&quot;:&quot;3&quot;,&quot;classic_columns_tablet&quot;:&quot;2&quot;,&quot;classic_columns_mobile&quot;:&quot;1&quot;,&quot;classic_row_gap&quot;:{&quot;unit&quot;:&quot;px&quot;,&quot;size&quot;:35,&quot;sizes&quot;:[]},&quot;classic_row_gap_tablet&quot;:{&quot;unit&quot;:&quot;px&quot;,&quot;size&quot;:&quot;&quot;,&quot;sizes&quot;:[]},&quot;classic_row_gap_mobile&quot;:{&quot;unit&quot;:&quot;px&quot;,&quot;size&quot;:&quot;&quot;,&quot;sizes&quot;:[]}}\" data-widget_type=\"posts.classic\">\n\t\t\t\t<div class=\"elementor-widget-container\">\n\t\t\t\t\t\t\t<div class=\"elementor-posts-container elementor-posts elementor-posts--skin-classic elementor-grid\" role=\"list\">\n\t\t\t\t<article class=\"elementor-post elementor-grid-item post-33926 post type-post status-publish format-standard has-post-thumbnail hentry category-noticias-es tag-corto-maltese-es tag-exposicion tag-hugo-pratt-es\" role=\"listitem\">\n\t\t\t\t<a class=\"elementor-post__thumbnail__link\" href=\"https:\/\/www.cong-pratt.com\/es\/la-balada-de-hugo-pratt-en-alicante\/\" tabindex=\"-1\" >\n\t\t\t<div class=\"elementor-post__thumbnail\"><img loading=\"lazy\" decoding=\"async\" width=\"300\" height=\"164\" src=\"https:\/\/www.cong-pratt.com\/wp-content\/uploads\/2026\/04\/imagen-copia-dimensioni-grandi-300x164.jpeg\" class=\"attachment-medium size-medium wp-image-33932\" alt=\"Hugo Pratt Alicante\" srcset=\"https:\/\/www.cong-pratt.com\/wp-content\/uploads\/2026\/04\/imagen-copia-dimensioni-grandi-300x164.jpeg 300w, https:\/\/www.cong-pratt.com\/wp-content\/uploads\/2026\/04\/imagen-copia-dimensioni-grandi-1024x558.jpeg 1024w, https:\/\/www.cong-pratt.com\/wp-content\/uploads\/2026\/04\/imagen-copia-dimensioni-grandi-768x419.jpeg 768w, https:\/\/www.cong-pratt.com\/wp-content\/uploads\/2026\/04\/imagen-copia-dimensioni-grandi-600x327.jpeg 600w, https:\/\/www.cong-pratt.com\/wp-content\/uploads\/2026\/04\/imagen-copia-dimensioni-grandi.jpeg 1280w\" sizes=\"(max-width: 300px) 100vw, 300px\" \/><\/div>\n\t\t<\/a>\n\t\t\t\t<div class=\"elementor-post__text\">\n\t\t\t\t<h3 class=\"elementor-post__title\">\n\t\t\t<a href=\"https:\/\/www.cong-pratt.com\/es\/la-balada-de-hugo-pratt-en-alicante\/\" >\n\t\t\t\tLa balada de Hugo Pratt en Alicante\t\t\t<\/a>\n\t\t<\/h3>\n\t\t\t\t<div class=\"elementor-post__meta-data\">\n\t\t\t\t\t<span class=\"elementor-post-date\">\n\t\t\t20 abril 2026\t\t<\/span>\n\t\t\t\t<\/div>\n\t\t\n\t\t<a class=\"elementor-post__read-more\" href=\"https:\/\/www.cong-pratt.com\/es\/la-balada-de-hugo-pratt-en-alicante\/\" aria-label=\"M\u00e1s informaci\u00f3n sobre La balada de Hugo Pratt en Alicante\" tabindex=\"-1\" >\n\t\t\tleggi \u00bb\t\t<\/a>\n\n\t\t\t\t<\/div>\n\t\t\t\t<\/article>\n\t\t\t\t<article class=\"elementor-post elementor-grid-item post-33807 post type-post status-publish format-standard has-post-thumbnail hentry category-noticias-es tag-corto-maltese-es tag-exposicion tag-hugo-pratt-es\" role=\"listitem\">\n\t\t\t\t<a class=\"elementor-post__thumbnail__link\" href=\"https:\/\/www.cong-pratt.com\/es\/de-siena-a-lieja-la-exposicion-geografias-imaginarias-rinde-homenaje-al-arte-de-hugo-pratt-y-vuelve-a-belgica-a-partir-del-26-de-marzo\/\" tabindex=\"-1\" >\n\t\t\t<div class=\"elementor-post__thumbnail\"><img loading=\"lazy\" decoding=\"async\" width=\"300\" height=\"169\" src=\"https:\/\/www.cong-pratt.com\/wp-content\/uploads\/2026\/03\/Cover_ExpoLiegi-300x169.jpg\" class=\"attachment-medium size-medium wp-image-33816\" alt=\"Hugo Pratt Liegi\" srcset=\"https:\/\/www.cong-pratt.com\/wp-content\/uploads\/2026\/03\/Cover_ExpoLiegi-300x169.jpg 300w, https:\/\/www.cong-pratt.com\/wp-content\/uploads\/2026\/03\/Cover_ExpoLiegi-1024x576.jpg 1024w, https:\/\/www.cong-pratt.com\/wp-content\/uploads\/2026\/03\/Cover_ExpoLiegi-768x432.jpg 768w, https:\/\/www.cong-pratt.com\/wp-content\/uploads\/2026\/03\/Cover_ExpoLiegi-1536x864.jpg 1536w, https:\/\/www.cong-pratt.com\/wp-content\/uploads\/2026\/03\/Cover_ExpoLiegi-600x338.jpg 600w, https:\/\/www.cong-pratt.com\/wp-content\/uploads\/2026\/03\/Cover_ExpoLiegi.jpg 1920w\" sizes=\"(max-width: 300px) 100vw, 300px\" \/><\/div>\n\t\t<\/a>\n\t\t\t\t<div class=\"elementor-post__text\">\n\t\t\t\t<h3 class=\"elementor-post__title\">\n\t\t\t<a href=\"https:\/\/www.cong-pratt.com\/es\/de-siena-a-lieja-la-exposicion-geografias-imaginarias-rinde-homenaje-al-arte-de-hugo-pratt-y-vuelve-a-belgica-a-partir-del-26-de-marzo\/\" >\n\t\t\t\tDe Siena a Lieja: la exposici\u00f3n \u00abGeograf\u00edas imaginarias\u00bb rinde homenaje al arte de Hugo Pratt y vuelve a B\u00e9lgica a partir del 26 de marzo\t\t\t<\/a>\n\t\t<\/h3>\n\t\t\t\t<div class=\"elementor-post__meta-data\">\n\t\t\t\t\t<span class=\"elementor-post-date\">\n\t\t\t18 marzo 2026\t\t<\/span>\n\t\t\t\t<\/div>\n\t\t\n\t\t<a class=\"elementor-post__read-more\" href=\"https:\/\/www.cong-pratt.com\/es\/de-siena-a-lieja-la-exposicion-geografias-imaginarias-rinde-homenaje-al-arte-de-hugo-pratt-y-vuelve-a-belgica-a-partir-del-26-de-marzo\/\" aria-label=\"M\u00e1s informaci\u00f3n sobre De Siena a Lieja: la exposici\u00f3n \u00abGeograf\u00edas imaginarias\u00bb rinde homenaje al arte de Hugo Pratt y vuelve a B\u00e9lgica a partir del 26 de marzo\" tabindex=\"-1\" >\n\t\t\tleggi \u00bb\t\t<\/a>\n\n\t\t\t\t<\/div>\n\t\t\t\t<\/article>\n\t\t\t\t<article class=\"elementor-post elementor-grid-item post-33120 post type-post status-publish format-standard has-post-thumbnail hentry category-noticias-es tag-award-es tag-hugo-pratt-es\" role=\"listitem\">\n\t\t\t\t<a class=\"elementor-post__thumbnail__link\" href=\"https:\/\/www.cong-pratt.com\/es\/premios-hugo-pratt-comics-los-ganadores-de-la-primera-edicion\/\" tabindex=\"-1\" >\n\t\t\t<div class=\"elementor-post__thumbnail\"><img loading=\"lazy\" decoding=\"async\" width=\"300\" height=\"169\" src=\"https:\/\/www.cong-pratt.com\/wp-content\/uploads\/2025\/11\/CongcoverAwards-300x169.jpg\" class=\"attachment-medium size-medium wp-image-32886\" alt=\"\" srcset=\"https:\/\/www.cong-pratt.com\/wp-content\/uploads\/2025\/11\/CongcoverAwards-300x169.jpg 300w, https:\/\/www.cong-pratt.com\/wp-content\/uploads\/2025\/11\/CongcoverAwards-1024x576.jpg 1024w, https:\/\/www.cong-pratt.com\/wp-content\/uploads\/2025\/11\/CongcoverAwards-768x432.jpg 768w, https:\/\/www.cong-pratt.com\/wp-content\/uploads\/2025\/11\/CongcoverAwards-1536x864.jpg 1536w, https:\/\/www.cong-pratt.com\/wp-content\/uploads\/2025\/11\/CongcoverAwards-600x338.jpg 600w, https:\/\/www.cong-pratt.com\/wp-content\/uploads\/2025\/11\/CongcoverAwards.jpg 1920w\" sizes=\"(max-width: 300px) 100vw, 300px\" \/><\/div>\n\t\t<\/a>\n\t\t\t\t<div class=\"elementor-post__text\">\n\t\t\t\t<h3 class=\"elementor-post__title\">\n\t\t\t<a href=\"https:\/\/www.cong-pratt.com\/es\/premios-hugo-pratt-comics-los-ganadores-de-la-primera-edicion\/\" >\n\t\t\t\tPremios Hugo Pratt Comics: los ganadores de la primera edici\u00f3n\t\t\t<\/a>\n\t\t<\/h3>\n\t\t\t\t<div class=\"elementor-post__meta-data\">\n\t\t\t\t\t<span class=\"elementor-post-date\">\n\t\t\t11 noviembre 2025\t\t<\/span>\n\t\t\t\t<\/div>\n\t\t\n\t\t<a class=\"elementor-post__read-more\" href=\"https:\/\/www.cong-pratt.com\/es\/premios-hugo-pratt-comics-los-ganadores-de-la-primera-edicion\/\" aria-label=\"M\u00e1s informaci\u00f3n sobre Premios Hugo Pratt Comics: los ganadores de la primera edici\u00f3n\" tabindex=\"-1\" >\n\t\t\tleggi \u00bb\t\t<\/a>\n\n\t\t\t\t<\/div>\n\t\t\t\t<\/article>\n\t\t\t\t<\/div>\n\t\t\n\t\t\t\t\t\t<\/div>\n\t\t\t\t<\/div>\n\t\t\t\t\t<\/div>\n\t\t<\/div>\n\t\t\t\t\t<\/div>\n\t\t<\/section>\n\t\t\t\t<\/div>\n\t\t","protected":false},"excerpt":{"rendered":"<p>Juan D\u00edaz Canales &#8211; Rub\u00e9n Pellejero CORTO MALTESE LA LINEA DE LA VIDA En librer\u00edas y tiendas de c\u00f3mics a partir de noviembre de 2024. Canales y Pellejero nos devuelven<\/p>\n","protected":false},"author":2,"featured_media":29240,"comment_status":"closed","ping_status":"open","sticky":false,"template":"elementor_theme","format":"standard","meta":{"footnotes":""},"categories":[467],"tags":[600,686,546,580],"class_list":["post-29227","post","type-post","status-publish","format-standard","has-post-thumbnail","hentry","category-noticias-es","tag-corto-maltese-es","tag-hugo-pratt-es","tag-juan-diaz-canales-es","tag-ruben-pellejero-es"],"_links":{"self":[{"href":"https:\/\/www.cong-pratt.com\/es\/wp-json\/wp\/v2\/posts\/29227","targetHints":{"allow":["GET"]}}],"collection":[{"href":"https:\/\/www.cong-pratt.com\/es\/wp-json\/wp\/v2\/posts"}],"about":[{"href":"https:\/\/www.cong-pratt.com\/es\/wp-json\/wp\/v2\/types\/post"}],"author":[{"embeddable":true,"href":"https:\/\/www.cong-pratt.com\/es\/wp-json\/wp\/v2\/users\/2"}],"replies":[{"embeddable":true,"href":"https:\/\/www.cong-pratt.com\/es\/wp-json\/wp\/v2\/comments?post=29227"}],"version-history":[{"count":9,"href":"https:\/\/www.cong-pratt.com\/es\/wp-json\/wp\/v2\/posts\/29227\/revisions"}],"predecessor-version":[{"id":29738,"href":"https:\/\/www.cong-pratt.com\/es\/wp-json\/wp\/v2\/posts\/29227\/revisions\/29738"}],"wp:featuredmedia":[{"embeddable":true,"href":"https:\/\/www.cong-pratt.com\/es\/wp-json\/wp\/v2\/media\/29240"}],"wp:attachment":[{"href":"https:\/\/www.cong-pratt.com\/es\/wp-json\/wp\/v2\/media?parent=29227"}],"wp:term":[{"taxonomy":"category","embeddable":true,"href":"https:\/\/www.cong-pratt.com\/es\/wp-json\/wp\/v2\/categories?post=29227"},{"taxonomy":"post_tag","embeddable":true,"href":"https:\/\/www.cong-pratt.com\/es\/wp-json\/wp\/v2\/tags?post=29227"}],"curies":[{"name":"wp","href":"https:\/\/api.w.org\/{rel}","templated":true}]}}