{"id":31153,"date":"2025-01-28T18:03:36","date_gmt":"2025-01-28T17:03:36","guid":{"rendered":"https:\/\/www.cong-pratt.com\/?p=31153"},"modified":"2025-01-28T18:03:36","modified_gmt":"2025-01-28T17:03:36","slug":"corto-maltes-y-hugo-pratt-un-tributo-a-la-saline-royale","status":"publish","type":"post","link":"https:\/\/www.cong-pratt.com\/es\/corto-maltes-y-hugo-pratt-un-tributo-a-la-saline-royale\/","title":{"rendered":"Corto Malt\u00e9s y Hugo Pratt: un tributo a la Saline Royale de Borgo\u00f1a (27 de abril &#8211; 9 de noviembre de 2025)"},"content":{"rendered":"\t\t<div data-elementor-type=\"wp-post\" data-elementor-id=\"31153\" class=\"elementor elementor-31153 elementor-31150\" data-elementor-post-type=\"post\">\n\t\t\t\t\t\t<section class=\"elementor-section elementor-top-section elementor-element elementor-element-7e970d37 elementor-section-boxed elementor-section-height-default elementor-section-height-default\" data-id=\"7e970d37\" data-element_type=\"section\">\n\t\t\t\t\t\t<div class=\"elementor-container elementor-column-gap-default\">\n\t\t\t\t\t<div class=\"elementor-column elementor-col-100 elementor-top-column elementor-element elementor-element-4a7f11fc\" data-id=\"4a7f11fc\" data-element_type=\"column\">\n\t\t\t<div class=\"elementor-widget-wrap elementor-element-populated\">\n\t\t\t\t\t\t<div class=\"elementor-element elementor-element-50f99475 elementor-widget elementor-widget-text-editor\" data-id=\"50f99475\" data-element_type=\"widget\" data-widget_type=\"text-editor.default\">\n\t\t\t\t<div class=\"elementor-widget-container\">\n\t\t\t\t\t\t\t\t\t<h1>En la Saline Royale de Borgo\u00f1a, el arte de Hugo Pratt se encuentra con la historia de un lugar que simboliza el comercio y los viajes: del 27 de abril al 9 de noviembre de 2025, la exposici\u00f3n \u00abCorto Malt\u00e9s, un monde en aventures\u00bb.<\/h1>\n\t\t\t\t\t\t\t\t<\/div>\n\t\t\t\t<\/div>\n\t\t\t\t<div class=\"elementor-element elementor-element-ada8ce2 elementor-widget elementor-widget-text-editor\" data-id=\"ada8ce2\" data-element_type=\"widget\" data-widget_type=\"text-editor.default\">\n\t\t\t\t<div class=\"elementor-widget-container\">\n\t\t\t\t\t\t\t\t\t<h3>Tres salas de exposici\u00f3n exploran el universo creativo de Hugo Pratt, y entre las l\u00e1minas originales, acuarelas y reproducciones expuestas, las aventuras de Corto Malt\u00e9s se entrelazan idealmente con la historia de la Saline, encrucijada donde las rutas del mar se encuentran con las de la tierra.<\/h3>\n\t\t\t\t\t\t\t\t<\/div>\n\t\t\t\t<\/div>\n\t\t\t\t<div class=\"elementor-element elementor-element-01d9522 elementor-widget-divider--view-line elementor-widget elementor-widget-divider\" data-id=\"01d9522\" data-element_type=\"widget\" data-widget_type=\"divider.default\">\n\t\t\t\t<div class=\"elementor-widget-container\">\n\t\t\t\t\t\t\t<div class=\"elementor-divider\">\n\t\t\t<span class=\"elementor-divider-separator\">\n\t\t\t\t\t\t<\/span>\n\t\t<\/div>\n\t\t\t\t\t\t<\/div>\n\t\t\t\t<\/div>\n\t\t\t\t<div class=\"elementor-element elementor-element-550e719 elementor-widget elementor-widget-spacer\" data-id=\"550e719\" data-element_type=\"widget\" data-widget_type=\"spacer.default\">\n\t\t\t\t<div class=\"elementor-widget-container\">\n\t\t\t\t\t\t\t<div class=\"elementor-spacer\">\n\t\t\t<div class=\"elementor-spacer-inner\"><\/div>\n\t\t<\/div>\n\t\t\t\t\t\t<\/div>\n\t\t\t\t<\/div>\n\t\t\t\t\t<\/div>\n\t\t<\/div>\n\t\t\t\t\t<\/div>\n\t\t<\/section>\n\t\t\t\t<section class=\"elementor-section elementor-top-section elementor-element elementor-element-a3cd859 elementor-section-boxed elementor-section-height-default elementor-section-height-default\" data-id=\"a3cd859\" data-element_type=\"section\">\n\t\t\t\t\t\t<div class=\"elementor-container elementor-column-gap-default\">\n\t\t\t\t\t<div class=\"elementor-column elementor-col-33 elementor-top-column elementor-element elementor-element-b8c8236\" data-id=\"b8c8236\" data-element_type=\"column\">\n\t\t\t<div class=\"elementor-widget-wrap elementor-element-populated\">\n\t\t\t\t\t\t<div class=\"elementor-element elementor-element-6428eab elementor-widget elementor-widget-image\" data-id=\"6428eab\" data-element_type=\"widget\" data-widget_type=\"image.default\">\n\t\t\t\t<div class=\"elementor-widget-container\">\n\t\t\t\t\t\t\t\t\t\t\t\t\t\t\t\t<a href=\"https:\/\/www.salineroyale.com\/evenement\/exposition-corto-maltese\/\" target=\"_blank\">\n\t\t\t\t\t\t\t<img fetchpriority=\"high\" decoding=\"async\" width=\"595\" height=\"841\" src=\"https:\/\/www.cong-pratt.com\/wp-content\/uploads\/2025\/01\/Affiche-Exposition-Corto-Maltese-2.jpg\" class=\"attachment-large size-large wp-image-31120\" alt=\"Corto Maltese Saline\" srcset=\"https:\/\/www.cong-pratt.com\/wp-content\/uploads\/2025\/01\/Affiche-Exposition-Corto-Maltese-2.jpg 595w, https:\/\/www.cong-pratt.com\/wp-content\/uploads\/2025\/01\/Affiche-Exposition-Corto-Maltese-2-212x300.jpg 212w\" sizes=\"(max-width: 595px) 100vw, 595px\" \/>\t\t\t\t\t\t\t\t<\/a>\n\t\t\t\t\t\t\t\t\t\t\t\t\t\t\t<\/div>\n\t\t\t\t<\/div>\n\t\t\t\t<div class=\"elementor-element elementor-element-254095e elementor-widget elementor-widget-text-editor\" data-id=\"254095e\" data-element_type=\"widget\" data-widget_type=\"text-editor.default\">\n\t\t\t\t<div class=\"elementor-widget-container\">\n\t\t\t\t\t\t\t\t\t<h6><span style=\"color: #800000;\">EPCC Saline Royale<\/span><br \/>\n<span style=\"color: #800000;\">Grande rue, 25610 Arc et Senans<\/span><br \/>\n<span style=\"color: #800000;\">Ciudades cercanas: Besan\u00e7on (35km), Dole (30km)<\/span><\/h6>\n<h6><span style=\"color: #800000;\">ENTRADAS (la entrada a la exposici\u00f3n incluye la visita a la Saline Royale)<\/span><br \/>\n<span style=\"color: #800000;\">&#8211; del 27 de abril al 31 de octubre: adultos 15,00<\/span><br \/>\n<span style=\"color: #800000;\">&#8211; del 1 de noviembre al 9 de noviembre: adultos 13,00<\/span><\/h6>\n<h6><span style=\"color: #800000;\">HORARIOS DE APERTURA<\/span><br \/>\n<span style=\"color: #800000;\">De noviembre a marzo: de 10.00 a 17.00 h.<\/span><br \/>\n<span style=\"color: #800000;\">Abril, mayo, junio, septiembre y octubre: de 9.00 h. a 18.00 h.<\/span><br \/>\n<span style=\"color: #800000;\">Julio y agosto: de 9.00 a 19.00 h.<\/span><\/h6>\n\t\t\t\t\t\t\t\t<\/div>\n\t\t\t\t<\/div>\n\t\t\t\t\t<\/div>\n\t\t<\/div>\n\t\t\t\t<div class=\"elementor-column elementor-col-66 elementor-top-column elementor-element elementor-element-1b71a06\" data-id=\"1b71a06\" data-element_type=\"column\">\n\t\t\t<div class=\"elementor-widget-wrap elementor-element-populated\">\n\t\t\t\t\t\t<div class=\"elementor-element elementor-element-18c2d1c elementor-widget elementor-widget-heading\" data-id=\"18c2d1c\" data-element_type=\"widget\" data-widget_type=\"heading.default\">\n\t\t\t\t<div class=\"elementor-widget-container\">\n\t\t\t\t\t<h2 class=\"elementor-heading-title elementor-size-default\">CORTO MALT\u00c9S EN LA SALINE ROYALE<\/h2>\t\t\t\t<\/div>\n\t\t\t\t<\/div>\n\t\t\t\t<div class=\"elementor-element elementor-element-30c0de4 elementor-widget elementor-widget-spacer\" data-id=\"30c0de4\" data-element_type=\"widget\" data-widget_type=\"spacer.default\">\n\t\t\t\t<div class=\"elementor-widget-container\">\n\t\t\t\t\t\t\t<div class=\"elementor-spacer\">\n\t\t\t<div class=\"elementor-spacer-inner\"><\/div>\n\t\t<\/div>\n\t\t\t\t\t\t<\/div>\n\t\t\t\t<\/div>\n\t\t\t\t<div class=\"elementor-element elementor-element-1d0013b elementor-widget elementor-widget-text-editor\" data-id=\"1d0013b\" data-element_type=\"widget\" data-widget_type=\"text-editor.default\">\n\t\t\t\t<div class=\"elementor-widget-container\">\n\t\t\t\t\t\t\t\t\t<p>En 1771, por encargo de Luis XV, Claude Nicolas Ledoux dise\u00f1\u00f3 la <a href=\"https:\/\/www.salineroyale.com\/\" target=\"_blank\" rel=\"noopener\"><strong>Saline Royale<\/strong><\/a>, hoy Patrimonio Mundial de la UNESCO, para organizar la producci\u00f3n de oro blanco, recurso vital y s\u00edmbolo de comercio y riqueza (ir\u00f3nicamente, fue precisamente el impuesto sobre la sal uno de los detonantes de la Revoluci\u00f3n Francesa, que estallar\u00eda poco despu\u00e9s).<\/p>\n<p>Concebido como una comunidad industrial ideal, donde funci\u00f3n y forma se complementan, este lugar acoge ahora otra forma de viaje: la imaginada por Hugo Pratt. La geometr\u00eda racional de la Saline contrasta con la imprevisibilidad de las rutas de Corto Malt\u00e9s, que atraviesa mares y continentes sin seguir nunca un camino establecido.<\/p>\n<p>Corto expuesto en una biblioteca p\u00fablica es un homenaje a su propia raz\u00f3n de ser, es decir, la capacidad del personaje para desarrollar y mostrar el conocimiento. <strong>Corto viaja<\/strong>, y el esp\u00edritu con el que lo hace es atemporal, porque los valores de la libertad y la curiosidad son siempre imprescindibles para respetar las diferentes culturas. <strong>Corto lee<\/strong>, asimila y hace suyo tanto lo escrito como lo no dicho, que acaban siendo elemento de comprensi\u00f3n para todo aquello que le rodea.<span class=\"Apple-converted-space\">\u00a0<\/span><\/p>\n\t\t\t\t\t\t\t\t<\/div>\n\t\t\t\t<\/div>\n\t\t\t\t<div class=\"elementor-element elementor-element-044c843 elementor-widget elementor-widget-spacer\" data-id=\"044c843\" data-element_type=\"widget\" data-widget_type=\"spacer.default\">\n\t\t\t\t<div class=\"elementor-widget-container\">\n\t\t\t\t\t\t\t<div class=\"elementor-spacer\">\n\t\t\t<div class=\"elementor-spacer-inner\"><\/div>\n\t\t<\/div>\n\t\t\t\t\t\t<\/div>\n\t\t\t\t<\/div>\n\t\t\t\t<div class=\"elementor-element elementor-element-523c67c elementor-widget elementor-widget-spacer\" data-id=\"523c67c\" data-element_type=\"widget\" data-widget_type=\"spacer.default\">\n\t\t\t\t<div class=\"elementor-widget-container\">\n\t\t\t\t\t\t\t<div class=\"elementor-spacer\">\n\t\t\t<div class=\"elementor-spacer-inner\"><\/div>\n\t\t<\/div>\n\t\t\t\t\t\t<\/div>\n\t\t\t\t<\/div>\n\t\t\t\t<div class=\"elementor-element elementor-element-0284684 elementor-widget elementor-widget-text-editor\" data-id=\"0284684\" data-element_type=\"widget\" data-widget_type=\"text-editor.default\">\n\t\t\t\t<div class=\"elementor-widget-container\">\n\t\t\t\t\t\t\t\t\t<p><strong>EL ITINERARIO DE LA EXPOSICI\u00d3N<\/strong><\/p>\n<p>La exposici\u00f3n &#8216;Corto Malt\u00e9s, un monde en aventures&#8217; en la Saline Royal invita a los visitantes a descubrir el mundo de Corto Malt\u00e9s a trav\u00e9s de un itinerario tem\u00e1tico en tres salas de exposici\u00f3n: la primera est\u00e1 dedicada a la biograf\u00eda de Hugo Pratt y a la g\u00e9nesis del pirata m\u00e1s famoso del mundo del c\u00f3mic; la segunda celebra el papel de la mujer en las aventuras de Corto; la tercera conduce a horizontes imaginarios, tras un paso por las profundidades de Mu. Y para concluir la vista, la pel\u00edcula biogr\u00e1fica de Thierry Thomas \u00abTrait pour trait\u00bb, inspirada en el libro ganador del Premio Goncourt 2020 de biograf\u00eda.<\/p>\n<p>La exposici\u00f3n se beneficia de pr\u00e9stamos de las colecciones etnol\u00f3gicas del Museo de las Confluencias, as\u00ed como de l\u00e1minas, acuarelas y dibujos originales cedidos por coleccionistas privados.<\/p>\n<p>Comisarios:<br \/>\nPatrizia Zanotti, CONG SA<br \/>\nMichel Pierre<br \/>\nIsabelle Sall\u00e9, Saline royale<\/p>\n\t\t\t\t\t\t\t\t<\/div>\n\t\t\t\t<\/div>\n\t\t\t\t<div class=\"elementor-element elementor-element-84debe9 elementor-widget elementor-widget-text-editor\" data-id=\"84debe9\" data-element_type=\"widget\" data-widget_type=\"text-editor.default\">\n\t\t\t\t<div class=\"elementor-widget-container\">\n\t\t\t\t\t\t\t\t\t<p>Un lugar magn\u00edfico, pues, para otro viaje de realidad y ensue\u00f1o de la literatura dibujada. Por otra parte, todo empez\u00f3 con un relato titulado \u00abUna balada del mar salado\u00bb.<\/p>\n\t\t\t\t\t\t\t\t<\/div>\n\t\t\t\t<\/div>\n\t\t\t\t<div class=\"elementor-element elementor-element-b7e42d8 elementor-widget elementor-widget-spacer\" data-id=\"b7e42d8\" data-element_type=\"widget\" data-widget_type=\"spacer.default\">\n\t\t\t\t<div class=\"elementor-widget-container\">\n\t\t\t\t\t\t\t<div class=\"elementor-spacer\">\n\t\t\t<div class=\"elementor-spacer-inner\"><\/div>\n\t\t<\/div>\n\t\t\t\t\t\t<\/div>\n\t\t\t\t<\/div>\n\t\t\t\t<section class=\"elementor-section elementor-inner-section elementor-element elementor-element-011d1d9 elementor-section-boxed elementor-section-height-default elementor-section-height-default\" data-id=\"011d1d9\" data-element_type=\"section\">\n\t\t\t\t\t\t<div class=\"elementor-container elementor-column-gap-default\">\n\t\t\t\t\t<div class=\"elementor-column elementor-col-50 elementor-inner-column elementor-element elementor-element-ec4db99\" data-id=\"ec4db99\" data-element_type=\"column\">\n\t\t\t<div class=\"elementor-widget-wrap elementor-element-populated\">\n\t\t\t\t\t\t<div class=\"elementor-element elementor-element-186bbf1 elementor-widget elementor-widget-text-editor\" data-id=\"186bbf1\" data-element_type=\"widget\" data-widget_type=\"text-editor.default\">\n\t\t\t\t<div class=\"elementor-widget-container\">\n\t\t\t\t\t\t\t\t\t<div class=\"page\" title=\"Page 3\">\n<div class=\"layoutArea\">\n<div class=\"column\">\n<p><strong>Hubert Tassy<\/strong>, <em>Directeur ge\u0301ne\u0301ral Saline Royale\u00a0<\/em><\/p>\n<\/div>\n<\/div>\n<\/div>\n\t\t\t\t\t\t\t\t<\/div>\n\t\t\t\t<\/div>\n\t\t\t\t\t<\/div>\n\t\t<\/div>\n\t\t\t\t<div class=\"elementor-column elementor-col-50 elementor-inner-column elementor-element elementor-element-bb64d1d\" data-id=\"bb64d1d\" data-element_type=\"column\">\n\t\t\t<div class=\"elementor-widget-wrap elementor-element-populated\">\n\t\t\t\t\t\t<div class=\"elementor-element elementor-element-28ff6a3 elementor-widget elementor-widget-heading\" data-id=\"28ff6a3\" data-element_type=\"widget\" data-widget_type=\"heading.default\">\n\t\t\t\t<div class=\"elementor-widget-container\">\n\t\t\t\t\t<h3 class=\"elementor-heading-title elementor-size-default\">En 2025, c\u2019est un monde d\u2019aventures, celles de Corto Maltese, le h\u00e9ros \u00e0 la ligne de chance trac\u00e9e d\u2019un coup de rasoir, celui qui va de l\u2019\u00eele du Moine au continent M\u016b, des d\u00e9serts glac\u00e9s de Sib\u00e9rie aux p\u00e2turages helv\u00e9tiques, accompagn\u00e9 du rythme lancinant des derviches tourneurs, ou du chant myst\u00e9rieux d\u2019une harpe celtique, de la v\u00e9n\u00e9neuse Venexiana \u00e0 la douce Pandora qui presque le tua. Chaque fois que l\u2019on ouvre un album de Corto le temps se dilate et le vol silencieux des mouettes dans le ciel du pacifique, sous le regard de Corto, a un go\u00fbt d\u2019\u00e9ternit\u00e9.<\/h3>\t\t\t\t<\/div>\n\t\t\t\t<\/div>\n\t\t\t\t\t<\/div>\n\t\t<\/div>\n\t\t\t\t\t<\/div>\n\t\t<\/section>\n\t\t\t\t\t<\/div>\n\t\t<\/div>\n\t\t\t\t\t<\/div>\n\t\t<\/section>\n\t\t\t\t<section class=\"elementor-section elementor-top-section elementor-element elementor-element-d2b3834 elementor-section-boxed elementor-section-height-default elementor-section-height-default\" data-id=\"d2b3834\" data-element_type=\"section\">\n\t\t\t\t\t\t<div class=\"elementor-container elementor-column-gap-default\">\n\t\t\t\t\t<div class=\"elementor-column elementor-col-25 elementor-top-column elementor-element elementor-element-f01393e\" data-id=\"f01393e\" data-element_type=\"column\">\n\t\t\t<div class=\"elementor-widget-wrap elementor-element-populated\">\n\t\t\t\t\t\t\t<\/div>\n\t\t<\/div>\n\t\t\t\t<div class=\"elementor-column elementor-col-25 elementor-top-column elementor-element elementor-element-9cf0d8e\" data-id=\"9cf0d8e\" data-element_type=\"column\">\n\t\t\t<div class=\"elementor-widget-wrap elementor-element-populated\">\n\t\t\t\t\t\t<div class=\"elementor-element elementor-element-a41f39d elementor-widget elementor-widget-text-editor\" data-id=\"a41f39d\" data-element_type=\"widget\" data-widget_type=\"text-editor.default\">\n\t\t\t\t<div class=\"elementor-widget-container\">\n\t\t\t\t\t\t\t\t\t<h2>Saline Royale son tambi\u00e9n Les Nuits de la Saline: en julio y agosto la exposici\u00f3n se vuelve inmersiva<\/h2>\n<h1><\/h1>\n\t\t\t\t\t\t\t\t<\/div>\n\t\t\t\t<\/div>\n\t\t\t\t\t<\/div>\n\t\t<\/div>\n\t\t\t\t<div class=\"elementor-column elementor-col-50 elementor-top-column elementor-element elementor-element-1d67d3c\" data-id=\"1d67d3c\" data-element_type=\"column\">\n\t\t\t<div class=\"elementor-widget-wrap elementor-element-populated\">\n\t\t\t\t\t\t<div class=\"elementor-element elementor-element-c9b3a50 elementor-widget elementor-widget-image\" data-id=\"c9b3a50\" data-element_type=\"widget\" data-widget_type=\"image.default\">\n\t\t\t\t<div class=\"elementor-widget-container\">\n\t\t\t\t\t\t\t\t\t\t\t\t\t\t\t<img decoding=\"async\" width=\"800\" height=\"486\" src=\"https:\/\/www.cong-pratt.com\/wp-content\/uploads\/2025\/01\/Le-Centre-de-Lumiere2-1024x622.jpg\" class=\"attachment-large size-large wp-image-31220\" alt=\"Corto Maltese Saline\" srcset=\"https:\/\/www.cong-pratt.com\/wp-content\/uploads\/2025\/01\/Le-Centre-de-Lumiere2-1024x622.jpg 1024w, https:\/\/www.cong-pratt.com\/wp-content\/uploads\/2025\/01\/Le-Centre-de-Lumiere2-300x182.jpg 300w, https:\/\/www.cong-pratt.com\/wp-content\/uploads\/2025\/01\/Le-Centre-de-Lumiere2-768x467.jpg 768w, https:\/\/www.cong-pratt.com\/wp-content\/uploads\/2025\/01\/Le-Centre-de-Lumiere2-600x365.jpg 600w, https:\/\/www.cong-pratt.com\/wp-content\/uploads\/2025\/01\/Le-Centre-de-Lumiere2.jpg 1392w\" sizes=\"(max-width: 800px) 100vw, 800px\" \/>\t\t\t\t\t\t\t\t\t\t\t\t\t\t\t<\/div>\n\t\t\t\t<\/div>\n\t\t\t\t\t<\/div>\n\t\t<\/div>\n\t\t\t\t\t<\/div>\n\t\t<\/section>\n\t\t\t\t<section class=\"elementor-section elementor-top-section elementor-element elementor-element-d86f7e8 elementor-section-boxed elementor-section-height-default elementor-section-height-default\" data-id=\"d86f7e8\" data-element_type=\"section\">\n\t\t\t\t\t\t<div class=\"elementor-container elementor-column-gap-default\">\n\t\t\t\t\t<div class=\"elementor-column elementor-col-100 elementor-top-column elementor-element elementor-element-8f72693\" data-id=\"8f72693\" data-element_type=\"column\">\n\t\t\t<div class=\"elementor-widget-wrap elementor-element-populated\">\n\t\t\t\t\t\t<div class=\"elementor-element elementor-element-7f4748f elementor-widget-divider--view-line elementor-widget elementor-widget-divider\" data-id=\"7f4748f\" data-element_type=\"widget\" data-widget_type=\"divider.default\">\n\t\t\t\t<div class=\"elementor-widget-container\">\n\t\t\t\t\t\t\t<div class=\"elementor-divider\">\n\t\t\t<span class=\"elementor-divider-separator\">\n\t\t\t\t\t\t<\/span>\n\t\t<\/div>\n\t\t\t\t\t\t<\/div>\n\t\t\t\t<\/div>\n\t\t\t\t<div class=\"elementor-element elementor-element-47e727b elementor-widget elementor-widget-text-editor\" data-id=\"47e727b\" data-element_type=\"widget\" data-widget_type=\"text-editor.default\">\n\t\t\t\t<div class=\"elementor-widget-container\">\n\t\t\t\t\t\t\t\t\t<h4 id=\"tw-target-text\" class=\"tw-data-text tw-text-large tw-ta\" dir=\"ltr\" data-placeholder=\"Traduzione\" aria-label=\"Testo tradotto\" data-ved=\"2ahUKEwjRjMSW-JaFAxXy_AIHHWQdBF4Q3ewLegQIBRAU\">Algunas de las obras expuestas en la Saline Royale con motivo de la exposici\u00f3n<strong> \u00abCorto Maltese un monde en aventures\u00bb<\/strong>.<\/h4>\n\t\t\t\t\t\t\t\t<\/div>\n\t\t\t\t<\/div>\n\t\t\t\t<div class=\"elementor-element elementor-element-da311b9 elementor-widget elementor-widget-gallery\" data-id=\"da311b9\" data-element_type=\"widget\" data-settings=\"{&quot;gallery_layout&quot;:&quot;masonry&quot;,&quot;overlay_title&quot;:&quot;caption&quot;,&quot;overlay_description&quot;:&quot;description&quot;,&quot;columns&quot;:3,&quot;lazyload&quot;:&quot;yes&quot;,&quot;columns_tablet&quot;:2,&quot;columns_mobile&quot;:1,&quot;gap&quot;:{&quot;unit&quot;:&quot;px&quot;,&quot;size&quot;:10,&quot;sizes&quot;:[]},&quot;gap_tablet&quot;:{&quot;unit&quot;:&quot;px&quot;,&quot;size&quot;:10,&quot;sizes&quot;:[]},&quot;gap_mobile&quot;:{&quot;unit&quot;:&quot;px&quot;,&quot;size&quot;:10,&quot;sizes&quot;:[]},&quot;link_to&quot;:&quot;file&quot;,&quot;overlay_background&quot;:&quot;yes&quot;,&quot;content_hover_animation&quot;:&quot;fade-in&quot;}\" data-widget_type=\"gallery.default\">\n\t\t\t\t<div class=\"elementor-widget-container\">\n\t\t\t\t\t\t\t<div class=\"elementor-gallery__container\">\n\t\t\t\t\t\t\t<a class=\"e-gallery-item elementor-gallery-item elementor-animated-content\" href=\"https:\/\/www.cong-pratt.com\/wp-content\/uploads\/2024\/03\/Giovinezza-Corto-Maltese-1.jpeg\" data-elementor-open-lightbox=\"yes\" data-elementor-lightbox-slideshow=\"da311b9\" data-elementor-lightbox-title=\"Giovinezza-Corto Maltese\" data-e-action-hash=\"#elementor-action%3Aaction%3Dlightbox%26settings%3DeyJpZCI6Mjc2NzMsInVybCI6Imh0dHBzOlwvXC93d3cuY29uZy1wcmF0dC5jb21cL3dwLWNvbnRlbnRcL3VwbG9hZHNcLzIwMjRcLzAzXC9HaW92aW5lenphLUNvcnRvLU1hbHRlc2UtMS5qcGVnIiwic2xpZGVzaG93IjoiZGEzMTFiOSJ9\">\n\t\t\t\t\t<div class=\"e-gallery-image elementor-gallery-item__image\" data-thumbnail=\"https:\/\/www.cong-pratt.com\/wp-content\/uploads\/2024\/03\/Giovinezza-Corto-Maltese-1-225x300.jpeg\" data-width=\"225\" data-height=\"300\" aria-label=\"\" role=\"img\" ><\/div>\n\t\t\t\t\t\t\t\t\t\t\t<div class=\"elementor-gallery-item__overlay\"><\/div>\n\t\t\t\t\t\t\t\t\t\t\t\t\t\t\t<div class=\"elementor-gallery-item__content\">\n\t\t\t\t\t\t\t\t\t\t\t<\/div>\n\t\t\t\t\t\t\t\t\t<\/a>\n\t\t\t\t\t\t\t<a class=\"e-gallery-item elementor-gallery-item elementor-animated-content\" href=\"https:\/\/www.cong-pratt.com\/wp-content\/uploads\/2025\/01\/13_JeuneCorto_1976-1024x804-1.jpg\" data-elementor-open-lightbox=\"yes\" data-elementor-lightbox-slideshow=\"da311b9\" data-elementor-lightbox-title=\"13_JeuneCorto_1976-1024x804\" data-e-action-hash=\"#elementor-action%3Aaction%3Dlightbox%26settings%3DeyJpZCI6MzExNjYsInVybCI6Imh0dHBzOlwvXC93d3cuY29uZy1wcmF0dC5jb21cL3dwLWNvbnRlbnRcL3VwbG9hZHNcLzIwMjVcLzAxXC8xM19KZXVuZUNvcnRvXzE5NzYtMTAyNHg4MDQtMS5qcGciLCJzbGlkZXNob3ciOiJkYTMxMWI5In0%3D\">\n\t\t\t\t\t<div class=\"e-gallery-image elementor-gallery-item__image\" data-thumbnail=\"https:\/\/www.cong-pratt.com\/wp-content\/uploads\/2025\/01\/13_JeuneCorto_1976-1024x804-1-300x236.jpg\" data-width=\"300\" data-height=\"236\" aria-label=\"Corto Maltese Saline\" role=\"img\" ><\/div>\n\t\t\t\t\t\t\t\t\t\t\t<div class=\"elementor-gallery-item__overlay\"><\/div>\n\t\t\t\t\t\t\t\t\t\t\t\t\t\t\t<div class=\"elementor-gallery-item__content\">\n\t\t\t\t\t\t\t\t\t\t\t<\/div>\n\t\t\t\t\t\t\t\t\t<\/a>\n\t\t\t\t\t\t\t<a class=\"e-gallery-item elementor-gallery-item elementor-animated-content\" href=\"https:\/\/www.cong-pratt.com\/wp-content\/uploads\/2025\/01\/Capture-decran-2025-01-15-a-11.21.32.jpg\" data-elementor-open-lightbox=\"yes\" data-elementor-lightbox-slideshow=\"da311b9\" data-elementor-lightbox-title=\"Capture-decran-2025-01-15-a-11.21.32\" data-e-action-hash=\"#elementor-action%3Aaction%3Dlightbox%26settings%3DeyJpZCI6MzExNzEsInVybCI6Imh0dHBzOlwvXC93d3cuY29uZy1wcmF0dC5jb21cL3dwLWNvbnRlbnRcL3VwbG9hZHNcLzIwMjVcLzAxXC9DYXB0dXJlLWRlY3Jhbi0yMDI1LTAxLTE1LWEtMTEuMjEuMzIuanBnIiwic2xpZGVzaG93IjoiZGEzMTFiOSJ9\">\n\t\t\t\t\t<div class=\"e-gallery-image elementor-gallery-item__image\" data-thumbnail=\"https:\/\/www.cong-pratt.com\/wp-content\/uploads\/2025\/01\/Capture-decran-2025-01-15-a-11.21.32-226x300.jpg\" data-width=\"226\" data-height=\"300\" aria-label=\"Corto Maltese Saline\" role=\"img\" ><\/div>\n\t\t\t\t\t\t\t\t\t\t\t<div class=\"elementor-gallery-item__overlay\"><\/div>\n\t\t\t\t\t\t\t\t\t\t\t\t\t\t\t<div class=\"elementor-gallery-item__content\">\n\t\t\t\t\t\t\t\t\t\t\t<\/div>\n\t\t\t\t\t\t\t\t\t<\/a>\n\t\t\t\t\t\t\t<a class=\"e-gallery-item elementor-gallery-item elementor-animated-content\" href=\"https:\/\/www.cong-pratt.com\/wp-content\/uploads\/2025\/01\/CM_Samarkand_1980-1024x926-1.jpg\" data-elementor-open-lightbox=\"yes\" data-elementor-lightbox-slideshow=\"da311b9\" data-elementor-lightbox-title=\"CM_Samarkand_1980-1024x926\" data-e-action-hash=\"#elementor-action%3Aaction%3Dlightbox%26settings%3DeyJpZCI6MzExNzYsInVybCI6Imh0dHBzOlwvXC93d3cuY29uZy1wcmF0dC5jb21cL3dwLWNvbnRlbnRcL3VwbG9hZHNcLzIwMjVcLzAxXC9DTV9TYW1hcmthbmRfMTk4MC0xMDI0eDkyNi0xLmpwZyIsInNsaWRlc2hvdyI6ImRhMzExYjkifQ%3D%3D\">\n\t\t\t\t\t<div class=\"e-gallery-image elementor-gallery-item__image\" data-thumbnail=\"https:\/\/www.cong-pratt.com\/wp-content\/uploads\/2025\/01\/CM_Samarkand_1980-1024x926-1-300x271.jpg\" data-width=\"300\" data-height=\"271\" aria-label=\"Corto Maltese Saline\" role=\"img\" ><\/div>\n\t\t\t\t\t\t\t\t\t\t\t<div class=\"elementor-gallery-item__overlay\"><\/div>\n\t\t\t\t\t\t\t\t\t\t\t\t\t\t\t<div class=\"elementor-gallery-item__content\">\n\t\t\t\t\t\t\t\t\t\t\t<\/div>\n\t\t\t\t\t\t\t\t\t<\/a>\n\t\t\t\t\t\t\t<a class=\"e-gallery-item elementor-gallery-item elementor-animated-content\" href=\"https:\/\/www.cong-pratt.com\/wp-content\/uploads\/2025\/01\/EmmaCoe_1994-1-1024x693-1.jpg\" data-elementor-open-lightbox=\"yes\" data-elementor-lightbox-slideshow=\"da311b9\" data-elementor-lightbox-title=\"EmmaCoe_1994-1-1024x693\" data-e-action-hash=\"#elementor-action%3Aaction%3Dlightbox%26settings%3DeyJpZCI6MzExODEsInVybCI6Imh0dHBzOlwvXC93d3cuY29uZy1wcmF0dC5jb21cL3dwLWNvbnRlbnRcL3VwbG9hZHNcLzIwMjVcLzAxXC9FbW1hQ29lXzE5OTQtMS0xMDI0eDY5My0xLmpwZyIsInNsaWRlc2hvdyI6ImRhMzExYjkifQ%3D%3D\">\n\t\t\t\t\t<div class=\"e-gallery-image elementor-gallery-item__image\" data-thumbnail=\"https:\/\/www.cong-pratt.com\/wp-content\/uploads\/2025\/01\/EmmaCoe_1994-1-1024x693-1-300x203.jpg\" data-width=\"300\" data-height=\"203\" aria-label=\"Corto Maltese Saline\" role=\"img\" ><\/div>\n\t\t\t\t\t\t\t\t\t\t\t<div class=\"elementor-gallery-item__overlay\"><\/div>\n\t\t\t\t\t\t\t\t\t\t\t\t\t\t\t<div class=\"elementor-gallery-item__content\">\n\t\t\t\t\t\t\t\t\t\t\t<\/div>\n\t\t\t\t\t\t\t\t\t<\/a>\n\t\t\t\t\t\t\t<a class=\"e-gallery-item elementor-gallery-item elementor-animated-content\" href=\"https:\/\/www.cong-pratt.com\/wp-content\/uploads\/2025\/01\/Esmeralda_1985.jpg\" data-elementor-open-lightbox=\"yes\" data-elementor-lightbox-slideshow=\"da311b9\" data-elementor-lightbox-title=\"Esmeralda_1985\" data-e-action-hash=\"#elementor-action%3Aaction%3Dlightbox%26settings%3DeyJpZCI6MzExODYsInVybCI6Imh0dHBzOlwvXC93d3cuY29uZy1wcmF0dC5jb21cL3dwLWNvbnRlbnRcL3VwbG9hZHNcLzIwMjVcLzAxXC9Fc21lcmFsZGFfMTk4NS5qcGciLCJzbGlkZXNob3ciOiJkYTMxMWI5In0%3D\">\n\t\t\t\t\t<div class=\"e-gallery-image elementor-gallery-item__image\" data-thumbnail=\"https:\/\/www.cong-pratt.com\/wp-content\/uploads\/2025\/01\/Esmeralda_1985-214x300.jpg\" data-width=\"214\" data-height=\"300\" aria-label=\"Corto Maltese Saline\" role=\"img\" ><\/div>\n\t\t\t\t\t\t\t\t\t\t\t<div class=\"elementor-gallery-item__overlay\"><\/div>\n\t\t\t\t\t\t\t\t\t\t\t\t\t\t\t<div class=\"elementor-gallery-item__content\">\n\t\t\t\t\t\t\t\t\t\t\t<\/div>\n\t\t\t\t\t\t\t\t\t<\/a>\n\t\t\t\t\t\t\t<a class=\"e-gallery-item elementor-gallery-item elementor-animated-content\" href=\"https:\/\/www.cong-pratt.com\/wp-content\/uploads\/2025\/01\/FelixVanLuckner_1994-.jpg\" data-elementor-open-lightbox=\"yes\" data-elementor-lightbox-slideshow=\"da311b9\" data-elementor-lightbox-title=\"FelixVanLuckner_1994-\" data-e-action-hash=\"#elementor-action%3Aaction%3Dlightbox%26settings%3DeyJpZCI6MzExOTEsInVybCI6Imh0dHBzOlwvXC93d3cuY29uZy1wcmF0dC5jb21cL3dwLWNvbnRlbnRcL3VwbG9hZHNcLzIwMjVcLzAxXC9GZWxpeFZhbkx1Y2tuZXJfMTk5NC0uanBnIiwic2xpZGVzaG93IjoiZGEzMTFiOSJ9\">\n\t\t\t\t\t<div class=\"e-gallery-image elementor-gallery-item__image\" data-thumbnail=\"https:\/\/www.cong-pratt.com\/wp-content\/uploads\/2025\/01\/FelixVanLuckner_1994--274x300.jpg\" data-width=\"274\" data-height=\"300\" aria-label=\"\" role=\"img\" ><\/div>\n\t\t\t\t\t\t\t\t\t\t\t<div class=\"elementor-gallery-item__overlay\"><\/div>\n\t\t\t\t\t\t\t\t\t\t\t\t\t\t\t<div class=\"elementor-gallery-item__content\">\n\t\t\t\t\t\t\t\t\t\t\t<\/div>\n\t\t\t\t\t\t\t\t\t<\/a>\n\t\t\t\t\t\t\t<a class=\"e-gallery-item elementor-gallery-item elementor-animated-content\" href=\"https:\/\/www.cong-pratt.com\/wp-content\/uploads\/2025\/01\/NewIreland_1994.jpg\" data-elementor-open-lightbox=\"yes\" data-elementor-lightbox-slideshow=\"da311b9\" data-elementor-lightbox-title=\"NewIreland_1994\" data-e-action-hash=\"#elementor-action%3Aaction%3Dlightbox%26settings%3DeyJpZCI6MzExOTYsInVybCI6Imh0dHBzOlwvXC93d3cuY29uZy1wcmF0dC5jb21cL3dwLWNvbnRlbnRcL3VwbG9hZHNcLzIwMjVcLzAxXC9OZXdJcmVsYW5kXzE5OTQuanBnIiwic2xpZGVzaG93IjoiZGEzMTFiOSJ9\">\n\t\t\t\t\t<div class=\"e-gallery-image elementor-gallery-item__image\" data-thumbnail=\"https:\/\/www.cong-pratt.com\/wp-content\/uploads\/2025\/01\/NewIreland_1994-212x300.jpg\" data-width=\"212\" data-height=\"300\" aria-label=\"Corto Maltese Saline\" role=\"img\" ><\/div>\n\t\t\t\t\t\t\t\t\t\t\t<div class=\"elementor-gallery-item__overlay\"><\/div>\n\t\t\t\t\t\t\t\t\t\t\t\t\t\t\t<div class=\"elementor-gallery-item__content\">\n\t\t\t\t\t\t\t\t\t\t\t<\/div>\n\t\t\t\t\t\t\t\t\t<\/a>\n\t\t\t\t\t\t\t<a class=\"e-gallery-item elementor-gallery-item elementor-animated-content\" href=\"https:\/\/www.cong-pratt.com\/wp-content\/uploads\/2025\/01\/RapaNui_1994-1024x769-1.jpg\" data-elementor-open-lightbox=\"yes\" data-elementor-lightbox-slideshow=\"da311b9\" data-elementor-lightbox-title=\"RapaNui_1994-1024x769\" data-e-action-hash=\"#elementor-action%3Aaction%3Dlightbox%26settings%3DeyJpZCI6MzEyMDEsInVybCI6Imh0dHBzOlwvXC93d3cuY29uZy1wcmF0dC5jb21cL3dwLWNvbnRlbnRcL3VwbG9hZHNcLzIwMjVcLzAxXC9SYXBhTnVpXzE5OTQtMTAyNHg3NjktMS5qcGciLCJzbGlkZXNob3ciOiJkYTMxMWI5In0%3D\">\n\t\t\t\t\t<div class=\"e-gallery-image elementor-gallery-item__image\" data-thumbnail=\"https:\/\/www.cong-pratt.com\/wp-content\/uploads\/2025\/01\/RapaNui_1994-1024x769-1-300x225.jpg\" data-width=\"300\" data-height=\"225\" aria-label=\"Corto Maltese Saline\" role=\"img\" ><\/div>\n\t\t\t\t\t\t\t\t\t\t\t<div class=\"elementor-gallery-item__overlay\"><\/div>\n\t\t\t\t\t\t\t\t\t\t\t\t\t\t\t<div class=\"elementor-gallery-item__content\">\n\t\t\t\t\t\t\t\t\t\t\t<\/div>\n\t\t\t\t\t\t\t\t\t<\/a>\n\t\t\t\t\t\t\t<a class=\"e-gallery-item elementor-gallery-item elementor-animated-content\" href=\"https:\/\/www.cong-pratt.com\/wp-content\/uploads\/2025\/01\/Siberie_1974.jpg\" data-elementor-open-lightbox=\"yes\" data-elementor-lightbox-slideshow=\"da311b9\" data-elementor-lightbox-title=\"Siberie_1974\" data-e-action-hash=\"#elementor-action%3Aaction%3Dlightbox%26settings%3DeyJpZCI6MzEyMDYsInVybCI6Imh0dHBzOlwvXC93d3cuY29uZy1wcmF0dC5jb21cL3dwLWNvbnRlbnRcL3VwbG9hZHNcLzIwMjVcLzAxXC9TaWJlcmllXzE5NzQuanBnIiwic2xpZGVzaG93IjoiZGEzMTFiOSJ9\">\n\t\t\t\t\t<div class=\"e-gallery-image elementor-gallery-item__image\" data-thumbnail=\"https:\/\/www.cong-pratt.com\/wp-content\/uploads\/2025\/01\/Siberie_1974-222x300.jpg\" data-width=\"222\" data-height=\"300\" aria-label=\"Corto Maltese Saline\" role=\"img\" ><\/div>\n\t\t\t\t\t\t\t\t\t\t\t<div class=\"elementor-gallery-item__overlay\"><\/div>\n\t\t\t\t\t\t\t\t\t\t\t\t\t\t\t<div class=\"elementor-gallery-item__content\">\n\t\t\t\t\t\t\t\t\t\t\t<\/div>\n\t\t\t\t\t\t\t\t\t<\/a>\n\t\t\t\t\t\t\t<a class=\"e-gallery-item elementor-gallery-item elementor-animated-content\" href=\"https:\/\/www.cong-pratt.com\/wp-content\/uploads\/2025\/01\/Steiner_1992-1024x770-1.jpg\" data-elementor-open-lightbox=\"yes\" data-elementor-lightbox-slideshow=\"da311b9\" data-elementor-lightbox-title=\"Steiner_1992-1024x770\" data-e-action-hash=\"#elementor-action%3Aaction%3Dlightbox%26settings%3DeyJpZCI6MzEyMTEsInVybCI6Imh0dHBzOlwvXC93d3cuY29uZy1wcmF0dC5jb21cL3dwLWNvbnRlbnRcL3VwbG9hZHNcLzIwMjVcLzAxXC9TdGVpbmVyXzE5OTItMTAyNHg3NzAtMS5qcGciLCJzbGlkZXNob3ciOiJkYTMxMWI5In0%3D\">\n\t\t\t\t\t<div class=\"e-gallery-image elementor-gallery-item__image\" data-thumbnail=\"https:\/\/www.cong-pratt.com\/wp-content\/uploads\/2025\/01\/Steiner_1992-1024x770-1-300x226.jpg\" data-width=\"300\" data-height=\"226\" aria-label=\"\" role=\"img\" ><\/div>\n\t\t\t\t\t\t\t\t\t\t\t<div class=\"elementor-gallery-item__overlay\"><\/div>\n\t\t\t\t\t\t\t\t\t\t\t\t\t\t\t<div class=\"elementor-gallery-item__content\">\n\t\t\t\t\t\t\t\t\t\t\t<\/div>\n\t\t\t\t\t\t\t\t\t<\/a>\n\t\t\t\t\t<\/div>\n\t\t\t\t\t<\/div>\n\t\t\t\t<\/div>\n\t\t\t\t\t<\/div>\n\t\t<\/div>\n\t\t\t\t\t<\/div>\n\t\t<\/section>\n\t\t\t\t<section class=\"elementor-section elementor-top-section elementor-element elementor-element-3933595 elementor-section-boxed elementor-section-height-default elementor-section-height-default\" data-id=\"3933595\" data-element_type=\"section\">\n\t\t\t\t\t\t<div class=\"elementor-container elementor-column-gap-default\">\n\t\t\t\t\t<div class=\"elementor-column elementor-col-100 elementor-top-column elementor-element elementor-element-a7546db\" data-id=\"a7546db\" data-element_type=\"column\">\n\t\t\t<div class=\"elementor-widget-wrap elementor-element-populated\">\n\t\t\t\t\t\t<div class=\"elementor-element elementor-element-0a35ba2 elementor-widget elementor-widget-spacer\" data-id=\"0a35ba2\" data-element_type=\"widget\" data-widget_type=\"spacer.default\">\n\t\t\t\t<div class=\"elementor-widget-container\">\n\t\t\t\t\t\t\t<div class=\"elementor-spacer\">\n\t\t\t<div class=\"elementor-spacer-inner\"><\/div>\n\t\t<\/div>\n\t\t\t\t\t\t<\/div>\n\t\t\t\t<\/div>\n\t\t\t\t<div class=\"elementor-element elementor-element-3a4b2a2 elementor-widget-divider--view-line elementor-widget elementor-widget-divider\" data-id=\"3a4b2a2\" data-element_type=\"widget\" data-widget_type=\"divider.default\">\n\t\t\t\t<div class=\"elementor-widget-container\">\n\t\t\t\t\t\t\t<div class=\"elementor-divider\">\n\t\t\t<span class=\"elementor-divider-separator\">\n\t\t\t\t\t\t<\/span>\n\t\t<\/div>\n\t\t\t\t\t\t<\/div>\n\t\t\t\t<\/div>\n\t\t\t\t<div class=\"elementor-element elementor-element-40f2326 elementor-widget elementor-widget-text-editor\" data-id=\"40f2326\" data-element_type=\"widget\" data-widget_type=\"text-editor.default\">\n\t\t\t\t<div class=\"elementor-widget-container\">\n\t\t\t\t\t\t\t\t\t<p>Las \u00faltimas noticias del mundo de Cong<\/p>\n\t\t\t\t\t\t\t\t<\/div>\n\t\t\t\t<\/div>\n\t\t\t\t<div class=\"elementor-element elementor-element-2dde55c elementor-grid-3 elementor-grid-tablet-2 elementor-grid-mobile-1 elementor-posts--thumbnail-top elementor-widget elementor-widget-posts\" data-id=\"2dde55c\" data-element_type=\"widget\" data-settings=\"{&quot;classic_columns&quot;:&quot;3&quot;,&quot;classic_columns_tablet&quot;:&quot;2&quot;,&quot;classic_columns_mobile&quot;:&quot;1&quot;,&quot;classic_row_gap&quot;:{&quot;unit&quot;:&quot;px&quot;,&quot;size&quot;:35,&quot;sizes&quot;:[]},&quot;classic_row_gap_tablet&quot;:{&quot;unit&quot;:&quot;px&quot;,&quot;size&quot;:&quot;&quot;,&quot;sizes&quot;:[]},&quot;classic_row_gap_mobile&quot;:{&quot;unit&quot;:&quot;px&quot;,&quot;size&quot;:&quot;&quot;,&quot;sizes&quot;:[]}}\" data-widget_type=\"posts.classic\">\n\t\t\t\t<div class=\"elementor-widget-container\">\n\t\t\t\t\t\t\t<div class=\"elementor-posts-container elementor-posts elementor-posts--skin-classic elementor-grid\" role=\"list\">\n\t\t\t\t<article class=\"elementor-post elementor-grid-item post-33926 post type-post status-publish format-standard has-post-thumbnail hentry category-noticias-es tag-corto-maltese-es tag-exposicion tag-hugo-pratt-es\" role=\"listitem\">\n\t\t\t\t<a class=\"elementor-post__thumbnail__link\" href=\"https:\/\/www.cong-pratt.com\/es\/la-balada-de-hugo-pratt-en-alicante\/\" tabindex=\"-1\" >\n\t\t\t<div class=\"elementor-post__thumbnail\"><img decoding=\"async\" width=\"300\" height=\"164\" src=\"https:\/\/www.cong-pratt.com\/wp-content\/uploads\/2026\/04\/imagen-copia-dimensioni-grandi-300x164.jpeg\" class=\"attachment-medium size-medium wp-image-33932\" alt=\"Hugo Pratt Alicante\" srcset=\"https:\/\/www.cong-pratt.com\/wp-content\/uploads\/2026\/04\/imagen-copia-dimensioni-grandi-300x164.jpeg 300w, https:\/\/www.cong-pratt.com\/wp-content\/uploads\/2026\/04\/imagen-copia-dimensioni-grandi-1024x558.jpeg 1024w, https:\/\/www.cong-pratt.com\/wp-content\/uploads\/2026\/04\/imagen-copia-dimensioni-grandi-768x419.jpeg 768w, https:\/\/www.cong-pratt.com\/wp-content\/uploads\/2026\/04\/imagen-copia-dimensioni-grandi-600x327.jpeg 600w, https:\/\/www.cong-pratt.com\/wp-content\/uploads\/2026\/04\/imagen-copia-dimensioni-grandi.jpeg 1280w\" sizes=\"(max-width: 300px) 100vw, 300px\" \/><\/div>\n\t\t<\/a>\n\t\t\t\t<div class=\"elementor-post__text\">\n\t\t\t\t<h3 class=\"elementor-post__title\">\n\t\t\t<a href=\"https:\/\/www.cong-pratt.com\/es\/la-balada-de-hugo-pratt-en-alicante\/\" >\n\t\t\t\tLa balada de Hugo Pratt en Alicante\t\t\t<\/a>\n\t\t<\/h3>\n\t\t\t\t<div class=\"elementor-post__meta-data\">\n\t\t\t\t\t<span class=\"elementor-post-date\">\n\t\t\t20 abril 2026\t\t<\/span>\n\t\t\t\t<\/div>\n\t\t\n\t\t<a class=\"elementor-post__read-more\" href=\"https:\/\/www.cong-pratt.com\/es\/la-balada-de-hugo-pratt-en-alicante\/\" aria-label=\"M\u00e1s informaci\u00f3n sobre La balada de Hugo Pratt en Alicante\" tabindex=\"-1\" >\n\t\t\tLee mas \u00bb\t\t<\/a>\n\n\t\t\t\t<\/div>\n\t\t\t\t<\/article>\n\t\t\t\t<article class=\"elementor-post elementor-grid-item post-33807 post type-post status-publish format-standard has-post-thumbnail hentry category-noticias-es tag-corto-maltese-es tag-exposicion tag-hugo-pratt-es\" role=\"listitem\">\n\t\t\t\t<a class=\"elementor-post__thumbnail__link\" href=\"https:\/\/www.cong-pratt.com\/es\/de-siena-a-lieja-la-exposicion-geografias-imaginarias-rinde-homenaje-al-arte-de-hugo-pratt-y-vuelve-a-belgica-a-partir-del-26-de-marzo\/\" tabindex=\"-1\" >\n\t\t\t<div class=\"elementor-post__thumbnail\"><img loading=\"lazy\" decoding=\"async\" width=\"300\" height=\"169\" src=\"https:\/\/www.cong-pratt.com\/wp-content\/uploads\/2026\/03\/Cover_ExpoLiegi-300x169.jpg\" class=\"attachment-medium size-medium wp-image-33816\" alt=\"Hugo Pratt Liegi\" srcset=\"https:\/\/www.cong-pratt.com\/wp-content\/uploads\/2026\/03\/Cover_ExpoLiegi-300x169.jpg 300w, https:\/\/www.cong-pratt.com\/wp-content\/uploads\/2026\/03\/Cover_ExpoLiegi-1024x576.jpg 1024w, https:\/\/www.cong-pratt.com\/wp-content\/uploads\/2026\/03\/Cover_ExpoLiegi-768x432.jpg 768w, https:\/\/www.cong-pratt.com\/wp-content\/uploads\/2026\/03\/Cover_ExpoLiegi-1536x864.jpg 1536w, https:\/\/www.cong-pratt.com\/wp-content\/uploads\/2026\/03\/Cover_ExpoLiegi-600x338.jpg 600w, https:\/\/www.cong-pratt.com\/wp-content\/uploads\/2026\/03\/Cover_ExpoLiegi.jpg 1920w\" sizes=\"(max-width: 300px) 100vw, 300px\" \/><\/div>\n\t\t<\/a>\n\t\t\t\t<div class=\"elementor-post__text\">\n\t\t\t\t<h3 class=\"elementor-post__title\">\n\t\t\t<a href=\"https:\/\/www.cong-pratt.com\/es\/de-siena-a-lieja-la-exposicion-geografias-imaginarias-rinde-homenaje-al-arte-de-hugo-pratt-y-vuelve-a-belgica-a-partir-del-26-de-marzo\/\" >\n\t\t\t\tDe Siena a Lieja: la exposici\u00f3n \u00abGeograf\u00edas imaginarias\u00bb rinde homenaje al arte de Hugo Pratt y vuelve a B\u00e9lgica a partir del 26 de marzo\t\t\t<\/a>\n\t\t<\/h3>\n\t\t\t\t<div class=\"elementor-post__meta-data\">\n\t\t\t\t\t<span class=\"elementor-post-date\">\n\t\t\t18 marzo 2026\t\t<\/span>\n\t\t\t\t<\/div>\n\t\t\n\t\t<a class=\"elementor-post__read-more\" href=\"https:\/\/www.cong-pratt.com\/es\/de-siena-a-lieja-la-exposicion-geografias-imaginarias-rinde-homenaje-al-arte-de-hugo-pratt-y-vuelve-a-belgica-a-partir-del-26-de-marzo\/\" aria-label=\"M\u00e1s informaci\u00f3n sobre De Siena a Lieja: la exposici\u00f3n \u00abGeograf\u00edas imaginarias\u00bb rinde homenaje al arte de Hugo Pratt y vuelve a B\u00e9lgica a partir del 26 de marzo\" tabindex=\"-1\" >\n\t\t\tLee mas \u00bb\t\t<\/a>\n\n\t\t\t\t<\/div>\n\t\t\t\t<\/article>\n\t\t\t\t<article class=\"elementor-post elementor-grid-item post-33120 post type-post status-publish format-standard has-post-thumbnail hentry category-noticias-es tag-award-es tag-hugo-pratt-es\" role=\"listitem\">\n\t\t\t\t<a class=\"elementor-post__thumbnail__link\" href=\"https:\/\/www.cong-pratt.com\/es\/premios-hugo-pratt-comics-los-ganadores-de-la-primera-edicion\/\" tabindex=\"-1\" >\n\t\t\t<div class=\"elementor-post__thumbnail\"><img loading=\"lazy\" decoding=\"async\" width=\"300\" height=\"169\" src=\"https:\/\/www.cong-pratt.com\/wp-content\/uploads\/2025\/11\/CongcoverAwards-300x169.jpg\" class=\"attachment-medium size-medium wp-image-32886\" alt=\"\" srcset=\"https:\/\/www.cong-pratt.com\/wp-content\/uploads\/2025\/11\/CongcoverAwards-300x169.jpg 300w, https:\/\/www.cong-pratt.com\/wp-content\/uploads\/2025\/11\/CongcoverAwards-1024x576.jpg 1024w, https:\/\/www.cong-pratt.com\/wp-content\/uploads\/2025\/11\/CongcoverAwards-768x432.jpg 768w, https:\/\/www.cong-pratt.com\/wp-content\/uploads\/2025\/11\/CongcoverAwards-1536x864.jpg 1536w, https:\/\/www.cong-pratt.com\/wp-content\/uploads\/2025\/11\/CongcoverAwards-600x338.jpg 600w, https:\/\/www.cong-pratt.com\/wp-content\/uploads\/2025\/11\/CongcoverAwards.jpg 1920w\" sizes=\"(max-width: 300px) 100vw, 300px\" \/><\/div>\n\t\t<\/a>\n\t\t\t\t<div class=\"elementor-post__text\">\n\t\t\t\t<h3 class=\"elementor-post__title\">\n\t\t\t<a href=\"https:\/\/www.cong-pratt.com\/es\/premios-hugo-pratt-comics-los-ganadores-de-la-primera-edicion\/\" >\n\t\t\t\tPremios Hugo Pratt Comics: los ganadores de la primera edici\u00f3n\t\t\t<\/a>\n\t\t<\/h3>\n\t\t\t\t<div class=\"elementor-post__meta-data\">\n\t\t\t\t\t<span class=\"elementor-post-date\">\n\t\t\t11 noviembre 2025\t\t<\/span>\n\t\t\t\t<\/div>\n\t\t\n\t\t<a class=\"elementor-post__read-more\" href=\"https:\/\/www.cong-pratt.com\/es\/premios-hugo-pratt-comics-los-ganadores-de-la-primera-edicion\/\" aria-label=\"M\u00e1s informaci\u00f3n sobre Premios Hugo Pratt Comics: los ganadores de la primera edici\u00f3n\" tabindex=\"-1\" >\n\t\t\tLee mas \u00bb\t\t<\/a>\n\n\t\t\t\t<\/div>\n\t\t\t\t<\/article>\n\t\t\t\t<\/div>\n\t\t\n\t\t\t\t\t\t<\/div>\n\t\t\t\t<\/div>\n\t\t\t\t\t<\/div>\n\t\t<\/div>\n\t\t\t\t\t<\/div>\n\t\t<\/section>\n\t\t\t\t<\/div>\n\t\t","protected":false},"excerpt":{"rendered":"<p>En la Saline Royale de Borgo\u00f1a, el arte de Hugo Pratt se encuentra con la historia de un lugar que<\/p>\n","protected":false},"author":2,"featured_media":31164,"comment_status":"closed","ping_status":"open","sticky":false,"template":"elementor_theme","format":"standard","meta":{"footnotes":""},"categories":[467],"tags":[600,900,686],"class_list":["post-31153","post","type-post","status-publish","format-standard","has-post-thumbnail","hentry","category-noticias-es","tag-corto-maltese-es","tag-exposicion","tag-hugo-pratt-es"],"_links":{"self":[{"href":"https:\/\/www.cong-pratt.com\/es\/wp-json\/wp\/v2\/posts\/31153","targetHints":{"allow":["GET"]}}],"collection":[{"href":"https:\/\/www.cong-pratt.com\/es\/wp-json\/wp\/v2\/posts"}],"about":[{"href":"https:\/\/www.cong-pratt.com\/es\/wp-json\/wp\/v2\/types\/post"}],"author":[{"embeddable":true,"href":"https:\/\/www.cong-pratt.com\/es\/wp-json\/wp\/v2\/users\/2"}],"replies":[{"embeddable":true,"href":"https:\/\/www.cong-pratt.com\/es\/wp-json\/wp\/v2\/comments?post=31153"}],"version-history":[{"count":3,"href":"https:\/\/www.cong-pratt.com\/es\/wp-json\/wp\/v2\/posts\/31153\/revisions"}],"predecessor-version":[{"id":31228,"href":"https:\/\/www.cong-pratt.com\/es\/wp-json\/wp\/v2\/posts\/31153\/revisions\/31228"}],"wp:featuredmedia":[{"embeddable":true,"href":"https:\/\/www.cong-pratt.com\/es\/wp-json\/wp\/v2\/media\/31164"}],"wp:attachment":[{"href":"https:\/\/www.cong-pratt.com\/es\/wp-json\/wp\/v2\/media?parent=31153"}],"wp:term":[{"taxonomy":"category","embeddable":true,"href":"https:\/\/www.cong-pratt.com\/es\/wp-json\/wp\/v2\/categories?post=31153"},{"taxonomy":"post_tag","embeddable":true,"href":"https:\/\/www.cong-pratt.com\/es\/wp-json\/wp\/v2\/tags?post=31153"}],"curies":[{"name":"wp","href":"https:\/\/api.w.org\/{rel}","templated":true}]}}