{"id":16161,"date":"2021-08-03T13:05:11","date_gmt":"2021-08-03T11:05:11","guid":{"rendered":"https:\/\/www.cong-pratt.com\/?p=16161"},"modified":"2021-08-10T11:41:40","modified_gmt":"2021-08-10T09:41:40","slug":"hugo-pratt-dessin-au-long-cours-au-didam-de-bayonne","status":"publish","type":"post","link":"https:\/\/www.cong-pratt.com\/fr\/hugo-pratt-dessin-au-long-cours-au-didam-de-bayonne\/","title":{"rendered":"Hugo Pratt, dessin au long cours au DIDAM de Bayonne"},"content":{"rendered":"\t\t<div data-elementor-type=\"wp-post\" data-elementor-id=\"16161\" class=\"elementor elementor-16161 elementor-14641\" data-elementor-post-type=\"post\">\n\t\t\t\t\t\t<section class=\"elementor-section elementor-top-section elementor-element elementor-element-07f1f14 elementor-section-boxed elementor-section-height-default elementor-section-height-default\" data-id=\"07f1f14\" data-element_type=\"section\">\n\t\t\t\t\t\t<div class=\"elementor-container elementor-column-gap-default\">\n\t\t\t\t\t<div class=\"elementor-column elementor-col-100 elementor-top-column elementor-element elementor-element-51257bd\" data-id=\"51257bd\" data-element_type=\"column\">\n\t\t\t<div class=\"elementor-widget-wrap elementor-element-populated\">\n\t\t\t\t\t\t<div class=\"elementor-element elementor-element-9ad2a86 elementor-widget elementor-widget-text-editor\" data-id=\"9ad2a86\" data-element_type=\"widget\" data-widget_type=\"text-editor.default\">\n\t\t\t\t<div class=\"elementor-widget-container\">\n\t\t\t\t\t\t\t\t\t<h3 data-fontsize=\"20\" data-lineheight=\"30\">Initialement programm\u00e9e au DIDAM cours de l\u2019\u00e9t\u00e9 2020, l\u2019exposition \u00ab\u00a0Hugo Pratt, dessin au long cours\u00a0\u00bb aura finalement lieu\u00a0<strong>du 15 juin au 19 septembre 2021<\/strong>.<\/h3><h3 class=\"title\" data-fontsize=\"16\" data-lineheight=\"24\">Pr\u00e9sentation de l\u2019expo<\/h3><p>Pour sa r\u00e9ouverture, le DIDAM consacre\u00a0pour la premi\u00e8re fois un projet \u00e0 la bande dessin\u00e9e en mettant \u00e0 l\u2019honneur le parcours d\u2019Hugo Pratt (1927-1995), cr\u00e9ateur du c\u00e9l\u00e8bre personnage Corto Maltese. \u00c0 travers la confrontation de documents d\u2019archives, reproductions de planches, de travaux pr\u00e9paratoires et d\u2019aquarelles, l\u2019exposition d\u00e9taille la naissance de son inspiration et les voyages au long cours incarn\u00e9s par le personnage phare qu\u2019est Corto Maltese.<\/p><h3 data-fontsize=\"16\" data-lineheight=\"24\">Concept<\/h3><p><strong>L\u2019exposition Hugo Pratt pr\u00e9sent\u00e9e cet \u00e9t\u00e9 \u00e0 Bayonne rassemble 121 reproductions d\u2019\u0153uvres originales accompagn\u00e9es de textes et de photographies documentant la vie et le parcours du c\u00e9l\u00e8bre dessinateur italien.<\/strong><\/p><p>Invitation au voyage, le parcours de l\u2019exposition propose de d\u00e9couvrir l\u2019enfance d\u2019Hugo Pratt en Italie puis en Afrique o\u00f9 se croisent exp\u00e9riences de jeunesse, influences multiculturelles et premi\u00e8res inspirations litt\u00e9raires. Il nous entra\u00eene ensuite vers l\u2019histoire des Indiens d\u2019Am\u00e9rique du Nord puis vers l\u2019Argentine, lieu de vie et terreau de cr\u00e9ation pour le dessinateur devenu jeune adulte.<\/p><p>Dans les oeuvres pr\u00e9sent\u00e9es, le trait et l\u2019encre noire, marques de fabrique de l\u2019auteur, sont contrebalanc\u00e9s par une ma\u00eetrise remarquable de l\u2019aquarelle qui donne de la lumi\u00e8re et de la douceur aux paysages comme aux personnages. Le p\u00e9riple du visiteur se termine sur une salle enti\u00e8rement consacr\u00e9e \u00e0 Corto Maltese, marin s\u00e9ducteur et aventurier, figure embl\u00e9matique d\u2019Hugo Pratt, et arme puissante de ce dernier pour transmettre, via le dessin, son sens aigu des comportements humains et de la soci\u00e9t\u00e9.<\/p><p>Projet \u00e9labor\u00e9 par la Ville de Bayonne en partenariat avec la soci\u00e9t\u00e9\u00a0<a href=\"https:\/\/www.cong-pratt.com\/\" target=\"_blank\" rel=\"noopener noreferrer\">Cong<\/a>, cr\u00e9\u00e9e par l\u2019auteur pour g\u00e9rer et d\u00e9velopper son \u0153uvre, et titulaire exclusif de tous les droits de reproduction.<\/p><p data-fontsize=\"13\" data-lineheight=\"20\">\u00a0<\/p>\t\t\t\t\t\t\t\t<\/div>\n\t\t\t\t<\/div>\n\t\t\t\t\t<\/div>\n\t\t<\/div>\n\t\t\t\t\t<\/div>\n\t\t<\/section>\n\t\t\t\t<section class=\"elementor-section elementor-top-section elementor-element elementor-element-3ef257a elementor-section-boxed elementor-section-height-default elementor-section-height-default\" data-id=\"3ef257a\" data-element_type=\"section\">\n\t\t\t\t\t\t<div class=\"elementor-container elementor-column-gap-default\">\n\t\t\t\t\t<div class=\"elementor-column elementor-col-33 elementor-top-column elementor-element elementor-element-1574183\" data-id=\"1574183\" data-element_type=\"column\">\n\t\t\t<div class=\"elementor-widget-wrap elementor-element-populated\">\n\t\t\t\t\t\t<div class=\"elementor-element elementor-element-4f646f5 elementor-widget elementor-widget-image\" data-id=\"4f646f5\" data-element_type=\"widget\" data-widget_type=\"image.default\">\n\t\t\t\t<div class=\"elementor-widget-container\">\n\t\t\t\t\t\t\t\t\t\t\t\t\t\t\t<img fetchpriority=\"high\" decoding=\"async\" width=\"698\" height=\"1024\" src=\"https:\/\/www.cong-pratt.com\/wp-content\/uploads\/2021\/06\/affiche-hugo-Pratt-light-min-698x1024.jpg\" class=\"attachment-large size-large wp-image-16925\" alt=\"Didam\" srcset=\"https:\/\/www.cong-pratt.com\/wp-content\/uploads\/2021\/06\/affiche-hugo-Pratt-light-min-698x1024.jpg 698w, https:\/\/www.cong-pratt.com\/wp-content\/uploads\/2021\/06\/affiche-hugo-Pratt-light-min-205x300.jpg 205w, https:\/\/www.cong-pratt.com\/wp-content\/uploads\/2021\/06\/affiche-hugo-Pratt-light-min-768x1126.jpg 768w, https:\/\/www.cong-pratt.com\/wp-content\/uploads\/2021\/06\/affiche-hugo-Pratt-light-min.jpg 1000w\" sizes=\"(max-width: 698px) 100vw, 698px\" \/>\t\t\t\t\t\t\t\t\t\t\t\t\t\t\t<\/div>\n\t\t\t\t<\/div>\n\t\t\t\t\t<\/div>\n\t\t<\/div>\n\t\t\t\t<div class=\"elementor-column elementor-col-66 elementor-top-column elementor-element elementor-element-79e0c13\" data-id=\"79e0c13\" data-element_type=\"column\">\n\t\t\t<div class=\"elementor-widget-wrap elementor-element-populated\">\n\t\t\t\t\t\t<div class=\"elementor-element elementor-element-f44d670 elementor-widget elementor-widget-text-editor\" data-id=\"f44d670\" data-element_type=\"widget\" data-widget_type=\"text-editor.default\">\n\t\t\t\t<div class=\"elementor-widget-container\">\n\t\t\t\t\t\t\t\t\t<h3 data-fontsize=\"16\" data-lineheight=\"24\"><b>Hugo Pratt en voyage\u00a0<\/b><\/h3><p data-fontsize=\"13\" data-lineheight=\"20\">Grand lecteur de romans d\u2019aventure, Hugo Pratt aimait mettre en sc\u00e8ne des r\u00e9cits situ\u00e9s aux confins du r\u00eave. C\u2019est \u00e0 ce voyage onirique qu\u2019est convi\u00e9 le public comme \u00e0 la d\u00e9couverte de ce trait sp\u00e9cifique qui en fait l\u2019un des plus grands dessinateurs contemporains.<\/p><p data-fontsize=\"13\" data-lineheight=\"20\">D\u00e9c\u00e9d\u00e9 en 1995, Hugo Pratt disait que son style \u00e9tait\u00a0le r\u00e9sultat de toute une vie de recherche : \u00ab\u00a0J\u2019ai travaill\u00e9 pendant 50 ans pour en arriver \u00e0 dessiner comme maintenant (\u2026). Je voudrais arriver un jour \u00e0 tout faire comprendre avec une simple ligne.\u00a0\u00bb Pointu\u00a0et ambitieux, il avait une m\u00e9thode : \u00ab\u00a0Je crayonne tr\u00e8s peu. Je dessine quasi toujours directement et je proc\u00e8de dessin par dessin, vignette par vignette. Pourquoi ? Tout simplement pour m\u2019\u00e9viter de revenir en arri\u00e8re, sans quoi je n\u2019arr\u00eaterais pas d\u2019\u00e9baucher et d\u2019esquisser des \u00e9bauches d\u2019\u00e9bauches qui me donneraient toujours un peu plus le sentiment d\u2019insatisfaction.\u00a0\u00bb Ce qui \u00e9videmment requi\u00e9rait une v\u00e9ritable technicit\u00e9. Grand amateur d\u2019encre noire, il appr\u00e9ciait \u00e9galement l\u2019aquarelle qui, justement, ne pardonne pas les erreurs.<\/p><p class=\"infos__item -public \"><strong>Public<\/strong>\u00a0: Tout public<\/p><p class=\"infos__item -tariff \"><strong>Tarif<\/strong>\u00a0: Gratuit, entr\u00e9e libre sans r\u00e9servation. Protocole sanitaire en vigueur.<\/p><p class=\"infos__item -recurring \"><strong>Informations compl\u00e9mentaires\u00a0<\/strong>\u00a0Le <a href=\"https:\/\/didam.bayonne.fr\/informations-transversales\/toute-la-programmation\/hugo-pratt-dessin-au-long-cours-7248\" target=\"_blank\" rel=\"noopener noreferrer\">DIDAM<\/a> est ouvert du lundi au dimanche, de 14h \u00e0 19h30 (jours f\u00e9ri\u00e9s inclus).<\/p>\t\t\t\t\t\t\t\t<\/div>\n\t\t\t\t<\/div>\n\t\t\t\t\t<\/div>\n\t\t<\/div>\n\t\t\t\t\t<\/div>\n\t\t<\/section>\n\t\t\t\t<\/div>\n\t\t","protected":false},"excerpt":{"rendered":"<p>Initialement programm\u00e9e au DIDAM cours de l\u2019\u00e9t\u00e9 2020, l\u2019exposition \u00ab&nbsp;Hugo Pratt, dessin au long cours&nbsp;\u00bb aura finalement lieu&nbsp;du 15 juin au 19 septembre 2021. Pr\u00e9sentation de l\u2019expo Pour sa r\u00e9ouverture, le DIDAM consacre&nbsp;pour la premi\u00e8re fois un projet \u00e0 la bande dessin\u00e9e en mettant \u00e0 l\u2019honneur le parcours d\u2019Hugo Pratt (1927-1995), cr\u00e9ateur du c\u00e9l\u00e8bre personnage [&hellip;]<\/p>\n","protected":false},"author":2,"featured_media":16908,"comment_status":"closed","ping_status":"open","sticky":false,"template":"elementor_theme","format":"standard","meta":{"footnotes":""},"categories":[721,461],"tags":[694,494],"class_list":["post-16161","post","type-post","status-publish","format-standard","has-post-thumbnail","hentry","category-evenements","category-news-fr-2","tag-bayonne-fr","tag-didam-fr-2"],"_links":{"self":[{"href":"https:\/\/www.cong-pratt.com\/fr\/wp-json\/wp\/v2\/posts\/16161","targetHints":{"allow":["GET"]}}],"collection":[{"href":"https:\/\/www.cong-pratt.com\/fr\/wp-json\/wp\/v2\/posts"}],"about":[{"href":"https:\/\/www.cong-pratt.com\/fr\/wp-json\/wp\/v2\/types\/post"}],"author":[{"embeddable":true,"href":"https:\/\/www.cong-pratt.com\/fr\/wp-json\/wp\/v2\/users\/2"}],"replies":[{"embeddable":true,"href":"https:\/\/www.cong-pratt.com\/fr\/wp-json\/wp\/v2\/comments?post=16161"}],"version-history":[{"count":7,"href":"https:\/\/www.cong-pratt.com\/fr\/wp-json\/wp\/v2\/posts\/16161\/revisions"}],"predecessor-version":[{"id":16934,"href":"https:\/\/www.cong-pratt.com\/fr\/wp-json\/wp\/v2\/posts\/16161\/revisions\/16934"}],"wp:featuredmedia":[{"embeddable":true,"href":"https:\/\/www.cong-pratt.com\/fr\/wp-json\/wp\/v2\/media\/16908"}],"wp:attachment":[{"href":"https:\/\/www.cong-pratt.com\/fr\/wp-json\/wp\/v2\/media?parent=16161"}],"wp:term":[{"taxonomy":"category","embeddable":true,"href":"https:\/\/www.cong-pratt.com\/fr\/wp-json\/wp\/v2\/categories?post=16161"},{"taxonomy":"post_tag","embeddable":true,"href":"https:\/\/www.cong-pratt.com\/fr\/wp-json\/wp\/v2\/tags?post=16161"}],"curies":[{"name":"wp","href":"https:\/\/api.w.org\/{rel}","templated":true}]}}