{"id":16755,"date":"2021-06-21T17:24:50","date_gmt":"2021-06-21T15:24:50","guid":{"rendered":"https:\/\/www.cong-pratt.com\/2021\/06\/21\/oceano-nero-cong\/"},"modified":"2021-08-11T08:16:59","modified_gmt":"2021-08-11T06:16:59","slug":"ocean-noir","status":"publish","type":"post","link":"https:\/\/www.cong-pratt.com\/fr\/ocean-noir\/","title":{"rendered":"Oc\u00e9an noir, le retour de Corto Maltese, r\u00e9interpr\u00e9t\u00e9 par Bastien Viv\u00e8s et Martin Quenehen"},"content":{"rendered":"\t\t<div data-elementor-type=\"wp-post\" data-elementor-id=\"16755\" class=\"elementor elementor-16755 elementor-14597\" data-elementor-post-type=\"post\">\n\t\t\t\t\t\t<section class=\"elementor-section elementor-top-section elementor-element elementor-element-0d77ee1 elementor-section-boxed elementor-section-height-default elementor-section-height-default\" data-id=\"0d77ee1\" data-element_type=\"section\">\n\t\t\t\t\t\t<div class=\"elementor-container elementor-column-gap-default\">\n\t\t\t\t\t<div class=\"elementor-column elementor-col-100 elementor-top-column elementor-element elementor-element-440584e\" data-id=\"440584e\" data-element_type=\"column\">\n\t\t\t<div class=\"elementor-widget-wrap elementor-element-populated\">\n\t\t\t\t\t\t<div class=\"elementor-element elementor-element-3f32b03 elementor-widget elementor-widget-heading\" data-id=\"3f32b03\" data-element_type=\"widget\" data-widget_type=\"heading.default\">\n\t\t\t\t<div class=\"elementor-widget-container\">\n\t\t\t\t\t<h2 class=\"elementor-heading-title elementor-size-default\">Bastien Viv\u00e8s et Martin Quenehen r\u00e9interpr\u00e8tent le mythe cr\u00e9\u00e9 par Hugo Pratt dans \u00ab<strong>Oc\u00e9an noir<\/strong> \u00bb, \u00e0 para\u00eetre chez Casterman le 1er septembre 2021.\n\n\u2013 \u00c0 Suivre\u2026<\/h2>\t\t\t\t<\/div>\n\t\t\t\t<\/div>\n\t\t\t\t<div class=\"elementor-element elementor-element-e4fe39d elementor-widget elementor-widget-spacer\" data-id=\"e4fe39d\" data-element_type=\"widget\" data-widget_type=\"spacer.default\">\n\t\t\t\t<div class=\"elementor-widget-container\">\n\t\t\t\t\t\t\t<div class=\"elementor-spacer\">\n\t\t\t<div class=\"elementor-spacer-inner\"><\/div>\n\t\t<\/div>\n\t\t\t\t\t\t<\/div>\n\t\t\t\t<\/div>\n\t\t\t\t<div class=\"elementor-element elementor-element-8bdf5cb elementor-widget elementor-widget-text-editor\" data-id=\"8bdf5cb\" data-element_type=\"widget\" data-widget_type=\"text-editor.default\">\n\t\t\t\t<div class=\"elementor-widget-container\">\n\t\t\t\t\t\t\t\t\t<h4 dir=\"auto\" data-fontsize=\"36\" data-lineheight=\"47\"><span style=\"color: inherit; font-family: inherit; font-size: 2rem;\">En bon \u00ab gentilhomme de fortune \u00bb, Corto Maltese n\u2019a pas fini de nous surprendre. Le marin \u00e0 la gueule d\u2019ange se pr\u00e9pare \u00e0 vivre de nouvelles aventures tout \u00e0 fait inattendues dans un album sign\u00e9 de Bastien Viv\u00e8s et du sc\u00e9nariste Martin Quenehen. Le plus c\u00e9l\u00e8bre et sexy des marins de la BD reprendra la mer le 1er septembre, dans une aventure in\u00e9dite propos\u00e9e par l\u2019un des auteurs les plus dou\u00e9s de sa g\u00e9n\u00e9ration, Bastien Viv\u00e8s. Voici la premi\u00e8re image de\u00a0<\/span><span style=\"color: inherit; font-family: inherit; font-size: 2rem;\" data-description=\"num_tome-titre_tome\">Oc\u00e9an noir,\u00a0<\/span><span style=\"color: inherit; font-family: inherit; font-size: 2rem;\">cette r\u00e9interpr\u00e9tation pleine de promesses. (Le Parisien)<\/span><\/h4>\t\t\t\t\t\t\t\t<\/div>\n\t\t\t\t<\/div>\n\t\t\t\t<div class=\"elementor-element elementor-element-930a291 elementor-widget elementor-widget-spacer\" data-id=\"930a291\" data-element_type=\"widget\" data-widget_type=\"spacer.default\">\n\t\t\t\t<div class=\"elementor-widget-container\">\n\t\t\t\t\t\t\t<div class=\"elementor-spacer\">\n\t\t\t<div class=\"elementor-spacer-inner\"><\/div>\n\t\t<\/div>\n\t\t\t\t\t\t<\/div>\n\t\t\t\t<\/div>\n\t\t\t\t<div class=\"elementor-element elementor-element-60b1eb8 elementor-widget elementor-widget-image\" data-id=\"60b1eb8\" data-element_type=\"widget\" data-widget_type=\"image.default\">\n\t\t\t\t<div class=\"elementor-widget-container\">\n\t\t\t\t\t\t\t\t\t\t\t\t\t\t\t<img fetchpriority=\"high\" decoding=\"async\" width=\"800\" height=\"400\" src=\"https:\/\/www.cong-pratt.com\/wp-content\/uploads\/2021\/06\/Corto-Maltese_Oceano-Nero.jpg\" class=\"attachment-large size-large wp-image-16761\" alt=\"\" srcset=\"https:\/\/www.cong-pratt.com\/wp-content\/uploads\/2021\/06\/Corto-Maltese_Oceano-Nero.jpg 1024w, https:\/\/www.cong-pratt.com\/wp-content\/uploads\/2021\/06\/Corto-Maltese_Oceano-Nero-300x150.jpg 300w, https:\/\/www.cong-pratt.com\/wp-content\/uploads\/2021\/06\/Corto-Maltese_Oceano-Nero-768x384.jpg 768w\" sizes=\"(max-width: 800px) 100vw, 800px\" \/>\t\t\t\t\t\t\t\t\t\t\t\t\t\t\t<\/div>\n\t\t\t\t<\/div>\n\t\t\t\t<div class=\"elementor-element elementor-element-7e16e56 elementor-widget elementor-widget-spacer\" data-id=\"7e16e56\" data-element_type=\"widget\" data-widget_type=\"spacer.default\">\n\t\t\t\t<div class=\"elementor-widget-container\">\n\t\t\t\t\t\t\t<div class=\"elementor-spacer\">\n\t\t\t<div class=\"elementor-spacer-inner\"><\/div>\n\t\t<\/div>\n\t\t\t\t\t\t<\/div>\n\t\t\t\t<\/div>\n\t\t\t\t\t<\/div>\n\t\t<\/div>\n\t\t\t\t\t<\/div>\n\t\t<\/section>\n\t\t\t\t<section class=\"elementor-section elementor-top-section elementor-element elementor-element-48086f4 elementor-section-boxed elementor-section-height-default elementor-section-height-default\" data-id=\"48086f4\" data-element_type=\"section\">\n\t\t\t\t\t\t<div class=\"elementor-container elementor-column-gap-default\">\n\t\t\t\t\t<div class=\"elementor-column elementor-col-100 elementor-top-column elementor-element elementor-element-f0a2d2d\" data-id=\"f0a2d2d\" data-element_type=\"column\">\n\t\t\t<div class=\"elementor-widget-wrap elementor-element-populated\">\n\t\t\t\t\t\t<div class=\"elementor-element elementor-element-d9d2936 elementor-widget elementor-widget-text-editor\" data-id=\"d9d2936\" data-element_type=\"widget\" data-widget_type=\"text-editor.default\">\n\t\t\t\t<div class=\"elementor-widget-container\">\n\t\t\t\t\t\t\t\t\t<h2>les auteurs<\/h2><div class=\"fusion-fullwidth fullwidth-box nonhundred-percent-fullwidth non-hundred-percent-height-scrolling\"><div class=\"fusion-builder-row fusion-row \"><div class=\"fusion-layout-column fusion_builder_column fusion_builder_column_1_2 fusion-builder-column-2 fusion-one-half fusion-column-last 1_2\"><div class=\"fusion-column-wrapper\" data-bg-url=\"\"><div class=\"fusion-text\"><div class=\"page\" title=\"Page 1\"><div class=\"section\"><div class=\"layoutArea\"><div class=\"column\"><div class=\"page\" title=\"Page 1\"><div class=\"section\"><div class=\"layoutArea\"><div class=\"column\"><div class=\"page\" title=\"Page 15\"><div class=\"section\"><div class=\"layoutArea\"><div class=\"column\"><p><strong>BASTIEN VIV\u00c8S<\/strong> est n\u00e9 le 11 f\u00e9vrier 1984. Cherchant sans cesse la compagnie des autres dessinateurs, il se forme \u00e0 l\u2019\u00c9cole Sup\u00e9rieure d\u2019Arts Graphiques Penninghen puis aux Gobelins. Parti pour travailler dans le dessin d\u2019animation, il d\u00e9couvre qu\u2019il veut raconter des histoires.<br \/>Sa carri\u00e8re d\u2019auteur de bande dessin\u00e9e d\u00e9bute v\u00e9ritablement en 2007, lorsqu\u2019il publie Elle(s) chez Casterman. L\u2019ann\u00e9e suivante, il publie Le Go\u00fbt du chlore, qui lui vaut un premier succ\u00e8s public et le prix R\u00e9v\u00e9lation au festival d\u2019Angoul\u00eame. Viennent ensuite Dans mes yeux et Amiti\u00e9s \u00e9troites, une collaboration avec Thomas Cad\u00e8ne sur la s\u00e9rie Les Autres gens, puis le triptyque Pour L\u2019Empire, avec Merwan Chabane, dans la collection \u00ab Poisson Pilote \u00bb.<br \/>En 2011, il publie Polina, qui le fait d\u00e9finitivement conna\u00eetre du grand public et qui obtient le Grand Prix de la Critique, puis sera adapt\u00e9 au cin\u00e9ma par Angelin Preljocaj. Quelques mois apr\u00e8s, pour l\u2019\u00e9diteur Les Requins Marteaux, il con\u00e7oit l\u2019\u00e9tonnant Les Melons de la col\u00e8re, puis en 2018 La D\u00e9charge mentale : \u00ab Je suis autant attach\u00e9 \u00e0 Bambi qu\u2019\u00e0 Russ Meyer \u00bb commentera-t-il.<br \/>De 2013 \u00e0 2019, il produit de mani\u00e8re stakhanoviste avec ses comparses et amis Balak et Micha\u00ebl Sanlaville, la s\u00e9rie Last- man. \u00c9galement prim\u00e9 \u00e0 Angoul\u00eame, ce \u00ab manga fran\u00e7ais \u00bb conna\u00eet aujourd\u2019hui une d\u00e9clinaison en jeu vid\u00e9o et en s\u00e9rie anim\u00e9e sur France 4 et Netflix.<br \/>Au printemps 2017 para\u00eet Une s\u0153ur, qui conna\u00eet un succ\u00e8s imm\u00e9diat tout comme Le Chemisier, publi\u00e9 en septembre 2018.<\/p><\/div><div class=\"column\"><p><strong>MARTIN QUENEHEN<\/strong> est n\u00e9 le 8 mai 1978. Il grandit dans la campagne normande, du c\u00f4t\u00e9 de chez Marcel Duchamp et Madame Bovary. Au coll\u00e8ge, il lit Sade, James Hadley Chase et Martin Veyron, et cr\u00e9e un fanzine o\u00f9 paraissent ses premiers polars.<br \/>\u00c0 18 ans, il monte \u00e0 Paris faire une pr\u00e9pa litt\u00e9raire puis la fac d\u2019histoire. Ses recherches universitaires portent alors sur les cit\u00e9s HLM, o\u00f9 il r\u00e9alise ses premiers reportages radio. Il enseigne ensuite plusieurs ann\u00e9es dans les quartiers nord de Meulun, une exp\u00e9rience qui lui inspire le roman Jours tranquilles d\u2019un prof de banlieue (Grasset, 2011).<br \/>Entr\u00e9 \u00e0 France Culture en produisant des documentaires sur l\u2019arm\u00e9e, Mahomet et des po\u00e8tes morts, il cr\u00e9e ensuite des \u00e9missions buissonni\u00e8res (Sur la route) et rebondissantes (Ping Pong) et tra\u00eene avec des flics, des \u00e9tudiants, des dominatrices et des philosophes&#8230;<br \/>Apr\u00e8s une s\u00e9rie sur Jeanne d\u2019Arc, au cours de laquelle Bastien Viv\u00e8s et lui se rencontrent \u00e0 nouveau, ils boivent un Perrier et entament l\u2019\u00e9criture de Quatorze juillet. S\u2019en suivent des s\u00e9ances de travail \u00e0 la Pagnol, \u00e0 la terrasse des caf\u00e9s, et fa\u00e7on Matrix, par Dropbox interpos\u00e9e.<br \/>Pendant l\u2019\u00e9laboration de leur roman graphique, Martin r\u00e9alise le documentaire Sur la trace des faussaires, diffus\u00e9 \u00e0 la t\u00e9l\u00e9vision, et se lance dans le podcast Les Enqu\u00eates du Louvre, qui sera diffus\u00e9 au printemps 2020.<\/p><\/div><\/div><\/div><\/div><div class=\"page\" title=\"Page 1\"><div class=\"section\"><div class=\"layoutArea\"><div class=\"column\">\u00a0<\/div><\/div><\/div><\/div><\/div><\/div><\/div><\/div><\/div><\/div><\/div><\/div><\/div><div class=\"fusion-clearfix\">\u00a0<\/div><\/div><\/div><\/div><\/div><div class=\"fusion-fullwidth fullwidth-box nonhundred-percent-fullwidth non-hundred-percent-height-scrolling\"><div class=\"fusion-builder-row fusion-row \"><div class=\"fusion-layout-column fusion_builder_column fusion_builder_column_1_1 fusion-builder-column-3 fusion-one-full fusion-column-first fusion-column-last 1_1\"><div class=\"fusion-column-wrapper\" data-bg-url=\"\">\u00a0<\/div><\/div><\/div><\/div>\t\t\t\t\t\t\t\t<\/div>\n\t\t\t\t<\/div>\n\t\t\t\t\t<\/div>\n\t\t<\/div>\n\t\t\t\t\t<\/div>\n\t\t<\/section>\n\t\t\t\t<\/div>\n\t\t","protected":false},"excerpt":{"rendered":"<p>Bastien Viv\u00e8s et Martin Quenehen r\u00e9interpr\u00e8tent le mythe cr\u00e9\u00e9 par Hugo Pratt dans \u00abOc\u00e9an noir \u00bb, \u00e0 para\u00eetre chez Casterman le 1er septembre 2021. \u2013 \u00c0 Suivre\u2026 En bon \u00ab gentilhomme de fortune \u00bb, Corto Maltese n\u2019a pas fini de nous surprendre. Le marin \u00e0 la gueule d\u2019ange se pr\u00e9pare \u00e0 vivre de nouvelles aventures [&hellip;]<\/p>\n","protected":false},"author":2,"featured_media":17315,"comment_status":"closed","ping_status":"open","sticky":false,"template":"elementor_theme","format":"standard","meta":{"footnotes":""},"categories":[461],"tags":[462,463,464],"class_list":["post-16755","post","type-post","status-publish","format-standard","has-post-thumbnail","hentry","category-news-fr-2","tag-bastien-vives-fr-2","tag-corto-maltese-fr-2","tag-martin-quenehen-fr-3"],"_links":{"self":[{"href":"https:\/\/www.cong-pratt.com\/fr\/wp-json\/wp\/v2\/posts\/16755","targetHints":{"allow":["GET"]}}],"collection":[{"href":"https:\/\/www.cong-pratt.com\/fr\/wp-json\/wp\/v2\/posts"}],"about":[{"href":"https:\/\/www.cong-pratt.com\/fr\/wp-json\/wp\/v2\/types\/post"}],"author":[{"embeddable":true,"href":"https:\/\/www.cong-pratt.com\/fr\/wp-json\/wp\/v2\/users\/2"}],"replies":[{"embeddable":true,"href":"https:\/\/www.cong-pratt.com\/fr\/wp-json\/wp\/v2\/comments?post=16755"}],"version-history":[{"count":20,"href":"https:\/\/www.cong-pratt.com\/fr\/wp-json\/wp\/v2\/posts\/16755\/revisions"}],"predecessor-version":[{"id":17319,"href":"https:\/\/www.cong-pratt.com\/fr\/wp-json\/wp\/v2\/posts\/16755\/revisions\/17319"}],"wp:featuredmedia":[{"embeddable":true,"href":"https:\/\/www.cong-pratt.com\/fr\/wp-json\/wp\/v2\/media\/17315"}],"wp:attachment":[{"href":"https:\/\/www.cong-pratt.com\/fr\/wp-json\/wp\/v2\/media?parent=16755"}],"wp:term":[{"taxonomy":"category","embeddable":true,"href":"https:\/\/www.cong-pratt.com\/fr\/wp-json\/wp\/v2\/categories?post=16755"},{"taxonomy":"post_tag","embeddable":true,"href":"https:\/\/www.cong-pratt.com\/fr\/wp-json\/wp\/v2\/tags?post=16755"}],"curies":[{"name":"wp","href":"https:\/\/api.w.org\/{rel}","templated":true}]}}