{"id":27399,"date":"2023-11-13T15:56:38","date_gmt":"2023-11-13T14:56:38","guid":{"rendered":"https:\/\/www.cong-pratt.com\/litterature-dessinee-de-hugo-pratt-au-ministere-des-affaires-etrangeres-italien-valeur-de-la-culture-italienne-dans-le-monde\/"},"modified":"2024-01-13T16:02:51","modified_gmt":"2024-01-13T15:02:51","slug":"litterature-dessinee-de-hugo-pratt-au-ministere-des-affaires-etrangeres-italien","status":"publish","type":"post","link":"https:\/\/www.cong-pratt.com\/fr\/litterature-dessinee-de-hugo-pratt-au-ministere-des-affaires-etrangeres-italien\/","title":{"rendered":"Litt\u00e9rature dessin\u00e9e de Hugo Pratt au Minist\u00e8re des Affaires Etrang\u00e8res italien, valeur de la culture italienne dans le monde"},"content":{"rendered":"\t\t<div data-elementor-type=\"wp-post\" data-elementor-id=\"27399\" class=\"elementor elementor-27399 elementor-26536\" data-elementor-post-type=\"post\">\n\t\t\t\t\t\t<section class=\"elementor-section elementor-top-section elementor-element elementor-element-a1355a1 elementor-section-boxed elementor-section-height-default elementor-section-height-default\" data-id=\"a1355a1\" data-element_type=\"section\">\n\t\t\t\t\t\t<div class=\"elementor-container elementor-column-gap-default\">\n\t\t\t\t\t<div class=\"elementor-column elementor-col-100 elementor-top-column elementor-element elementor-element-3b2c700\" data-id=\"3b2c700\" data-element_type=\"column\">\n\t\t\t<div class=\"elementor-widget-wrap elementor-element-populated\">\n\t\t\t\t\t\t<div class=\"elementor-element elementor-element-120fb1e elementor-widget elementor-widget-heading\" data-id=\"120fb1e\" data-element_type=\"widget\" data-widget_type=\"heading.default\">\n\t\t\t\t<div class=\"elementor-widget-container\">\n\t\t\t\t\t<h2 class=\"elementor-heading-title elementor-size-default\">Le minist\u00e8re des affaires \u00e9trang\u00e8res et de la coop\u00e9ration internationale a choisi Hugo Pratt et son personnage Corto Maltese pour repr\u00e9senter la culture et la langue italiennes.<\/h2>\t\t\t\t<\/div>\n\t\t\t\t<\/div>\n\t\t\t\t<div class=\"elementor-element elementor-element-18ce6cc elementor-widget-divider--view-line elementor-widget elementor-widget-divider\" data-id=\"18ce6cc\" data-element_type=\"widget\" data-widget_type=\"divider.default\">\n\t\t\t\t<div class=\"elementor-widget-container\">\n\t\t\t\t\t\t\t<div class=\"elementor-divider\">\n\t\t\t<span class=\"elementor-divider-separator\">\n\t\t\t\t\t\t<\/span>\n\t\t<\/div>\n\t\t\t\t\t\t<\/div>\n\t\t\t\t<\/div>\n\t\t\t\t<div class=\"elementor-element elementor-element-9c208a8 elementor-widget elementor-widget-spacer\" data-id=\"9c208a8\" data-element_type=\"widget\" data-widget_type=\"spacer.default\">\n\t\t\t\t<div class=\"elementor-widget-container\">\n\t\t\t\t\t\t\t<div class=\"elementor-spacer\">\n\t\t\t<div class=\"elementor-spacer-inner\"><\/div>\n\t\t<\/div>\n\t\t\t\t\t\t<\/div>\n\t\t\t\t<\/div>\n\t\t\t\t<div class=\"elementor-element elementor-element-9d2fb4e elementor-widget elementor-widget-heading\" data-id=\"9d2fb4e\" data-element_type=\"widget\" data-widget_type=\"heading.default\">\n\t\t\t\t<div class=\"elementor-widget-container\">\n\t\t\t\t\t<h2 class=\"elementor-heading-title elementor-size-default\">\"Hugo Pratt, l'h\u00e9ritage, l'\u0153uvre, la biographie\" : c'est le projet promu par le Minist\u00e8re Italien des Affaires Etrang\u00e8res en collaboration avec le Cong qui apporte la litt\u00e9rature dessin\u00e9e aux \u00e9coles italiennes \u00e0 l'\u00e9tranger et aux Instituts Culturels Italiens dans le monde, y compris des concours d'\u00e9criture et une exposition itin\u00e9rante.<\/h2>\t\t\t\t<\/div>\n\t\t\t\t<\/div>\n\t\t\t\t<div class=\"elementor-element elementor-element-e468823 elementor-widget elementor-widget-spacer\" data-id=\"e468823\" data-element_type=\"widget\" data-widget_type=\"spacer.default\">\n\t\t\t\t<div class=\"elementor-widget-container\">\n\t\t\t\t\t\t\t<div class=\"elementor-spacer\">\n\t\t\t<div class=\"elementor-spacer-inner\"><\/div>\n\t\t<\/div>\n\t\t\t\t\t\t<\/div>\n\t\t\t\t<\/div>\n\t\t\t\t<div class=\"elementor-element elementor-element-e2ffbc5 elementor-widget-divider--view-line elementor-widget elementor-widget-divider\" data-id=\"e2ffbc5\" data-element_type=\"widget\" data-widget_type=\"divider.default\">\n\t\t\t\t<div class=\"elementor-widget-container\">\n\t\t\t\t\t\t\t<div class=\"elementor-divider\">\n\t\t\t<span class=\"elementor-divider-separator\">\n\t\t\t\t\t\t<\/span>\n\t\t<\/div>\n\t\t\t\t\t\t<\/div>\n\t\t\t\t<\/div>\n\t\t\t\t<div class=\"elementor-element elementor-element-a3852cc elementor-widget elementor-widget-text-editor\" data-id=\"a3852cc\" data-element_type=\"widget\" data-widget_type=\"text-editor.default\">\n\t\t\t\t<div class=\"elementor-widget-container\">\n\t\t\t\t\t\t\t\t\t<p><span style=\"color: #003366;\"><strong>UNE AVENTURE POUR CORTO<\/strong><\/span><\/p>\n<p>Nous vous avons parl\u00e9, il y a environ un an, du projet du Minist\u00e8re des Affaires Etrang\u00e8res et de la Coop\u00e9ration Internationale (Direction G\u00e9n\u00e9rale de la Diplomatie Publique et Culturelle) \u00ab\u00a0Hugo Pratt. L&rsquo;eredit\u00e0, l&rsquo;opera, la biografia\u00a0\u00bb r\u00e9alis\u00e9 en collaboration avec CONG, la soci\u00e9t\u00e9 qui g\u00e8re toute l&rsquo;\u0153uvre artistique du ma\u00eetre v\u00e9nitien.<\/p>\n<p>Dans le cadre du concours de cr\u00e9ation litt\u00e9raire \u00ab\u00a0Une aventure pour Corto\u00a0\u00bb, les \u00e9l\u00e8ves des \u00e9coles italiennes \u00e0 l&rsquo;\u00e9tranger ont \u00e9t\u00e9 invit\u00e9s \u00e0 \u00e9crire une nouvelle ou le sc\u00e9nario d&rsquo;une histoire originale de Corto Maltese.<br \/>\nUne quinzaine de pays ont particip\u00e9 au projet et envoy\u00e9 leurs travaux, qui ont \u00e9t\u00e9 examin\u00e9s par un jury. Les jeunes ont emmen\u00e9 &#8211; entre autres &#8211; Corto Maltese au pays du feu en Argentine, en Libye, en Turquie, au lac Balaton en Hongrie, dans le train de Girardot \u00e0 Bogota, au bazar de Kerman dans l&rsquo;ancienne Perse, au bord du mont Batur, un volcan en activit\u00e9 en Indon\u00e9sie. Chacun a convaincu le marin \u00e0 la boucle d&rsquo;oreille de le suivre dans une aventure n\u00e9e de l&rsquo;imagination d&rsquo;un individu ou d&rsquo;un groupe de camarades de classe, avec l&rsquo;aide de livres et de cartes ou de leurs professeurs.<em> Chacun de ces enfants a trac\u00e9 une ligne de chance et d&rsquo;aventure sur la paume de sa main.<\/em><\/p>\n\t\t\t\t\t\t\t\t<\/div>\n\t\t\t\t<\/div>\n\t\t\t\t<div class=\"elementor-element elementor-element-819c049 elementor-widget elementor-widget-text-editor\" data-id=\"819c049\" data-element_type=\"widget\" data-widget_type=\"text-editor.default\">\n\t\t\t\t<div class=\"elementor-widget-container\">\n\t\t\t\t\t\t\t\t\t<p>Le 9 octobre 2023, dans le cadre magnifique du Palazzo Vecchio de Florence, \u00e0 l&rsquo;occasion des Etats G\u00e9n\u00e9raux de la Diplomatie Culturelle en pr\u00e9sence des Directeurs des Instituts Culturels Italiens, le Conseiller d&rsquo;Ambassade Marco Maria Cerbo a annonc\u00e9 les laur\u00e9ats du concours \u00ab\u00a0Une aventure pour Corto Maltese\u00a0\u00bb.<\/p>\n<p>Le premier prix a \u00e9t\u00e9 d\u00e9cern\u00e9 \u00e0 \u00ab\u00a0En Perse, le printemps de Corto Maltese\u00a0\u00bb, \u00e9crit par les \u00e9l\u00e8ves de la classe IV du lyc\u00e9e scientifique de l&rsquo;\u00e9cole italienne de T\u00e9h\u00e9ran \u00ab\u00a0Pietro della Valle\u00a0\u00bb (Golsa Adabdar, Shana Rose Jones, Kivarash Nasiri et Golab Sadeghi) sous la direction de Fabio Tiddia, professeur d&rsquo;histoire et de philosophie. L&rsquo;histoire a \u00e9t\u00e9 r\u00e9compens\u00e9e par la bande dessin\u00e9e correspondante, compos\u00e9e de 13 planches originales et cr\u00e9\u00e9e pour l&rsquo;occasion par Giuseppe Camuncoli (alias Cammo), dessinateur de bandes dessin\u00e9es bien connu de Marvel et DC Comics, auteur de \u00ab\u00a0Quatre pierres dans le feu\u00a0\u00bb, suite de la s\u00e9rie \u00ab\u00a0Scorpions du d\u00e9sert\u00a0\u00bb d&rsquo;Hugo Pratt, avec un sc\u00e9nario de Marco Steiner.<br \/>\nLa deuxi\u00e8me place est occup\u00e9e par \u00ab\u00a0La figlia del Pescatore\u00a0\u00bb de la 11e section hongro-italienne du Lyc\u00e9e Csokonal Vit\u00e9z Mih\u00e1ly de Debrecen en Hongrie, et la troisi\u00e8me place par \u00ab\u00a0La tomba di Corto\u00a0\u00bb d&rsquo;Elisa Bianchi de la 4e classe de la section italienne du Coll\u00e8ge Cit\u00e8 Scolaire Internationale de Lyon.<\/p>\n\t\t\t\t\t\t\t\t<\/div>\n\t\t\t\t<\/div>\n\t\t\t\t<div class=\"elementor-element elementor-element-77ae235 elementor-widget elementor-widget-spacer\" data-id=\"77ae235\" data-element_type=\"widget\" data-widget_type=\"spacer.default\">\n\t\t\t\t<div class=\"elementor-widget-container\">\n\t\t\t\t\t\t\t<div class=\"elementor-spacer\">\n\t\t\t<div class=\"elementor-spacer-inner\"><\/div>\n\t\t<\/div>\n\t\t\t\t\t\t<\/div>\n\t\t\t\t<\/div>\n\t\t\t\t<div class=\"elementor-element elementor-element-643c796 elementor-widget elementor-widget-text-editor\" data-id=\"643c796\" data-element_type=\"widget\" data-widget_type=\"text-editor.default\">\n\t\t\t\t<div class=\"elementor-widget-container\">\n\t\t\t\t\t\t\t\t\t<p><span style=\"color: #003366;\"><strong>COURT EN ANTARCTIQUE<\/strong><\/span><\/p>\n<p>Lors de la Conf\u00e9rence de Florence, il y a \u00e9galement eu le passage de t\u00e9moin entre le projet 2022\/23 d\u00e9di\u00e9 \u00e0 Corto Maltese et le projet 2023\/24 d\u00e9di\u00e9 \u00e0 l&rsquo;Antarctique, qui se concr\u00e9tisera par la remise <strong>d&rsquo;une copie de l&rsquo;histoire de Corto Maltese laur\u00e9ate du concours \u00ab\u00a0Un&rsquo;avventura per Corto\u00a0\u00bb aux chercheurs de l&rsquo;Universit\u00e9 Parthenope qui navigueront entre la Nouvelle-Z\u00e9lande et l&rsquo;Antarctique<\/strong> pour participer \u00e0 la trente-neuvi\u00e8me exp\u00e9dition italienne en Antarctique \u00e0 bord du \u00ab\u00a0Laura Besso\u00a0\u00bb, l&rsquo;unique navire brise-glace battant pavillon italien.<br \/>\nCe voyage id\u00e9al de Corto Maltese en Antarctique a \u00e9galement permis d&rsquo;annoncer la \u00ab\u00a0Settimana della lingua italiana nel mondo\u00a0\u00bb (du 16 au 22 octobre 2023) qui, comme chaque ann\u00e9e, \u00e0 l&rsquo;initiative de l&rsquo;Accademia della Crusca et avec la collaboration de la Farnesina, fera la promotion de la langue italienne dans le monde entier.<\/p>\n\t\t\t\t\t\t\t\t<\/div>\n\t\t\t\t<\/div>\n\t\t\t\t\t<\/div>\n\t\t<\/div>\n\t\t\t\t\t<\/div>\n\t\t<\/section>\n\t\t\t\t<section class=\"elementor-section elementor-top-section elementor-element elementor-element-e5a9a89 elementor-section-boxed elementor-section-height-default elementor-section-height-default\" data-id=\"e5a9a89\" data-element_type=\"section\">\n\t\t\t\t\t\t<div class=\"elementor-container elementor-column-gap-default\">\n\t\t\t\t\t<div class=\"elementor-column elementor-col-100 elementor-top-column elementor-element elementor-element-c091a67\" data-id=\"c091a67\" data-element_type=\"column\">\n\t\t\t<div class=\"elementor-widget-wrap elementor-element-populated\">\n\t\t\t\t\t\t<div class=\"elementor-element elementor-element-1edb71a elementor-widget elementor-widget-spacer\" data-id=\"1edb71a\" data-element_type=\"widget\" data-widget_type=\"spacer.default\">\n\t\t\t\t<div class=\"elementor-widget-container\">\n\t\t\t\t\t\t\t<div class=\"elementor-spacer\">\n\t\t\t<div class=\"elementor-spacer-inner\"><\/div>\n\t\t<\/div>\n\t\t\t\t\t\t<\/div>\n\t\t\t\t<\/div>\n\t\t\t\t<div class=\"elementor-element elementor-element-353ad6c elementor-widget-divider--view-line elementor-widget elementor-widget-divider\" data-id=\"353ad6c\" data-element_type=\"widget\" data-widget_type=\"divider.default\">\n\t\t\t\t<div class=\"elementor-widget-container\">\n\t\t\t\t\t\t\t<div class=\"elementor-divider\">\n\t\t\t<span class=\"elementor-divider-separator\">\n\t\t\t\t\t\t<\/span>\n\t\t<\/div>\n\t\t\t\t\t\t<\/div>\n\t\t\t\t<\/div>\n\t\t\t\t<div class=\"elementor-element elementor-element-dd646e6 elementor-widget elementor-widget-text-editor\" data-id=\"dd646e6\" data-element_type=\"widget\" data-widget_type=\"text-editor.default\">\n\t\t\t\t<div class=\"elementor-widget-container\">\n\t\t\t\t\t\t\t\t\t<p><span style=\"color: #003366;\"><strong>L&rsquo;EXPOSITION ITIN\u00c9RANTE CONSACR\u00c9E \u00c0 HUGO PRATT ET CORTO MALTESE<\/strong><\/span><\/p>\n<p>Mais ce n&rsquo;est pas tout. Toujours \u00e0 Florence, il a \u00e9t\u00e9 annonc\u00e9 que le projet consacr\u00e9 \u00e0 Hugo Pratt et \u00e0 Corto Maltese se poursuivra en 2024 avec une exposition itin\u00e9rante de reproductions d\u00e9di\u00e9es au grand dessinateur v\u00e9nitien et \u00e0 son personnage le plus connu, qui sera install\u00e9e &#8211; en collaboration avec le CONG &#8211; dans les Instituts culturels italiens du monde entier. Dix-huit pays ont d\u00e9j\u00e0 adh\u00e9r\u00e9 et, de l&rsquo;Am\u00e9rique du Sud \u00e0 l&rsquo;Asie, en passant par les routes des Balkans, ils seront les nouveaux protagonistes de ce long voyage. Il commence en octobre, avec l&rsquo;inauguration des premi\u00e8res expositions \u00e0 Fiume (Rijeka), en Croatie et \u00e0 Valona (Albanie).<\/p>\n\t\t\t\t\t\t\t\t<\/div>\n\t\t\t\t<\/div>\n\t\t\t\t<div class=\"elementor-element elementor-element-86ff64e elementor-widget elementor-widget-spacer\" data-id=\"86ff64e\" data-element_type=\"widget\" data-widget_type=\"spacer.default\">\n\t\t\t\t<div class=\"elementor-widget-container\">\n\t\t\t\t\t\t\t<div class=\"elementor-spacer\">\n\t\t\t<div class=\"elementor-spacer-inner\"><\/div>\n\t\t<\/div>\n\t\t\t\t\t\t<\/div>\n\t\t\t\t<\/div>\n\t\t\t\t<div class=\"elementor-element elementor-element-fc09391 elementor-widget elementor-widget-image\" data-id=\"fc09391\" data-element_type=\"widget\" data-widget_type=\"image.default\">\n\t\t\t\t<div class=\"elementor-widget-container\">\n\t\t\t\t\t\t\t\t\t\t\t\t\t\t\t<img fetchpriority=\"high\" decoding=\"async\" width=\"800\" height=\"450\" src=\"https:\/\/www.cong-pratt.com\/wp-content\/uploads\/2023\/09\/18-1-1024x576.jpg\" class=\"attachment-large size-large wp-image-26578\" alt=\"Hugo Pratt Farnesina\" srcset=\"https:\/\/www.cong-pratt.com\/wp-content\/uploads\/2023\/09\/18-1-1024x576.jpg 1024w, https:\/\/www.cong-pratt.com\/wp-content\/uploads\/2023\/09\/18-1-300x169.jpg 300w, https:\/\/www.cong-pratt.com\/wp-content\/uploads\/2023\/09\/18-1-768x432.jpg 768w, https:\/\/www.cong-pratt.com\/wp-content\/uploads\/2023\/09\/18-1-1536x864.jpg 1536w, https:\/\/www.cong-pratt.com\/wp-content\/uploads\/2023\/09\/18-1-600x338.jpg 600w, https:\/\/www.cong-pratt.com\/wp-content\/uploads\/2023\/09\/18-1.jpg 1920w\" sizes=\"(max-width: 800px) 100vw, 800px\" \/>\t\t\t\t\t\t\t\t\t\t\t\t\t\t\t<\/div>\n\t\t\t\t<\/div>\n\t\t\t\t<div class=\"elementor-element elementor-element-762ecbe elementor-widget elementor-widget-spacer\" data-id=\"762ecbe\" data-element_type=\"widget\" data-widget_type=\"spacer.default\">\n\t\t\t\t<div class=\"elementor-widget-container\">\n\t\t\t\t\t\t\t<div class=\"elementor-spacer\">\n\t\t\t<div class=\"elementor-spacer-inner\"><\/div>\n\t\t<\/div>\n\t\t\t\t\t\t<\/div>\n\t\t\t\t<\/div>\n\t\t\t\t<div class=\"elementor-element elementor-element-82ac4cc elementor-widget-divider--view-line elementor-widget elementor-widget-divider\" data-id=\"82ac4cc\" data-element_type=\"widget\" data-widget_type=\"divider.default\">\n\t\t\t\t<div class=\"elementor-widget-container\">\n\t\t\t\t\t\t\t<div class=\"elementor-divider\">\n\t\t\t<span class=\"elementor-divider-separator\">\n\t\t\t\t\t\t<\/span>\n\t\t<\/div>\n\t\t\t\t\t\t<\/div>\n\t\t\t\t<\/div>\n\t\t\t\t\t<\/div>\n\t\t<\/div>\n\t\t\t\t\t<\/div>\n\t\t<\/section>\n\t\t\t\t<section class=\"elementor-section elementor-top-section elementor-element elementor-element-ef2b386 elementor-section-boxed elementor-section-height-default elementor-section-height-default\" data-id=\"ef2b386\" data-element_type=\"section\">\n\t\t\t\t\t\t<div class=\"elementor-container elementor-column-gap-default\">\n\t\t\t\t\t<div class=\"elementor-column elementor-col-100 elementor-top-column elementor-element elementor-element-a35de87\" data-id=\"a35de87\" data-element_type=\"column\">\n\t\t\t<div class=\"elementor-widget-wrap elementor-element-populated\">\n\t\t\t\t\t\t<div class=\"elementor-element elementor-element-c693828 elementor-grid-3 elementor-grid-tablet-2 elementor-grid-mobile-1 elementor-posts--thumbnail-top elementor-widget elementor-widget-posts\" data-id=\"c693828\" data-element_type=\"widget\" data-settings=\"{&quot;classic_columns&quot;:&quot;3&quot;,&quot;classic_columns_tablet&quot;:&quot;2&quot;,&quot;classic_columns_mobile&quot;:&quot;1&quot;,&quot;classic_row_gap&quot;:{&quot;unit&quot;:&quot;px&quot;,&quot;size&quot;:35,&quot;sizes&quot;:[]},&quot;classic_row_gap_tablet&quot;:{&quot;unit&quot;:&quot;px&quot;,&quot;size&quot;:&quot;&quot;,&quot;sizes&quot;:[]},&quot;classic_row_gap_mobile&quot;:{&quot;unit&quot;:&quot;px&quot;,&quot;size&quot;:&quot;&quot;,&quot;sizes&quot;:[]}}\" data-widget_type=\"posts.classic\">\n\t\t\t\t<div class=\"elementor-widget-container\">\n\t\t\t\t\t\t\t<div class=\"elementor-posts-container elementor-posts elementor-posts--skin-classic elementor-grid\" role=\"list\">\n\t\t\t\t<article class=\"elementor-post elementor-grid-item post-33851 post type-post status-publish format-standard has-post-thumbnail hentry category-news-fr-2 tag-corto-maltese-fr-2 tag-hugo-pratt-fr\" role=\"listitem\">\n\t\t\t\t<a class=\"elementor-post__thumbnail__link\" href=\"https:\/\/www.cong-pratt.com\/fr\/de-hugo-pratt-a-corto-maltese-un-voyage-dans-les-histoires-en-provence-a-loccasion-du-festival-rencontres-du-9e-art\/\" tabindex=\"-1\" >\n\t\t\t<div class=\"elementor-post__thumbnail\"><img decoding=\"async\" width=\"300\" height=\"169\" src=\"https:\/\/www.cong-pratt.com\/wp-content\/uploads\/2026\/04\/Aix-en-provence_cover-300x169.jpg\" class=\"attachment-medium size-medium wp-image-33855\" alt=\"Aix-en-Provence\" srcset=\"https:\/\/www.cong-pratt.com\/wp-content\/uploads\/2026\/04\/Aix-en-provence_cover-300x169.jpg 300w, https:\/\/www.cong-pratt.com\/wp-content\/uploads\/2026\/04\/Aix-en-provence_cover-1024x576.jpg 1024w, https:\/\/www.cong-pratt.com\/wp-content\/uploads\/2026\/04\/Aix-en-provence_cover-768x432.jpg 768w, https:\/\/www.cong-pratt.com\/wp-content\/uploads\/2026\/04\/Aix-en-provence_cover-1536x864.jpg 1536w, https:\/\/www.cong-pratt.com\/wp-content\/uploads\/2026\/04\/Aix-en-provence_cover-600x338.jpg 600w, https:\/\/www.cong-pratt.com\/wp-content\/uploads\/2026\/04\/Aix-en-provence_cover.jpg 1920w\" sizes=\"(max-width: 300px) 100vw, 300px\" \/><\/div>\n\t\t<\/a>\n\t\t\t\t<div class=\"elementor-post__text\">\n\t\t\t\t<h3 class=\"elementor-post__title\">\n\t\t\t<a href=\"https:\/\/www.cong-pratt.com\/fr\/de-hugo-pratt-a-corto-maltese-un-voyage-dans-les-histoires-en-provence-a-loccasion-du-festival-rencontres-du-9e-art\/\" >\n\t\t\t\tDe Hugo Pratt \u00e0 Corto Maltese. Un voyage dans les histoires en Provence \u00e0 l\u2019occasion du Festival Rencontres du 9e art.\t\t\t<\/a>\n\t\t<\/h3>\n\t\t\t\t<div class=\"elementor-post__meta-data\">\n\t\t\t\t\t<span class=\"elementor-post-date\">\n\t\t\t6 avril 2026\t\t<\/span>\n\t\t\t\t<\/div>\n\t\t\t\t<div class=\"elementor-post__excerpt\">\n\t\t\t<p>L\u2019exposition s\u2019inscrit dans le programme des Rencontres du 9e art \u2013 Festival de la Bande Dessin\u00e9e d\u2019Aix-en-Provence, dans le cadre de la Biennale d\u2019Art 2026,<\/p>\n\t\t<\/div>\n\t\t\n\t\t<a class=\"elementor-post__read-more\" href=\"https:\/\/www.cong-pratt.com\/fr\/de-hugo-pratt-a-corto-maltese-un-voyage-dans-les-histoires-en-provence-a-loccasion-du-festival-rencontres-du-9e-art\/\" aria-label=\"En savoir plus sur De Hugo Pratt \u00e0 Corto Maltese. Un voyage dans les histoires en Provence \u00e0 l\u2019occasion du Festival Rencontres du 9e art.\" tabindex=\"-1\" >\n\t\t\t.\t\t<\/a>\n\n\t\t\t\t<\/div>\n\t\t\t\t<\/article>\n\t\t\t\t<article class=\"elementor-post elementor-grid-item post-33808 post type-post status-publish format-standard has-post-thumbnail hentry category-news-fr-2 tag-corto-maltese-fr-2 tag-hugo-pratt-fr tag-mostra-fr\" role=\"listitem\">\n\t\t\t\t<a class=\"elementor-post__thumbnail__link\" href=\"https:\/\/www.cong-pratt.com\/fr\/de-sienne-a-liege-lexposition-geographies-imaginaires-rend-hommage-a-lart-dhugo-pratt-et-revient-en-belgique-a-partir-du-26-mars\/\" tabindex=\"-1\" >\n\t\t\t<div class=\"elementor-post__thumbnail\"><img decoding=\"async\" width=\"300\" height=\"169\" src=\"https:\/\/www.cong-pratt.com\/wp-content\/uploads\/2026\/03\/Cover_ExpoLiegi-300x169.jpg\" class=\"attachment-medium size-medium wp-image-33814\" alt=\"Hugo Pratt Liegi\" srcset=\"https:\/\/www.cong-pratt.com\/wp-content\/uploads\/2026\/03\/Cover_ExpoLiegi-300x169.jpg 300w, https:\/\/www.cong-pratt.com\/wp-content\/uploads\/2026\/03\/Cover_ExpoLiegi-1024x576.jpg 1024w, https:\/\/www.cong-pratt.com\/wp-content\/uploads\/2026\/03\/Cover_ExpoLiegi-768x432.jpg 768w, https:\/\/www.cong-pratt.com\/wp-content\/uploads\/2026\/03\/Cover_ExpoLiegi-1536x864.jpg 1536w, https:\/\/www.cong-pratt.com\/wp-content\/uploads\/2026\/03\/Cover_ExpoLiegi-600x338.jpg 600w, https:\/\/www.cong-pratt.com\/wp-content\/uploads\/2026\/03\/Cover_ExpoLiegi.jpg 1920w\" sizes=\"(max-width: 300px) 100vw, 300px\" \/><\/div>\n\t\t<\/a>\n\t\t\t\t<div class=\"elementor-post__text\">\n\t\t\t\t<h3 class=\"elementor-post__title\">\n\t\t\t<a href=\"https:\/\/www.cong-pratt.com\/fr\/de-sienne-a-liege-lexposition-geographies-imaginaires-rend-hommage-a-lart-dhugo-pratt-et-revient-en-belgique-a-partir-du-26-mars\/\" >\n\t\t\t\tDe Sienne \u00e0 Li\u00e8ge : l&rsquo;exposition \u00ab G\u00e9ographies imaginaires \u00bb rend hommage \u00e0 l&rsquo;art d&rsquo;Hugo Pratt et revient en Belgique \u00e0 partir du 26 mars\t\t\t<\/a>\n\t\t<\/h3>\n\t\t\t\t<div class=\"elementor-post__meta-data\">\n\t\t\t\t\t<span class=\"elementor-post-date\">\n\t\t\t18 mars 2026\t\t<\/span>\n\t\t\t\t<\/div>\n\t\t\t\t<div class=\"elementor-post__excerpt\">\n\t\t\t<p>LI\u00c8GE, LE CADRAN. DU 26 MARS AU 14 JUIN 2026 Hugo Pratt \u00e0 Li\u00e8ge. \u00ab G\u00e9ographies imaginaires \u00bb ouvre ses portes \u00e0 Le Cadran Expo<\/p>\n\t\t<\/div>\n\t\t\n\t\t<a class=\"elementor-post__read-more\" href=\"https:\/\/www.cong-pratt.com\/fr\/de-sienne-a-liege-lexposition-geographies-imaginaires-rend-hommage-a-lart-dhugo-pratt-et-revient-en-belgique-a-partir-du-26-mars\/\" aria-label=\"En savoir plus sur De Sienne \u00e0 Li\u00e8ge : l&rsquo;exposition \u00ab G\u00e9ographies imaginaires \u00bb rend hommage \u00e0 l&rsquo;art d&rsquo;Hugo Pratt et revient en Belgique \u00e0 partir du 26 mars\" tabindex=\"-1\" >\n\t\t\t.\t\t<\/a>\n\n\t\t\t\t<\/div>\n\t\t\t\t<\/article>\n\t\t\t\t<article class=\"elementor-post elementor-grid-item post-33055 post type-post status-publish format-standard has-post-thumbnail hentry category-news-fr-2 tag-award-fr tag-hugo-pratt-fr\" role=\"listitem\">\n\t\t\t\t<a class=\"elementor-post__thumbnail__link\" href=\"https:\/\/www.cong-pratt.com\/fr\/hugo-pratt-comics-awards-les-laureats-de-la-premiere-edition\/\" tabindex=\"-1\" >\n\t\t\t<div class=\"elementor-post__thumbnail\"><img loading=\"lazy\" decoding=\"async\" width=\"300\" height=\"169\" src=\"https:\/\/www.cong-pratt.com\/wp-content\/uploads\/2025\/11\/CongcoverAwards-300x169.jpg\" class=\"attachment-medium size-medium wp-image-32884\" alt=\"\" srcset=\"https:\/\/www.cong-pratt.com\/wp-content\/uploads\/2025\/11\/CongcoverAwards-300x169.jpg 300w, https:\/\/www.cong-pratt.com\/wp-content\/uploads\/2025\/11\/CongcoverAwards-1024x576.jpg 1024w, https:\/\/www.cong-pratt.com\/wp-content\/uploads\/2025\/11\/CongcoverAwards-768x432.jpg 768w, https:\/\/www.cong-pratt.com\/wp-content\/uploads\/2025\/11\/CongcoverAwards-1536x864.jpg 1536w, https:\/\/www.cong-pratt.com\/wp-content\/uploads\/2025\/11\/CongcoverAwards-600x338.jpg 600w, https:\/\/www.cong-pratt.com\/wp-content\/uploads\/2025\/11\/CongcoverAwards.jpg 1920w\" sizes=\"(max-width: 300px) 100vw, 300px\" \/><\/div>\n\t\t<\/a>\n\t\t\t\t<div class=\"elementor-post__text\">\n\t\t\t\t<h3 class=\"elementor-post__title\">\n\t\t\t<a href=\"https:\/\/www.cong-pratt.com\/fr\/hugo-pratt-comics-awards-les-laureats-de-la-premiere-edition\/\" >\n\t\t\t\tHugo Pratt Comics Awards : les laur\u00e9ats de la premi\u00e8re \u00e9dition\t\t\t<\/a>\n\t\t<\/h3>\n\t\t\t\t<div class=\"elementor-post__meta-data\">\n\t\t\t\t\t<span class=\"elementor-post-date\">\n\t\t\t7 novembre 2025\t\t<\/span>\n\t\t\t\t<\/div>\n\t\t\t\t<div class=\"elementor-post__excerpt\">\n\t\t\t<p>HUGO PRATT COMICS AWARDS &#8211; LES LAUR\u00c9ATS Nous sommes heureux d&rsquo;annoncer la publication en ligne des planches laur\u00e9ates du Hugo Pratt Comics Awards, le prix<\/p>\n\t\t<\/div>\n\t\t\n\t\t<a class=\"elementor-post__read-more\" href=\"https:\/\/www.cong-pratt.com\/fr\/hugo-pratt-comics-awards-les-laureats-de-la-premiere-edition\/\" aria-label=\"En savoir plus sur Hugo Pratt Comics Awards : les laur\u00e9ats de la premi\u00e8re \u00e9dition\" tabindex=\"-1\" >\n\t\t\t.\t\t<\/a>\n\n\t\t\t\t<\/div>\n\t\t\t\t<\/article>\n\t\t\t\t<\/div>\n\t\t\n\t\t\t\t\t\t<\/div>\n\t\t\t\t<\/div>\n\t\t\t\t\t<\/div>\n\t\t<\/div>\n\t\t\t\t\t<\/div>\n\t\t<\/section>\n\t\t\t\t<\/div>\n\t\t","protected":false},"excerpt":{"rendered":"<p>Le minist\u00e8re des affaires \u00e9trang\u00e8res et de la coop\u00e9ration internationale a choisi Hugo Pratt et son personnage Corto Maltese pour repr\u00e9senter la culture et la langue italiennes. \u00ab\u00a0Hugo Pratt, l&rsquo;h\u00e9ritage, l&rsquo;\u0153uvre, la biographie\u00a0\u00bb : c&rsquo;est le projet promu par le Minist\u00e8re Italien des Affaires Etrang\u00e8res en collaboration avec le Cong qui apporte la litt\u00e9rature dessin\u00e9e [&hellip;]<\/p>\n","protected":false},"author":2,"featured_media":27389,"comment_status":"closed","ping_status":"open","sticky":false,"template":"elementor_theme","format":"standard","meta":{"footnotes":""},"categories":[461],"tags":[463,688,919],"class_list":["post-27399","post","type-post","status-publish","format-standard","has-post-thumbnail","hentry","category-news-fr-2","tag-corto-maltese-fr-2","tag-hugo-pratt-fr","tag-ministero-esteri-fr"],"_links":{"self":[{"href":"https:\/\/www.cong-pratt.com\/fr\/wp-json\/wp\/v2\/posts\/27399","targetHints":{"allow":["GET"]}}],"collection":[{"href":"https:\/\/www.cong-pratt.com\/fr\/wp-json\/wp\/v2\/posts"}],"about":[{"href":"https:\/\/www.cong-pratt.com\/fr\/wp-json\/wp\/v2\/types\/post"}],"author":[{"embeddable":true,"href":"https:\/\/www.cong-pratt.com\/fr\/wp-json\/wp\/v2\/users\/2"}],"replies":[{"embeddable":true,"href":"https:\/\/www.cong-pratt.com\/fr\/wp-json\/wp\/v2\/comments?post=27399"}],"version-history":[{"count":1,"href":"https:\/\/www.cong-pratt.com\/fr\/wp-json\/wp\/v2\/posts\/27399\/revisions"}],"predecessor-version":[{"id":27400,"href":"https:\/\/www.cong-pratt.com\/fr\/wp-json\/wp\/v2\/posts\/27399\/revisions\/27400"}],"wp:featuredmedia":[{"embeddable":true,"href":"https:\/\/www.cong-pratt.com\/fr\/wp-json\/wp\/v2\/media\/27389"}],"wp:attachment":[{"href":"https:\/\/www.cong-pratt.com\/fr\/wp-json\/wp\/v2\/media?parent=27399"}],"wp:term":[{"taxonomy":"category","embeddable":true,"href":"https:\/\/www.cong-pratt.com\/fr\/wp-json\/wp\/v2\/categories?post=27399"},{"taxonomy":"post_tag","embeddable":true,"href":"https:\/\/www.cong-pratt.com\/fr\/wp-json\/wp\/v2\/tags?post=27399"}],"curies":[{"name":"wp","href":"https:\/\/api.w.org\/{rel}","templated":true}]}}