{"id":28390,"date":"2024-06-09T08:24:02","date_gmt":"2024-06-09T06:24:02","guid":{"rendered":"https:\/\/www.cong-pratt.com\/?p=28390"},"modified":"2024-09-04T06:43:24","modified_gmt":"2024-09-04T04:43:24","slug":"une-vie-romanesque-le-succes-de-lexposition-consacree-a-corto-maltese","status":"publish","type":"post","link":"https:\/\/www.cong-pratt.com\/fr\/une-vie-romanesque-le-succes-de-lexposition-consacree-a-corto-maltese\/","title":{"rendered":"Une vie romanesque, le succ\u00e8s de l&rsquo;exposition consacr\u00e9e \u00e0 Corto Maltese au Centre Pompidou \u00e0 Paris"},"content":{"rendered":"\t\t<div data-elementor-type=\"wp-post\" data-elementor-id=\"28390\" class=\"elementor elementor-28390 elementor-28387\" data-elementor-post-type=\"post\">\n\t\t\t\t\t\t<section class=\"elementor-section elementor-top-section elementor-element elementor-element-7e970d37 elementor-section-boxed elementor-section-height-default elementor-section-height-default\" data-id=\"7e970d37\" data-element_type=\"section\">\n\t\t\t\t\t\t<div class=\"elementor-container elementor-column-gap-default\">\n\t\t\t\t\t<div class=\"elementor-column elementor-col-100 elementor-top-column elementor-element elementor-element-4a7f11fc\" data-id=\"4a7f11fc\" data-element_type=\"column\">\n\t\t\t<div class=\"elementor-widget-wrap elementor-element-populated\">\n\t\t\t\t\t\t<div class=\"elementor-element elementor-element-550e719 elementor-widget elementor-widget-spacer\" data-id=\"550e719\" data-element_type=\"widget\" data-widget_type=\"spacer.default\">\n\t\t\t\t<div class=\"elementor-widget-container\">\n\t\t\t\t\t\t\t<div class=\"elementor-spacer\">\n\t\t\t<div class=\"elementor-spacer-inner\"><\/div>\n\t\t<\/div>\n\t\t\t\t\t\t<\/div>\n\t\t\t\t<\/div>\n\t\t\t\t<div class=\"elementor-element elementor-element-50f99475 elementor-widget elementor-widget-text-editor\" data-id=\"50f99475\" data-element_type=\"widget\" data-widget_type=\"text-editor.default\">\n\t\t\t\t<div class=\"elementor-widget-container\">\n\t\t\t\t\t\t\t\t\t<h3>Un mus\u00e9e enti\u00e8rement consacr\u00e9 \u00e0 la bande dessin\u00e9e. Les six \u00e9tages du Centre Pompidou \u00e0 Paris c\u00e9l\u00e8brent les 60 ans de la bande dessin\u00e9e de 1964 \u00e0 2024, sans doute la plus grande exposition jamais r\u00e9alis\u00e9e par un mus\u00e9e d\u00e9di\u00e9 au \u00ab 9<sup>e<\/sup> art \u00bb. Hugo Pratt est le seul auteur \u00e0 disposer d&rsquo;un espace r\u00e9serv\u00e9 parmi les nombreux auteurs qui exposeront leurs \u0153uvres.<\/h3>\n<h3>\u00ab Corto Maltese, une vie romanesque \u00bb vient d&rsquo;ouvrir ses portes le 29 mai et conna\u00eet d\u00e9j\u00e0 un grand succ\u00e8s aupr\u00e8s du public et de la critique.<\/h3>\n\t\t\t\t\t\t\t\t<\/div>\n\t\t\t\t<\/div>\n\t\t\t\t\t<\/div>\n\t\t<\/div>\n\t\t\t\t\t<\/div>\n\t\t<\/section>\n\t\t\t\t<section class=\"elementor-section elementor-top-section elementor-element elementor-element-7fa058f elementor-section-boxed elementor-section-height-default elementor-section-height-default\" data-id=\"7fa058f\" data-element_type=\"section\">\n\t\t\t\t\t\t<div class=\"elementor-container elementor-column-gap-default\">\n\t\t\t\t\t<div class=\"elementor-column elementor-col-100 elementor-top-column elementor-element elementor-element-b8f2023\" data-id=\"b8f2023\" data-element_type=\"column\">\n\t\t\t<div class=\"elementor-widget-wrap elementor-element-populated\">\n\t\t\t\t\t\t<div class=\"elementor-element elementor-element-4cafb18 elementor-widget elementor-widget-text-editor\" data-id=\"4cafb18\" data-element_type=\"widget\" data-widget_type=\"text-editor.default\">\n\t\t\t\t<div class=\"elementor-widget-container\">\n\t\t\t\t\t\t\t\t\t<p>Le succ\u00e8s de Corto a \u00e9t\u00e9 \u00e9galement soutenu par la grande m\u00e9diatisation de cet \u00e9v\u00e9nement par les t\u00e9l\u00e9visions et les journaux fran\u00e7ais. Le Monde, Lib\u00e9ration, Le Figaro et Tv5 ont en effet d\u00e9di\u00e9 des pages et des couvertures au personnage cr\u00e9\u00e9 par Hugo Pratt. En Italie \u00e9galement, les principaux canaux de t\u00e9l\u00e9vision, Rai, Mediaset et Sky ont transmis des images de l&rsquo;inauguration de l&rsquo;exposition qui, nous le rappelons \u00e0 tous ceux qui envisagent de visiter Paris, restera ouverte jusqu&rsquo;au 4 novembre 2024.<\/p>\n<p>&nbsp;<\/p>\n\t\t\t\t\t\t\t\t<\/div>\n\t\t\t\t<\/div>\n\t\t\t\t\t<\/div>\n\t\t<\/div>\n\t\t\t\t\t<\/div>\n\t\t<\/section>\n\t\t\t\t<section class=\"elementor-section elementor-top-section elementor-element elementor-element-a9426e4 elementor-section-boxed elementor-section-height-default elementor-section-height-default\" data-id=\"a9426e4\" data-element_type=\"section\">\n\t\t\t\t\t\t<div class=\"elementor-container elementor-column-gap-default\">\n\t\t\t\t\t<div class=\"elementor-column elementor-col-100 elementor-top-column elementor-element elementor-element-a8e0e85\" data-id=\"a8e0e85\" data-element_type=\"column\">\n\t\t\t<div class=\"elementor-widget-wrap elementor-element-populated\">\n\t\t\t\t\t\t<div class=\"elementor-element elementor-element-2996196 elementor-widget-divider--view-line elementor-widget elementor-widget-divider\" data-id=\"2996196\" data-element_type=\"widget\" data-widget_type=\"divider.default\">\n\t\t\t\t<div class=\"elementor-widget-container\">\n\t\t\t\t\t\t\t<div class=\"elementor-divider\">\n\t\t\t<span class=\"elementor-divider-separator\">\n\t\t\t\t\t\t<\/span>\n\t\t<\/div>\n\t\t\t\t\t\t<\/div>\n\t\t\t\t<\/div>\n\t\t\t\t\t<\/div>\n\t\t<\/div>\n\t\t\t\t\t<\/div>\n\t\t<\/section>\n\t\t\t\t<section class=\"elementor-section elementor-top-section elementor-element elementor-element-90b01f1 elementor-section-boxed elementor-section-height-default elementor-section-height-default\" data-id=\"90b01f1\" data-element_type=\"section\">\n\t\t\t\t\t\t<div class=\"elementor-container elementor-column-gap-default\">\n\t\t\t\t\t<div class=\"elementor-column elementor-col-100 elementor-top-column elementor-element elementor-element-2dfc26c\" data-id=\"2dfc26c\" data-element_type=\"column\">\n\t\t\t<div class=\"elementor-widget-wrap elementor-element-populated\">\n\t\t\t\t\t\t<div class=\"elementor-element elementor-element-58be9a3 elementor-widget elementor-widget-heading\" data-id=\"58be9a3\" data-element_type=\"widget\" data-widget_type=\"heading.default\">\n\t\t\t\t<div class=\"elementor-widget-container\">\n\t\t\t\t\t<h2 class=\"elementor-heading-title elementor-size-default\">Revue de presse<\/h2>\t\t\t\t<\/div>\n\t\t\t\t<\/div>\n\t\t\t\t<div class=\"elementor-element elementor-element-9f14230 elementor-widget elementor-widget-spacer\" data-id=\"9f14230\" data-element_type=\"widget\" data-widget_type=\"spacer.default\">\n\t\t\t\t<div class=\"elementor-widget-container\">\n\t\t\t\t\t\t\t<div class=\"elementor-spacer\">\n\t\t\t<div class=\"elementor-spacer-inner\"><\/div>\n\t\t<\/div>\n\t\t\t\t\t\t<\/div>\n\t\t\t\t<\/div>\n\t\t\t\t<div class=\"elementor-element elementor-element-adff4d0 elementor-widget elementor-widget-text-editor\" data-id=\"adff4d0\" data-element_type=\"widget\" data-widget_type=\"text-editor.default\">\n\t\t\t\t<div class=\"elementor-widget-container\">\n\t\t\t\t\t\t\t\t\t<p><strong>Sky TG 24<\/strong>, <a href=\"https:\/\/tg24.sky.it\/lifestyle\/2024\/06\/02\/mostra-fumetti-centre-pompidou-parigi\" target=\"_blank\" rel=\"noopener\">Al Pompidou di Parigi la pi\u00f9 grande mostra sul fumetto<\/a><\/p><p><strong>Rai News<\/strong>, <a href=\"https:\/\/www.rainews.it\/notiziari\/tg1\" target=\"_blank\" rel=\"noopener\">Corto Maltese, une vie romanesque, servizio di Giovanna Botteri al min. 22.05<\/a><\/p><p><strong>TV5 Monde<\/strong>,<a href=\"https:\/\/www.youtube.com\/watch?v=F8M0L9xttGQ\" target=\"_blank\" rel=\"noopener\"> Intervista a Patrizia Zanotti, min 13.21<\/a><\/p><p><strong>Le Figaro<\/strong>,<a href=\"https:\/\/www.cong-pratt.com\/wp-content\/uploads\/2024\/06\/LE-FIGARO_CORTO_POMPIDOU.jpg\" target=\"_blank\" rel=\"noopener\"> Corto Maltese est le plus litte\u0301raire des he\u0301ros de BD<\/a><\/p><p><strong>Le Monde<\/strong>, <a href=\"https:\/\/www.cong-pratt.com\/wp-content\/uploads\/2024\/06\/Le-MONDE_CORTO_POMPIDOU.jpg\" target=\"_blank\" rel=\"noopener\">Le Centre Pompidou consacre enfin la bande dessin\u00e9e<\/a><\/p><p><strong>Europe1<\/strong>, <a href=\"https:\/\/www.europe1.fr\/culture\/le-centre-pompidou-met-a-lhonneur-la-bande-dessinee-avec-une-grande-exposition-prevue-jusquau-4-novembre-4249644\" target=\"_blank\" rel=\"noopener\">Le Centre Pompidou met \u00e0 l&rsquo;honneur la bande dessin\u00e9e avec une grande exposition pr\u00e9vue jusqu&rsquo;au 4 novembre<\/a><\/p><p><strong>Lo Spazio Bianco<\/strong>, <a href=\"https:\/\/www.lospaziobianco.it\/corto-maltese-ospite-donore-al-centre-pompidou-di-parigi\/\" target=\"_blank\" rel=\"noopener\">Corto Maltese ospite d&rsquo;onore al centre Pompidou<\/a><\/p><p><strong>TGCom 24<\/strong>, <a href=\"https:\/\/www.tgcom24.mediaset.it\/cultura\/parigi-al-via-la-mostra-che-celebra-la-storia-del-fumetto-al-centre-pompidou_82944070-202402k.shtml\" target=\"_blank\" rel=\"noopener\">Parigi, al via la mostra che celebra la storia del fumetto al Centre Pompidou | Ospite d&rsquo;onore: Corto Maltese<\/a><\/p><p><strong>Sky Arte<\/strong>, <a href=\"https:\/\/arte.sky.it\/news\/fumetto-mostra-centre-pompidou-parigi\" target=\"_blank\" rel=\"noopener\">Il Centre Pompidou di Parigi apre le porte ai maestri del fumetto<\/a><\/p><p><strong>AfNews<\/strong>, <a href=\"https:\/\/www.afnews.info\/w22\/2024\/05\/28\/corto-maltese-ospite-donore-al-centre-pompidou-di-parigi\/\">Corto Maltese ospite d\u2019onore al Centre Pompidou di Parigi!<\/a><\/p><p><strong>Fumettologica<\/strong>, <a href=\"https:\/\/fumettologica.it\/2024\/05\/mostra-fumetto-centre-pompidou-parigi\/#google_vignette\" target=\"_blank\" rel=\"noopener\">La grande mostra sul fumetto al Centre Pompidou di Parigi<\/a><\/p><p><strong>Arttribune<\/strong>, <a href=\"https:\/\/www.artribune.com\/editoria\/fumetti\/2024\/04\/centre-pompidou-mostra-fumetto\/\" target=\"_blank\" rel=\"noopener\">Al Centre Pompidou di Parigi parte una mostra senza precedenti sul fumetto<\/a><\/p><p><strong>Artscape<\/strong>, <a href=\"https:\/\/www.artscape.fr\/corto-maltese-centre-pompidou\/\" target=\"_blank\" rel=\"noopener\">Corto Maltese, Une vie romanesque<\/a><\/p><p><strong>Balises &#8211; Bpi<\/strong>. <a href=\"https:\/\/balises.bpi.fr\/patrizia-zanotti-coloriste-pratt\/\" target=\"_blank\" rel=\"noopener\">Patrizia Zanotti\u00a0: \u00ab\u00a0Pratt souhaitait des couleurs pastel, tr\u00e8s l\u00e9g\u00e8res\u00a0\u00bb<\/a><\/p><p><strong>Avoir Lire<\/strong> <a href=\"https:\/\/www.avoir-alire.com\/corto-accoste-a-la-bpi-du-centre-pompidou\" target=\"_blank\" rel=\"noopener\">Corto accoste \u00e0 la BPI du centre Pompidou<\/a><\/p>\t\t\t\t\t\t\t\t<\/div>\n\t\t\t\t<\/div>\n\t\t\t\t\t<\/div>\n\t\t<\/div>\n\t\t\t\t\t<\/div>\n\t\t<\/section>\n\t\t\t\t<section class=\"elementor-section elementor-top-section elementor-element elementor-element-27415ec elementor-section-boxed elementor-section-height-default elementor-section-height-default\" data-id=\"27415ec\" data-element_type=\"section\">\n\t\t\t\t\t\t<div class=\"elementor-container elementor-column-gap-default\">\n\t\t\t\t\t<div class=\"elementor-column elementor-col-33 elementor-top-column elementor-element elementor-element-e529d28\" data-id=\"e529d28\" data-element_type=\"column\">\n\t\t\t<div class=\"elementor-widget-wrap elementor-element-populated\">\n\t\t\t\t\t\t<div class=\"elementor-element elementor-element-8bb1c65 elementor-widget elementor-widget-spacer\" data-id=\"8bb1c65\" data-element_type=\"widget\" data-widget_type=\"spacer.default\">\n\t\t\t\t<div class=\"elementor-widget-container\">\n\t\t\t\t\t\t\t<div class=\"elementor-spacer\">\n\t\t\t<div class=\"elementor-spacer-inner\"><\/div>\n\t\t<\/div>\n\t\t\t\t\t\t<\/div>\n\t\t\t\t<\/div>\n\t\t\t\t<div class=\"elementor-element elementor-element-956eb26 elementor-widget elementor-widget-text-editor\" data-id=\"956eb26\" data-element_type=\"widget\" data-widget_type=\"text-editor.default\">\n\t\t\t\t<div class=\"elementor-widget-container\">\n\t\t\t\t\t\t\t\t\t<div class=\"agenda__infos-item wysiwyg\">\n<h4 class=\"is-heading is-bold\" role=\"heading\" aria-level=\"2\">Corto Maltese, Une vie Romanesque<\/h4>\n<h6><strong>Biblioth\u00e8que publique d&rsquo;information &#8211; Centre Pompidou, Parigi<\/strong><br \/>\nniveau 2<\/h6>\n<h6>Entr\u00e9e libre, dans la limite des places disponibles<\/h6>\n<\/div>\n<h6><span class=\"horaireEvenement\">12h &#8211; 22h, <\/span><span class=\"joursEvenement\">tous les lundis, mercredis, jeudis, vendredis<\/span><br \/>\n<span class=\"horaireEvenement\">10h &#8211; 22h, <\/span><span class=\"joursEvenement\">tous les samedis, dimanches<\/span><\/h6>\n\t\t\t\t\t\t\t\t<\/div>\n\t\t\t\t<\/div>\n\t\t\t\t<div class=\"elementor-element elementor-element-3b2f371 elementor-widget-divider--view-line elementor-widget elementor-widget-divider\" data-id=\"3b2f371\" data-element_type=\"widget\" data-widget_type=\"divider.default\">\n\t\t\t\t<div class=\"elementor-widget-container\">\n\t\t\t\t\t\t\t<div class=\"elementor-divider\">\n\t\t\t<span class=\"elementor-divider-separator\">\n\t\t\t\t\t\t<\/span>\n\t\t<\/div>\n\t\t\t\t\t\t<\/div>\n\t\t\t\t<\/div>\n\t\t\t\t<div class=\"elementor-element elementor-element-c416a67 elementor-widget elementor-widget-text-editor\" data-id=\"c416a67\" data-element_type=\"widget\" data-widget_type=\"text-editor.default\">\n\t\t\t\t<div class=\"elementor-widget-container\">\n\t\t\t\t\t\t\t\t\t<h4>La Biblioth\u00e8que publique d&rsquo;information propose une programmation riche pour l&rsquo;exposition \u00ab Corto Maltese, une vie romanesque \u00bb. Rencontres avec des sp\u00e9cialistes de l&rsquo;\u0153uvre de Hugo Pratt, avec des \u00e9crivains et des \u00e9crivaines passionn\u00e9s par le personnage de Corto Maltese et son univers.<\/h4>\n<p><a href=\"https:\/\/www.centrepompidou.fr\/fr\/programme\/agenda\">Revenir \u00e0 l&rsquo;agenda<\/a><\/p>\n\t\t\t\t\t\t\t\t<\/div>\n\t\t\t\t<\/div>\n\t\t\t\t<div class=\"elementor-element elementor-element-9d3531e elementor-widget elementor-widget-text-editor\" data-id=\"9d3531e\" data-element_type=\"widget\" data-widget_type=\"text-editor.default\">\n\t\t\t\t<div class=\"elementor-widget-container\">\n\t\t\t\t\t\t\t\t\t<div class=\"agenda__infos-item wysiwyg\">\n<p>En s&rsquo;appuyant sur une gamme de documents originaux (photographies, notes, storyboard, croquis, \u00e9tudes, planches et aquarelles). La biblioth\u00e8que publique d&rsquo;information pr\u00e9sentera une exposition sp\u00e9cialement con\u00e7ue pour explorer cette <strong>dimension &lsquo;litt\u00e9raire&rsquo;<\/strong> des albums de la s\u00e9rie.<\/p>\n<p>Elle \u00e9voquera pour cela, la\u00a0gen\u00e8se du personnage\u00a0: son apparition dans le paysage de la bande dessin\u00e9e, la biographie \u201cimaginaire\u201d qui fait de Corto Maltese un h\u00e9ros \u00e0 l\u2019existence partag\u00e9e entre r\u00e9el et fiction, ainsi que sa relation complexe aux \u00e9v\u00e9nements historiques de son \u00e9poque : en m\u00eame temps qu&rsquo;il est toujours plus impliqu\u00e9, il les tient \u00e0 distance en utilisant de l&rsquo;ironie et de l&rsquo;indiff\u00e9rence trompeuse.<\/p>\n<p>On va appr\u00e9cier les interactions qu&rsquo;il cr\u00e9e avec d&rsquo;autres personnages, qu&rsquo;ils soient f\u00e9minins ou masculins, qui lui permettent de r\u00e9v\u00e9ler et d&rsquo;affirmer sa personnalit\u00e9 en \u00e9tant entour\u00e9 de figures tout aussi attachantes, que ce soit Pandora, Bouche Dor\u00e9e, Shanghai Lil, Steiner ou le guerrier Cush.<\/p>\n<p>En filigrane \u00e0 ces fils rouges, la figure imposante et tut\u00e9laire de Hugo Pratt, un grand lecteur et passionn\u00e9 de la litt\u00e9rature, demeure toujours pr\u00e9sente.<\/p>\n<\/div>\n\t\t\t\t\t\t\t\t<\/div>\n\t\t\t\t<\/div>\n\t\t\t\t\t<\/div>\n\t\t<\/div>\n\t\t\t\t<div class=\"elementor-column elementor-col-66 elementor-top-column elementor-element elementor-element-ff2ab41\" data-id=\"ff2ab41\" data-element_type=\"column\">\n\t\t\t<div class=\"elementor-widget-wrap elementor-element-populated\">\n\t\t\t\t\t\t<div class=\"elementor-element elementor-element-bdc9460 elementor-widget elementor-widget-spacer\" data-id=\"bdc9460\" data-element_type=\"widget\" data-widget_type=\"spacer.default\">\n\t\t\t\t<div class=\"elementor-widget-container\">\n\t\t\t\t\t\t\t<div class=\"elementor-spacer\">\n\t\t\t<div class=\"elementor-spacer-inner\"><\/div>\n\t\t<\/div>\n\t\t\t\t\t\t<\/div>\n\t\t\t\t<\/div>\n\t\t\t\t<div class=\"elementor-element elementor-element-19a1a3f elementor-widget elementor-widget-gallery\" data-id=\"19a1a3f\" data-element_type=\"widget\" data-settings=\"{&quot;gallery_layout&quot;:&quot;masonry&quot;,&quot;columns&quot;:3,&quot;lazyload&quot;:&quot;yes&quot;,&quot;columns_tablet&quot;:2,&quot;columns_mobile&quot;:1,&quot;gap&quot;:{&quot;unit&quot;:&quot;px&quot;,&quot;size&quot;:10,&quot;sizes&quot;:[]},&quot;gap_tablet&quot;:{&quot;unit&quot;:&quot;px&quot;,&quot;size&quot;:10,&quot;sizes&quot;:[]},&quot;gap_mobile&quot;:{&quot;unit&quot;:&quot;px&quot;,&quot;size&quot;:10,&quot;sizes&quot;:[]},&quot;link_to&quot;:&quot;file&quot;,&quot;overlay_background&quot;:&quot;yes&quot;,&quot;content_hover_animation&quot;:&quot;fade-in&quot;}\" data-widget_type=\"gallery.default\">\n\t\t\t\t<div class=\"elementor-widget-container\">\n\t\t\t\t\t\t\t<div class=\"elementor-gallery__container\">\n\t\t\t\t\t\t\t<a class=\"e-gallery-item elementor-gallery-item elementor-animated-content\" href=\"https:\/\/www.cong-pratt.com\/wp-content\/uploads\/2024\/06\/fc493753-848c-402c-be19-017536eb3548.jpg\" data-elementor-open-lightbox=\"yes\" data-elementor-lightbox-slideshow=\"19a1a3f\" data-elementor-lightbox-title=\"Une vie romanesque expo\" data-e-action-hash=\"#elementor-action%3Aaction%3Dlightbox%26settings%3DeyJpZCI6Mjg0MzMsInVybCI6Imh0dHBzOlwvXC93d3cuY29uZy1wcmF0dC5jb21cL3dwLWNvbnRlbnRcL3VwbG9hZHNcLzIwMjRcLzA2XC9mYzQ5Mzc1My04NDhjLTQwMmMtYmUxOS0wMTc1MzZlYjM1NDguanBnIiwic2xpZGVzaG93IjoiMTlhMWEzZiJ9\">\n\t\t\t\t\t<div class=\"e-gallery-image elementor-gallery-item__image\" data-thumbnail=\"https:\/\/www.cong-pratt.com\/wp-content\/uploads\/2024\/06\/fc493753-848c-402c-be19-017536eb3548-237x300.jpg\" data-width=\"237\" data-height=\"300\" aria-label=\"Corto Maltese une vie romansque\" role=\"img\" ><\/div>\n\t\t\t\t\t\t\t\t\t\t\t<div class=\"elementor-gallery-item__overlay\"><\/div>\n\t\t\t\t\t\t\t\t\t\t\t\t\t\t<\/a>\n\t\t\t\t\t\t\t<a class=\"e-gallery-item elementor-gallery-item elementor-animated-content\" href=\"https:\/\/www.cong-pratt.com\/wp-content\/uploads\/2024\/06\/7f758547-00d8-4f63-9f52-b0c44fac9821.jpg\" data-elementor-open-lightbox=\"yes\" data-elementor-lightbox-slideshow=\"19a1a3f\" data-elementor-lightbox-title=\"Une vie romanesque expo\" data-e-action-hash=\"#elementor-action%3Aaction%3Dlightbox%26settings%3DeyJpZCI6Mjg0NTMsInVybCI6Imh0dHBzOlwvXC93d3cuY29uZy1wcmF0dC5jb21cL3dwLWNvbnRlbnRcL3VwbG9hZHNcLzIwMjRcLzA2XC83Zjc1ODU0Ny0wMGQ4LTRmNjMtOWY1Mi1iMGM0NGZhYzk4MjEuanBnIiwic2xpZGVzaG93IjoiMTlhMWEzZiJ9\">\n\t\t\t\t\t<div class=\"e-gallery-image elementor-gallery-item__image\" data-thumbnail=\"https:\/\/www.cong-pratt.com\/wp-content\/uploads\/2024\/06\/7f758547-00d8-4f63-9f52-b0c44fac9821-300x259.jpg\" data-width=\"300\" data-height=\"259\" aria-label=\"Corto Maltese une vie romansque\" role=\"img\" ><\/div>\n\t\t\t\t\t\t\t\t\t\t\t<div class=\"elementor-gallery-item__overlay\"><\/div>\n\t\t\t\t\t\t\t\t\t\t\t\t\t\t<\/a>\n\t\t\t\t\t\t\t<a class=\"e-gallery-item elementor-gallery-item elementor-animated-content\" href=\"https:\/\/www.cong-pratt.com\/wp-content\/uploads\/2024\/06\/7740b192-c382-41f6-81e1-261b114e88ab.jpg\" data-elementor-open-lightbox=\"yes\" data-elementor-lightbox-slideshow=\"19a1a3f\" data-elementor-lightbox-title=\"Une vie romanesque expo\" data-e-action-hash=\"#elementor-action%3Aaction%3Dlightbox%26settings%3DeyJpZCI6Mjg0MTgsInVybCI6Imh0dHBzOlwvXC93d3cuY29uZy1wcmF0dC5jb21cL3dwLWNvbnRlbnRcL3VwbG9hZHNcLzIwMjRcLzA2XC83NzQwYjE5Mi1jMzgyLTQxZjYtODFlMS0yNjFiMTE0ZTg4YWIuanBnIiwic2xpZGVzaG93IjoiMTlhMWEzZiJ9\">\n\t\t\t\t\t<div class=\"e-gallery-image elementor-gallery-item__image\" data-thumbnail=\"https:\/\/www.cong-pratt.com\/wp-content\/uploads\/2024\/06\/7740b192-c382-41f6-81e1-261b114e88ab-274x300.jpg\" data-width=\"274\" data-height=\"300\" aria-label=\"Corto Maltese une vie romansque\" role=\"img\" ><\/div>\n\t\t\t\t\t\t\t\t\t\t\t<div class=\"elementor-gallery-item__overlay\"><\/div>\n\t\t\t\t\t\t\t\t\t\t\t\t\t\t<\/a>\n\t\t\t\t\t\t\t<a class=\"e-gallery-item elementor-gallery-item elementor-animated-content\" href=\"https:\/\/www.cong-pratt.com\/wp-content\/uploads\/2024\/06\/78015448-7050-4558-93a2-bea8f9baad3d.jpg\" data-elementor-open-lightbox=\"yes\" data-elementor-lightbox-slideshow=\"19a1a3f\" data-elementor-lightbox-title=\"Une vie romanesque expo\" data-e-action-hash=\"#elementor-action%3Aaction%3Dlightbox%26settings%3DeyJpZCI6Mjg0NDgsInVybCI6Imh0dHBzOlwvXC93d3cuY29uZy1wcmF0dC5jb21cL3dwLWNvbnRlbnRcL3VwbG9hZHNcLzIwMjRcLzA2XC83ODAxNTQ0OC03MDUwLTQ1NTgtOTNhMi1iZWE4ZjliYWFkM2QuanBnIiwic2xpZGVzaG93IjoiMTlhMWEzZiJ9\">\n\t\t\t\t\t<div class=\"e-gallery-image elementor-gallery-item__image\" data-thumbnail=\"https:\/\/www.cong-pratt.com\/wp-content\/uploads\/2024\/06\/78015448-7050-4558-93a2-bea8f9baad3d-300x225.jpg\" data-width=\"300\" data-height=\"225\" aria-label=\"Corto Maltese une vie romansque\" role=\"img\" ><\/div>\n\t\t\t\t\t\t\t\t\t\t\t<div class=\"elementor-gallery-item__overlay\"><\/div>\n\t\t\t\t\t\t\t\t\t\t\t\t\t\t<\/a>\n\t\t\t\t\t\t\t<a class=\"e-gallery-item elementor-gallery-item elementor-animated-content\" href=\"https:\/\/www.cong-pratt.com\/wp-content\/uploads\/2024\/06\/WhatsApp-Image-2024-05-27-at-11.50.01.jpeg\" data-elementor-open-lightbox=\"yes\" data-elementor-lightbox-slideshow=\"19a1a3f\" data-elementor-lightbox-title=\"Une vie romanesque expo\" data-e-action-hash=\"#elementor-action%3Aaction%3Dlightbox%26settings%3DeyJpZCI6Mjg0NDMsInVybCI6Imh0dHBzOlwvXC93d3cuY29uZy1wcmF0dC5jb21cL3dwLWNvbnRlbnRcL3VwbG9hZHNcLzIwMjRcLzA2XC9XaGF0c0FwcC1JbWFnZS0yMDI0LTA1LTI3LWF0LTExLjUwLjAxLmpwZWciLCJzbGlkZXNob3ciOiIxOWExYTNmIn0%3D\">\n\t\t\t\t\t<div class=\"e-gallery-image elementor-gallery-item__image\" data-thumbnail=\"https:\/\/www.cong-pratt.com\/wp-content\/uploads\/2024\/06\/WhatsApp-Image-2024-05-27-at-11.50.01-300x225.jpeg\" data-width=\"300\" data-height=\"225\" aria-label=\"Corto Maltese une vie romansque\" role=\"img\" ><\/div>\n\t\t\t\t\t\t\t\t\t\t\t<div class=\"elementor-gallery-item__overlay\"><\/div>\n\t\t\t\t\t\t\t\t\t\t\t\t\t\t<\/a>\n\t\t\t\t\t\t\t<a class=\"e-gallery-item elementor-gallery-item elementor-animated-content\" href=\"https:\/\/www.cong-pratt.com\/wp-content\/uploads\/2024\/06\/87ac91b5-be1d-4142-93f5-80aa9dfc0c73.jpg\" data-elementor-open-lightbox=\"yes\" data-elementor-lightbox-slideshow=\"19a1a3f\" data-elementor-lightbox-title=\"Une vie romanesque expo\" data-e-action-hash=\"#elementor-action%3Aaction%3Dlightbox%26settings%3DeyJpZCI6Mjg0MTMsInVybCI6Imh0dHBzOlwvXC93d3cuY29uZy1wcmF0dC5jb21cL3dwLWNvbnRlbnRcL3VwbG9hZHNcLzIwMjRcLzA2XC84N2FjOTFiNS1iZTFkLTQxNDItOTNmNS04MGFhOWRmYzBjNzMuanBnIiwic2xpZGVzaG93IjoiMTlhMWEzZiJ9\">\n\t\t\t\t\t<div class=\"e-gallery-image elementor-gallery-item__image\" data-thumbnail=\"https:\/\/www.cong-pratt.com\/wp-content\/uploads\/2024\/06\/87ac91b5-be1d-4142-93f5-80aa9dfc0c73-212x300.jpg\" data-width=\"212\" data-height=\"300\" aria-label=\"Corto Maltese une vie romansque\" role=\"img\" ><\/div>\n\t\t\t\t\t\t\t\t\t\t\t<div class=\"elementor-gallery-item__overlay\"><\/div>\n\t\t\t\t\t\t\t\t\t\t\t\t\t\t<\/a>\n\t\t\t\t\t\t\t<a class=\"e-gallery-item elementor-gallery-item elementor-animated-content\" href=\"https:\/\/www.cong-pratt.com\/wp-content\/uploads\/2024\/06\/8a597378-aff8-455d-94d1-80cddb08d72f.jpg\" data-elementor-open-lightbox=\"yes\" data-elementor-lightbox-slideshow=\"19a1a3f\" data-elementor-lightbox-title=\"Une vie romanesque expo\" data-e-action-hash=\"#elementor-action%3Aaction%3Dlightbox%26settings%3DeyJpZCI6Mjg0MjgsInVybCI6Imh0dHBzOlwvXC93d3cuY29uZy1wcmF0dC5jb21cL3dwLWNvbnRlbnRcL3VwbG9hZHNcLzIwMjRcLzA2XC84YTU5NzM3OC1hZmY4LTQ1NWQtOTRkMS04MGNkZGIwOGQ3MmYuanBnIiwic2xpZGVzaG93IjoiMTlhMWEzZiJ9\">\n\t\t\t\t\t<div class=\"e-gallery-image elementor-gallery-item__image\" data-thumbnail=\"https:\/\/www.cong-pratt.com\/wp-content\/uploads\/2024\/06\/8a597378-aff8-455d-94d1-80cddb08d72f-225x300.jpg\" data-width=\"225\" data-height=\"300\" aria-label=\"Corto Maltese une vie romansque\" role=\"img\" ><\/div>\n\t\t\t\t\t\t\t\t\t\t\t<div class=\"elementor-gallery-item__overlay\"><\/div>\n\t\t\t\t\t\t\t\t\t\t\t\t\t\t<\/a>\n\t\t\t\t\t\t\t<a class=\"e-gallery-item elementor-gallery-item elementor-animated-content\" href=\"https:\/\/www.cong-pratt.com\/wp-content\/uploads\/2024\/06\/9e7524d4-77c3-4d16-985f-a7c0d85d2d80.jpg\" data-elementor-open-lightbox=\"yes\" data-elementor-lightbox-slideshow=\"19a1a3f\" data-elementor-lightbox-title=\"Une vie romanesque expo\" data-e-action-hash=\"#elementor-action%3Aaction%3Dlightbox%26settings%3DeyJpZCI6Mjg0MjMsInVybCI6Imh0dHBzOlwvXC93d3cuY29uZy1wcmF0dC5jb21cL3dwLWNvbnRlbnRcL3VwbG9hZHNcLzIwMjRcLzA2XC85ZTc1MjRkNC03N2MzLTRkMTYtOTg1Zi1hN2MwZDg1ZDJkODAuanBnIiwic2xpZGVzaG93IjoiMTlhMWEzZiJ9\">\n\t\t\t\t\t<div class=\"e-gallery-image elementor-gallery-item__image\" data-thumbnail=\"https:\/\/www.cong-pratt.com\/wp-content\/uploads\/2024\/06\/9e7524d4-77c3-4d16-985f-a7c0d85d2d80-225x300.jpg\" data-width=\"225\" data-height=\"300\" aria-label=\"Corto Maltese une vie romansque\" role=\"img\" ><\/div>\n\t\t\t\t\t\t\t\t\t\t\t<div class=\"elementor-gallery-item__overlay\"><\/div>\n\t\t\t\t\t\t\t\t\t\t\t\t\t\t<\/a>\n\t\t\t\t\t\t\t<a class=\"e-gallery-item elementor-gallery-item elementor-animated-content\" href=\"https:\/\/www.cong-pratt.com\/wp-content\/uploads\/2024\/06\/5a65c0cd-c6e6-444b-bfe0-4668ba462afe.jpg\" data-elementor-open-lightbox=\"yes\" data-elementor-lightbox-slideshow=\"19a1a3f\" data-elementor-lightbox-title=\"Une vie romanesque expo\" data-e-action-hash=\"#elementor-action%3Aaction%3Dlightbox%26settings%3DeyJpZCI6Mjg0NTgsInVybCI6Imh0dHBzOlwvXC93d3cuY29uZy1wcmF0dC5jb21cL3dwLWNvbnRlbnRcL3VwbG9hZHNcLzIwMjRcLzA2XC81YTY1YzBjZC1jNmU2LTQ0NGItYmZlMC00NjY4YmE0NjJhZmUuanBnIiwic2xpZGVzaG93IjoiMTlhMWEzZiJ9\">\n\t\t\t\t\t<div class=\"e-gallery-image elementor-gallery-item__image\" data-thumbnail=\"https:\/\/www.cong-pratt.com\/wp-content\/uploads\/2024\/06\/5a65c0cd-c6e6-444b-bfe0-4668ba462afe-300x225.jpg\" data-width=\"300\" data-height=\"225\" aria-label=\"\" role=\"img\" ><\/div>\n\t\t\t\t\t\t\t\t\t\t\t<div class=\"elementor-gallery-item__overlay\"><\/div>\n\t\t\t\t\t\t\t\t\t\t\t\t\t\t<\/a>\n\t\t\t\t\t\t\t<a class=\"e-gallery-item elementor-gallery-item elementor-animated-content\" href=\"https:\/\/www.cong-pratt.com\/wp-content\/uploads\/2024\/06\/7da5ec3a-046c-4885-8984-b18904df83b5.jpg\" data-elementor-open-lightbox=\"yes\" data-elementor-lightbox-slideshow=\"19a1a3f\" data-elementor-lightbox-title=\"Une vie romanesque expo\" data-e-action-hash=\"#elementor-action%3Aaction%3Dlightbox%26settings%3DeyJpZCI6Mjg0MDgsInVybCI6Imh0dHBzOlwvXC93d3cuY29uZy1wcmF0dC5jb21cL3dwLWNvbnRlbnRcL3VwbG9hZHNcLzIwMjRcLzA2XC83ZGE1ZWMzYS0wNDZjLTQ4ODUtODk4NC1iMTg5MDRkZjgzYjUuanBnIiwic2xpZGVzaG93IjoiMTlhMWEzZiJ9\">\n\t\t\t\t\t<div class=\"e-gallery-image elementor-gallery-item__image\" data-thumbnail=\"https:\/\/www.cong-pratt.com\/wp-content\/uploads\/2024\/06\/7da5ec3a-046c-4885-8984-b18904df83b5-284x300.jpg\" data-width=\"284\" data-height=\"300\" aria-label=\"Une vie romanesque expo\" role=\"img\" ><\/div>\n\t\t\t\t\t\t\t\t\t\t\t<div class=\"elementor-gallery-item__overlay\"><\/div>\n\t\t\t\t\t\t\t\t\t\t\t\t\t\t<\/a>\n\t\t\t\t\t\t\t<a class=\"e-gallery-item elementor-gallery-item elementor-animated-content\" href=\"https:\/\/www.cong-pratt.com\/wp-content\/uploads\/2024\/06\/f6867b5d-a5eb-4632-ac57-aad9abfe025a.jpg\" data-elementor-open-lightbox=\"yes\" data-elementor-lightbox-slideshow=\"19a1a3f\" data-elementor-lightbox-title=\"Une vie romanesque expo\" data-e-action-hash=\"#elementor-action%3Aaction%3Dlightbox%26settings%3DeyJpZCI6Mjg0MzgsInVybCI6Imh0dHBzOlwvXC93d3cuY29uZy1wcmF0dC5jb21cL3dwLWNvbnRlbnRcL3VwbG9hZHNcLzIwMjRcLzA2XC9mNjg2N2I1ZC1hNWViLTQ2MzItYWM1Ny1hYWQ5YWJmZTAyNWEuanBnIiwic2xpZGVzaG93IjoiMTlhMWEzZiJ9\">\n\t\t\t\t\t<div class=\"e-gallery-image elementor-gallery-item__image\" data-thumbnail=\"https:\/\/www.cong-pratt.com\/wp-content\/uploads\/2024\/06\/f6867b5d-a5eb-4632-ac57-aad9abfe025a-232x300.jpg\" data-width=\"232\" data-height=\"300\" aria-label=\"Corto Maltese une vie romansque\" role=\"img\" ><\/div>\n\t\t\t\t\t\t\t\t\t\t\t<div class=\"elementor-gallery-item__overlay\"><\/div>\n\t\t\t\t\t\t\t\t\t\t\t\t\t\t<\/a>\n\t\t\t\t\t<\/div>\n\t\t\t\t\t<\/div>\n\t\t\t\t<\/div>\n\t\t\t\t<div class=\"elementor-element elementor-element-7a6d90b elementor-widget elementor-widget-spacer\" data-id=\"7a6d90b\" data-element_type=\"widget\" data-widget_type=\"spacer.default\">\n\t\t\t\t<div class=\"elementor-widget-container\">\n\t\t\t\t\t\t\t<div class=\"elementor-spacer\">\n\t\t\t<div class=\"elementor-spacer-inner\"><\/div>\n\t\t<\/div>\n\t\t\t\t\t\t<\/div>\n\t\t\t\t<\/div>\n\t\t\t\t\t<\/div>\n\t\t<\/div>\n\t\t\t\t\t<\/div>\n\t\t<\/section>\n\t\t\t\t<section class=\"elementor-section elementor-top-section elementor-element elementor-element-07d373b elementor-section-boxed elementor-section-height-default elementor-section-height-default\" data-id=\"07d373b\" data-element_type=\"section\">\n\t\t\t\t\t\t<div class=\"elementor-container elementor-column-gap-default\">\n\t\t\t\t\t<div class=\"elementor-column elementor-col-50 elementor-top-column elementor-element elementor-element-060b663\" data-id=\"060b663\" data-element_type=\"column\">\n\t\t\t<div class=\"elementor-widget-wrap elementor-element-populated\">\n\t\t\t\t\t\t<div class=\"elementor-element elementor-element-cabaa2d elementor-widget elementor-widget-image\" data-id=\"cabaa2d\" data-element_type=\"widget\" data-widget_type=\"image.default\">\n\t\t\t\t<div class=\"elementor-widget-container\">\n\t\t\t\t\t\t\t\t\t\t\t\t\t\t\t<img fetchpriority=\"high\" decoding=\"async\" width=\"768\" height=\"1024\" src=\"https:\/\/www.cong-pratt.com\/wp-content\/uploads\/2024\/06\/HP_galleria_centre-Pompidou2-768x1024.jpg\" class=\"attachment-large size-large wp-image-28506\" alt=\"Hugo Pratt Centre Pompidou\" srcset=\"https:\/\/www.cong-pratt.com\/wp-content\/uploads\/2024\/06\/HP_galleria_centre-Pompidou2-768x1024.jpg 768w, https:\/\/www.cong-pratt.com\/wp-content\/uploads\/2024\/06\/HP_galleria_centre-Pompidou2-225x300.jpg 225w, https:\/\/www.cong-pratt.com\/wp-content\/uploads\/2024\/06\/HP_galleria_centre-Pompidou2-600x800.jpg 600w, https:\/\/www.cong-pratt.com\/wp-content\/uploads\/2024\/06\/HP_galleria_centre-Pompidou2.jpg 810w\" sizes=\"(max-width: 768px) 100vw, 768px\" \/>\t\t\t\t\t\t\t\t\t\t\t\t\t\t\t<\/div>\n\t\t\t\t<\/div>\n\t\t\t\t\t<\/div>\n\t\t<\/div>\n\t\t\t\t<div class=\"elementor-column elementor-col-50 elementor-top-column elementor-element elementor-element-1d1d941\" data-id=\"1d1d941\" data-element_type=\"column\">\n\t\t\t<div class=\"elementor-widget-wrap elementor-element-populated\">\n\t\t\t\t\t\t<div class=\"elementor-element elementor-element-b4a3afb elementor-widget elementor-widget-heading\" data-id=\"b4a3afb\" data-element_type=\"widget\" data-widget_type=\"heading.default\">\n\t\t\t\t<div class=\"elementor-widget-container\">\n\t\t\t\t\t<h2 class=\"elementor-heading-title elementor-size-default\">La BD \u00e0 tous les \u00e9tages<\/h2>\t\t\t\t<\/div>\n\t\t\t\t<\/div>\n\t\t\t\t<div class=\"elementor-element elementor-element-35dc7bb elementor-widget-divider--view-line elementor-widget elementor-widget-divider\" data-id=\"35dc7bb\" data-element_type=\"widget\" data-widget_type=\"divider.default\">\n\t\t\t\t<div class=\"elementor-widget-container\">\n\t\t\t\t\t\t\t<div class=\"elementor-divider\">\n\t\t\t<span class=\"elementor-divider-separator\">\n\t\t\t\t\t\t<\/span>\n\t\t<\/div>\n\t\t\t\t\t\t<\/div>\n\t\t\t\t<\/div>\n\t\t\t\t<div class=\"elementor-element elementor-element-e74bbb9 elementor-widget elementor-widget-text-editor\" data-id=\"e74bbb9\" data-element_type=\"widget\" data-widget_type=\"text-editor.default\">\n\t\t\t\t<div class=\"elementor-widget-container\">\n\t\t\t\t\t\t\t\t\t<h4>\u00ab\u00a0Bande dessin\u00e9e (1964 &#8211; 2024)\u00a0\u00bb | Exposition, Galerie 2, niveau 6<\/h4>\n<p>Une immersion dans les nombreux univers de la bande dessin\u00e9e, qui pr\u00e9sente trois \u0153uvres originales d&rsquo;Hugo Pratt, en plus de celles de l&rsquo;exposition d\u00e9di\u00e9e \u00e0 Corto Maltese.<\/p>\n\t\t\t\t\t\t\t\t<\/div>\n\t\t\t\t<\/div>\n\t\t\t\t<div class=\"elementor-element elementor-element-8e287c8 elementor-widget elementor-widget-text-editor\" data-id=\"8e287c8\" data-element_type=\"widget\" data-widget_type=\"text-editor.default\">\n\t\t\t\t<div class=\"elementor-widget-container\">\n\t\t\t\t\t\t\t\t\t<h4>\u00ab La bande dessin\u00e9e au Mus\u00e9e\u00a0\u00bb | Accrochage Mus\u00e9e, niveau 5<\/h4>\n<div class=\"description-courte mb-4\">\n<p>L&rsquo;univers de la bande dessin\u00e9e est au centre de la collection du Mus\u00e9e national d&rsquo;art moderne. Au niveau 5, de grands noms de la litt\u00e9rature dessin\u00e9es (Edmond-Fran\u00e7ois Calvo, Will Eisner, Herg\u00e9, George Herriman, Winsor McCay et Geo McManu) sont pr\u00e9sent\u00e9s aux c\u00f4t\u00e9s d&rsquo;auteurs plus contemporains.<\/p>\n<\/div>\n\t\t\t\t\t\t\t\t<\/div>\n\t\t\t\t<\/div>\n\t\t\t\t<div class=\"elementor-element elementor-element-d6992d0 elementor-widget elementor-widget-text-editor\" data-id=\"d6992d0\" data-element_type=\"widget\" data-widget_type=\"text-editor.default\">\n\t\t\t\t<div class=\"elementor-widget-container\">\n\t\t\t\t\t\t\t\t\t<h4>\u00ab\u00a0Corto Maltese. Une vie romanesque\u00a0\u00bb | Exposition, Biblioth\u00e8que publique d\u2019information, niveau 2<\/h4>\n\t\t\t\t\t\t\t\t<\/div>\n\t\t\t\t<\/div>\n\t\t\t\t<div class=\"elementor-element elementor-element-22d2f79 elementor-widget elementor-widget-text-editor\" data-id=\"22d2f79\" data-element_type=\"widget\" data-widget_type=\"text-editor.default\">\n\t\t\t\t<div class=\"elementor-widget-container\">\n\t\t\t\t\t\t\t\t\t<h4>\u00ab\u00a0Tenir t\u00eate\u00a0\u00bb. Une exposition-atelier de Marion Fayolle, Galerie des enfants, niveau 1<\/h4>\n\t\t\t\t\t\t\t\t<\/div>\n\t\t\t\t<\/div>\n\t\t\t\t\t<\/div>\n\t\t<\/div>\n\t\t\t\t\t<\/div>\n\t\t<\/section>\n\t\t\t\t<\/div>\n\t\t","protected":false},"excerpt":{"rendered":"<p>Un mus\u00e9e enti\u00e8rement consacr\u00e9 \u00e0 la bande dessin\u00e9e. Les six \u00e9tages du Centre Pompidou \u00e0 Paris c\u00e9l\u00e8brent les 60 ans de la bande dessin\u00e9e de 1964 \u00e0 2024, sans doute la plus grande exposition jamais r\u00e9alis\u00e9e par un mus\u00e9e d\u00e9di\u00e9 au \u00ab 9e art \u00bb. Hugo Pratt est le seul auteur \u00e0 disposer d&rsquo;un espace [&hellip;]<\/p>\n","protected":false},"author":2,"featured_media":28396,"comment_status":"closed","ping_status":"open","sticky":false,"template":"elementor_theme","format":"standard","meta":{"footnotes":""},"categories":[461,82,467],"tags":[688,816,937],"class_list":["post-28390","post","type-post","status-publish","format-standard","has-post-thumbnail","hentry","category-news-fr-2","category-news","category-noticias-es","tag-hugo-pratt-fr","tag-mostra-fr","tag-parigi-fr"],"_links":{"self":[{"href":"https:\/\/www.cong-pratt.com\/fr\/wp-json\/wp\/v2\/posts\/28390","targetHints":{"allow":["GET"]}}],"collection":[{"href":"https:\/\/www.cong-pratt.com\/fr\/wp-json\/wp\/v2\/posts"}],"about":[{"href":"https:\/\/www.cong-pratt.com\/fr\/wp-json\/wp\/v2\/types\/post"}],"author":[{"embeddable":true,"href":"https:\/\/www.cong-pratt.com\/fr\/wp-json\/wp\/v2\/users\/2"}],"replies":[{"embeddable":true,"href":"https:\/\/www.cong-pratt.com\/fr\/wp-json\/wp\/v2\/comments?post=28390"}],"version-history":[{"count":7,"href":"https:\/\/www.cong-pratt.com\/fr\/wp-json\/wp\/v2\/posts\/28390\/revisions"}],"predecessor-version":[{"id":28746,"href":"https:\/\/www.cong-pratt.com\/fr\/wp-json\/wp\/v2\/posts\/28390\/revisions\/28746"}],"wp:featuredmedia":[{"embeddable":true,"href":"https:\/\/www.cong-pratt.com\/fr\/wp-json\/wp\/v2\/media\/28396"}],"wp:attachment":[{"href":"https:\/\/www.cong-pratt.com\/fr\/wp-json\/wp\/v2\/media?parent=28390"}],"wp:term":[{"taxonomy":"category","embeddable":true,"href":"https:\/\/www.cong-pratt.com\/fr\/wp-json\/wp\/v2\/categories?post=28390"},{"taxonomy":"post_tag","embeddable":true,"href":"https:\/\/www.cong-pratt.com\/fr\/wp-json\/wp\/v2\/tags?post=28390"}],"curies":[{"name":"wp","href":"https:\/\/api.w.org\/{rel}","templated":true}]}}