{"id":30956,"date":"2025-01-14T09:19:54","date_gmt":"2025-01-14T08:19:54","guid":{"rendered":"https:\/\/www.cong-pratt.com\/?p=30956"},"modified":"2025-01-16T16:16:32","modified_gmt":"2025-01-16T15:16:32","slug":"corto-maltese-a-lyon","status":"publish","type":"post","link":"https:\/\/www.cong-pratt.com\/fr\/corto-maltese-a-lyon\/","title":{"rendered":"Corto Maltese revient \u00e0 Lyon, l&rsquo;exposition consacr\u00e9e \u00e0 l&rsquo;\u0153uvre d&rsquo;Hugo Pratt \u00e0 partir du 28 janvier 2024"},"content":{"rendered":"\t\t<div data-elementor-type=\"wp-post\" data-elementor-id=\"30956\" class=\"elementor elementor-30956 elementor-30954\" data-elementor-post-type=\"post\">\n\t\t\t\t\t\t<section class=\"elementor-section elementor-top-section elementor-element elementor-element-7e970d37 elementor-section-boxed elementor-section-height-default elementor-section-height-default\" data-id=\"7e970d37\" data-element_type=\"section\">\n\t\t\t\t\t\t<div class=\"elementor-container elementor-column-gap-default\">\n\t\t\t\t\t<div class=\"elementor-column elementor-col-100 elementor-top-column elementor-element elementor-element-4a7f11fc\" data-id=\"4a7f11fc\" data-element_type=\"column\">\n\t\t\t<div class=\"elementor-widget-wrap elementor-element-populated\">\n\t\t\t\t\t\t<div class=\"elementor-element elementor-element-550e719 elementor-widget elementor-widget-spacer\" data-id=\"550e719\" data-element_type=\"widget\" data-widget_type=\"spacer.default\">\n\t\t\t\t<div class=\"elementor-widget-container\">\n\t\t\t\t\t\t\t<div class=\"elementor-spacer\">\n\t\t\t<div class=\"elementor-spacer-inner\"><\/div>\n\t\t<\/div>\n\t\t\t\t\t\t<\/div>\n\t\t\t\t<\/div>\n\t\t\t\t<div class=\"elementor-element elementor-element-c6e091b elementor-widget elementor-widget-heading\" data-id=\"c6e091b\" data-element_type=\"widget\" data-widget_type=\"heading.default\">\n\t\t\t\t<div class=\"elementor-widget-container\">\n\t\t\t\t\t<h2 class=\"elementor-heading-title elementor-size-default\">Corto Maltese revient \u00e0 Lyon : exposition \u00e0 l'Universit\u00e9 Catholique de Lyon \u00e0 partir du 28 janvier 2025<\/h2>\t\t\t\t<\/div>\n\t\t\t\t<\/div>\n\t\t\t\t<div class=\"elementor-element elementor-element-324b31d elementor-widget-divider--view-line elementor-widget elementor-widget-divider\" data-id=\"324b31d\" data-element_type=\"widget\" data-widget_type=\"divider.default\">\n\t\t\t\t<div class=\"elementor-widget-container\">\n\t\t\t\t\t\t\t<div class=\"elementor-divider\">\n\t\t\t<span class=\"elementor-divider-separator\">\n\t\t\t\t\t\t<\/span>\n\t\t<\/div>\n\t\t\t\t\t\t<\/div>\n\t\t\t\t<\/div>\n\t\t\t\t<div class=\"elementor-element elementor-element-50f99475 elementor-widget elementor-widget-text-editor\" data-id=\"50f99475\" data-element_type=\"widget\" data-widget_type=\"text-editor.default\">\n\t\t\t\t<div class=\"elementor-widget-container\">\n\t\t\t\t\t\t\t\t\t<h3>Corto \u00e0 l&rsquo;Universit\u00e9, avec les \u00e9tudiants du Campus Saint Paul de l&rsquo;Universit\u00e9 de Lyon, pour raconter l&rsquo;histoire de l&rsquo;aventure, du pluralisme culturel et de l&rsquo;inclusion aux nouvelles g\u00e9n\u00e9rations.<\/h3>\n\t\t\t\t\t\t\t\t<\/div>\n\t\t\t\t<\/div>\n\t\t\t\t<div class=\"elementor-element elementor-element-d27cb65 elementor-widget elementor-widget-spacer\" data-id=\"d27cb65\" data-element_type=\"widget\" data-widget_type=\"spacer.default\">\n\t\t\t\t<div class=\"elementor-widget-container\">\n\t\t\t\t\t\t\t<div class=\"elementor-spacer\">\n\t\t\t<div class=\"elementor-spacer-inner\"><\/div>\n\t\t<\/div>\n\t\t\t\t\t\t<\/div>\n\t\t\t\t<\/div>\n\t\t\t\t\t<\/div>\n\t\t<\/div>\n\t\t\t\t\t<\/div>\n\t\t<\/section>\n\t\t\t\t<section class=\"elementor-section elementor-top-section elementor-element elementor-element-a3cd859 elementor-section-boxed elementor-section-height-default elementor-section-height-default\" data-id=\"a3cd859\" data-element_type=\"section\">\n\t\t\t\t\t\t<div class=\"elementor-container elementor-column-gap-default\">\n\t\t\t\t\t<div class=\"elementor-column elementor-col-33 elementor-top-column elementor-element elementor-element-b8c8236\" data-id=\"b8c8236\" data-element_type=\"column\">\n\t\t\t<div class=\"elementor-widget-wrap elementor-element-populated\">\n\t\t\t\t\t\t<div class=\"elementor-element elementor-element-6428eab elementor-widget elementor-widget-image\" data-id=\"6428eab\" data-element_type=\"widget\" data-widget_type=\"image.default\">\n\t\t\t\t<div class=\"elementor-widget-container\">\n\t\t\t\t\t\t\t\t\t\t\t\t<figure class=\"wp-caption\">\n\t\t\t\t\t\t\t\t\t\t<img fetchpriority=\"high\" decoding=\"async\" width=\"767\" height=\"1024\" src=\"https:\/\/www.cong-pratt.com\/wp-content\/uploads\/2024\/03\/Giovinezza-Corto-Maltese-1-767x1024.jpeg\" class=\"attachment-large size-large wp-image-27675\" alt=\"\" srcset=\"https:\/\/www.cong-pratt.com\/wp-content\/uploads\/2024\/03\/Giovinezza-Corto-Maltese-1-767x1024.jpeg 767w, https:\/\/www.cong-pratt.com\/wp-content\/uploads\/2024\/03\/Giovinezza-Corto-Maltese-1-225x300.jpeg 225w, https:\/\/www.cong-pratt.com\/wp-content\/uploads\/2024\/03\/Giovinezza-Corto-Maltese-1-768x1025.jpeg 768w, https:\/\/www.cong-pratt.com\/wp-content\/uploads\/2024\/03\/Giovinezza-Corto-Maltese-1-600x801.jpeg 600w, https:\/\/www.cong-pratt.com\/wp-content\/uploads\/2024\/03\/Giovinezza-Corto-Maltese-1.jpeg 809w\" sizes=\"(max-width: 767px) 100vw, 767px\" \/>\t\t\t\t\t\t\t\t\t\t\t<figcaption class=\"widget-image-caption wp-caption-text\"><\/figcaption>\n\t\t\t\t\t\t\t\t\t\t<\/figure>\n\t\t\t\t\t\t\t\t\t<\/div>\n\t\t\t\t<\/div>\n\t\t\t\t<div class=\"elementor-element elementor-element-3c8a7c0 elementor-widget elementor-widget-spacer\" data-id=\"3c8a7c0\" data-element_type=\"widget\" data-widget_type=\"spacer.default\">\n\t\t\t\t<div class=\"elementor-widget-container\">\n\t\t\t\t\t\t\t<div class=\"elementor-spacer\">\n\t\t\t<div class=\"elementor-spacer-inner\"><\/div>\n\t\t<\/div>\n\t\t\t\t\t\t<\/div>\n\t\t\t\t<\/div>\n\t\t\t\t<div class=\"elementor-element elementor-element-4e5dfd0 elementor-widget elementor-widget-text-editor\" data-id=\"4e5dfd0\" data-element_type=\"widget\" data-widget_type=\"text-editor.default\">\n\t\t\t\t<div class=\"elementor-widget-container\">\n\t\t\t\t\t\t\t\t\t<p><strong>L&rsquo;exposition se compose de 27 panneaux de grande taille, qui forment un voyage visuel et informatif \u00e0 travers l&rsquo;imagerie de l&rsquo;arch\u00e9type du cr\u00e9ateur, retra\u00e7ant toute la carri\u00e8re de son auteur.<\/strong><\/p>\n<p>Commissaire de l&rsquo;exposition : Patrizia Zanotti.<\/p>\n\t\t\t\t\t\t\t\t<\/div>\n\t\t\t\t<\/div>\n\t\t\t\t\t<\/div>\n\t\t<\/div>\n\t\t\t\t<div class=\"elementor-column elementor-col-66 elementor-top-column elementor-element elementor-element-1b71a06\" data-id=\"1b71a06\" data-element_type=\"column\">\n\t\t\t<div class=\"elementor-widget-wrap elementor-element-populated\">\n\t\t\t\t\t\t<div class=\"elementor-element elementor-element-1d0013b elementor-widget elementor-widget-text-editor\" data-id=\"1d0013b\" data-element_type=\"widget\" data-widget_type=\"text-editor.default\">\n\t\t\t\t<div class=\"elementor-widget-container\">\n\t\t\t\t\t\t\t\t\t<p><strong>Premi\u00e8re \u00e9tape en 2025 du voyage des expositions consacr\u00e9es \u00e0 Hugo Pratt, promues par les ambassades et les instituts culturels italiens du monde entier dans le cadre du projet <a href=\"https:\/\/www.cong-pratt.com\/fr\/litterature-dessinee-de-hugo-pratt-au-ministere-des-affaires-etrangeres-italien\/\" target=\"_blank\" rel=\"noopener\">\u00ab Hugo Pratt. L&rsquo;h\u00e9ritage, l&rsquo;\u0153uvre, la biographie \u00bb<\/a>\u00a0<\/strong><\/p>\n<p>Apr\u00e8s avoir visit\u00e9 le Canada, la Gr\u00e8ce, la Norv\u00e8ge, l&rsquo;Albanie et la Croatie, l&rsquo;exposition revient \u00e0 Lyon, quelques mois apr\u00e8s le succ\u00e8s de la premi\u00e8re exposition au Mus\u00e9e des Tissus, toujours gr\u00e2ce \u00e0 l&rsquo;engagement de l&rsquo;Institut Culturel Italien de Lyon, de la R\u00e9gion Auvergne-Rh\u00f4ne-Alpes et de Cong SA.<\/p>\n<p>Cette fois-ci, c&rsquo;est le magnifique site de l&rsquo;Universit\u00e9 Catholique de Lyon, au bord du Rh\u00f4ne et \u00e0 deux pas du Mus\u00e9e des Confluences, qui avait accueilli il y a quelques ann\u00e9es l&rsquo;incroyable exposition \u00ab Hugo Pratt, Lignes d&rsquo;Horizons \u00bb, qui accueille l&rsquo;exposition bilingue qui raconte les voyages et les histoires de Corto \u00e0 travers le monde. Une fois de plus, suivre les pas de Corto Maltese sur les routes des continents sera l&rsquo;occasion de pr\u00e9senter la litt\u00e9rature dessin\u00e9e d&rsquo;Hugo Pratt, ainsi que les principes et l&rsquo;inspiration qui la sous-tendent.<\/p>\n\t\t\t\t\t\t\t\t<\/div>\n\t\t\t\t<\/div>\n\t\t\t\t<div class=\"elementor-element elementor-element-f196995 elementor-blockquote--skin-border elementor-widget elementor-widget-blockquote\" data-id=\"f196995\" data-element_type=\"widget\" data-widget_type=\"blockquote.default\">\n\t\t\t\t<div class=\"elementor-widget-container\">\n\t\t\t\t\t\t\t<blockquote class=\"elementor-blockquote\">\n\t\t\t<p class=\"elementor-blockquote__content\">\n\t\t\t\t\u201cMon engouement personnel pour les personnages, les dessins et les r\u00e9cits de Hugo Pratt, n\u00e9 de nos origines v\u00e9nitiennes communes, aliment\u00e9 par les lectures des endroits f\u00e9\u00e9riques et \u00e9loign\u00e9s, a pu r\u00e9cemment s\u2019achever \u00e0 Lyon gr\u00e2ce au projet d\u2019exposition nourri par Cong S.A. et le Minist\u00e8re italien des Affaires \u00e9trang\u00e8res et de la Coop\u00e9ration internationale, que l\u2019institut Culturel Italien de Lyon a soutenu et v\u00e9hicul\u00e9\u201d.\r\n\t\t\t<\/p>\n\t\t\t\t\t\t\t<div class=\"e-q-footer\">\n\t\t\t\t\t\t\t\t\t\t\t<cite class=\"elementor-blockquote__author\">Anna Pastore, Direttrice dell'Istituto Italiano di Cultura a Lione<\/cite>\n\t\t\t\t\t\t\t\t\t\t\t\t\t\t<\/div>\n\t\t\t\t\t<\/blockquote>\n\t\t\t\t\t\t<\/div>\n\t\t\t\t<\/div>\n\t\t\t\t\t<\/div>\n\t\t<\/div>\n\t\t\t\t\t<\/div>\n\t\t<\/section>\n\t\t\t\t<section class=\"elementor-section elementor-top-section elementor-element elementor-element-27415ec elementor-section-boxed elementor-section-height-default elementor-section-height-default\" data-id=\"27415ec\" data-element_type=\"section\">\n\t\t\t\t\t\t<div class=\"elementor-container elementor-column-gap-default\">\n\t\t\t\t\t<div class=\"elementor-column elementor-col-33 elementor-top-column elementor-element elementor-element-e529d28\" data-id=\"e529d28\" data-element_type=\"column\">\n\t\t\t<div class=\"elementor-widget-wrap elementor-element-populated\">\n\t\t\t\t\t\t<div class=\"elementor-element elementor-element-8bb1c65 elementor-widget elementor-widget-spacer\" data-id=\"8bb1c65\" data-element_type=\"widget\" data-widget_type=\"spacer.default\">\n\t\t\t\t<div class=\"elementor-widget-container\">\n\t\t\t\t\t\t\t<div class=\"elementor-spacer\">\n\t\t\t<div class=\"elementor-spacer-inner\"><\/div>\n\t\t<\/div>\n\t\t\t\t\t\t<\/div>\n\t\t\t\t<\/div>\n\t\t\t\t<div class=\"elementor-element elementor-element-956eb26 elementor-widget elementor-widget-text-editor\" data-id=\"956eb26\" data-element_type=\"widget\" data-widget_type=\"text-editor.default\">\n\t\t\t\t<div class=\"elementor-widget-container\">\n\t\t\t\t\t\t\t\t\t<h6>Du 28 janvier au 21 mars<\/h6>\n<h6>Du lundi au vendredi de 9h00 \u00e0 19h00 et le 15 f\u00e9vrier de 9h00 \u00e0 17h00<\/h6>\n<h6>ADMISSION GRATUITE<\/h6>\n<h6>Universit\u00e9 Catholique de Lyon (Campus Saint Paul) &#8211; 10, place des Archives 69002 Lyon<\/h6>\n\t\t\t\t\t\t\t\t<\/div>\n\t\t\t\t<\/div>\n\t\t\t\t\t<\/div>\n\t\t<\/div>\n\t\t\t\t<div class=\"elementor-column elementor-col-66 elementor-top-column elementor-element elementor-element-ff2ab41\" data-id=\"ff2ab41\" data-element_type=\"column\">\n\t\t\t<div class=\"elementor-widget-wrap elementor-element-populated\">\n\t\t\t\t\t\t<div class=\"elementor-element elementor-element-bdc9460 elementor-widget elementor-widget-spacer\" data-id=\"bdc9460\" data-element_type=\"widget\" data-widget_type=\"spacer.default\">\n\t\t\t\t<div class=\"elementor-widget-container\">\n\t\t\t\t\t\t\t<div class=\"elementor-spacer\">\n\t\t\t<div class=\"elementor-spacer-inner\"><\/div>\n\t\t<\/div>\n\t\t\t\t\t\t<\/div>\n\t\t\t\t<\/div>\n\t\t\t\t<div class=\"elementor-element elementor-element-8d5c154 elementor-widget elementor-widget-image\" data-id=\"8d5c154\" data-element_type=\"widget\" data-widget_type=\"image.default\">\n\t\t\t\t<div class=\"elementor-widget-container\">\n\t\t\t\t\t\t\t\t\t\t\t\t\t\t\t<img decoding=\"async\" width=\"800\" height=\"450\" src=\"https:\/\/www.cong-pratt.com\/wp-content\/uploads\/2025\/01\/Corto_LIone_Affiche-1024x576.jpg\" class=\"attachment-large size-large wp-image-30961\" alt=\"Corto Maltese Lione\" srcset=\"https:\/\/www.cong-pratt.com\/wp-content\/uploads\/2025\/01\/Corto_LIone_Affiche-1024x576.jpg 1024w, https:\/\/www.cong-pratt.com\/wp-content\/uploads\/2025\/01\/Corto_LIone_Affiche-300x169.jpg 300w, https:\/\/www.cong-pratt.com\/wp-content\/uploads\/2025\/01\/Corto_LIone_Affiche-768x432.jpg 768w, https:\/\/www.cong-pratt.com\/wp-content\/uploads\/2025\/01\/Corto_LIone_Affiche-1536x864.jpg 1536w, https:\/\/www.cong-pratt.com\/wp-content\/uploads\/2025\/01\/Corto_LIone_Affiche-600x338.jpg 600w, https:\/\/www.cong-pratt.com\/wp-content\/uploads\/2025\/01\/Corto_LIone_Affiche.jpg 1920w\" sizes=\"(max-width: 800px) 100vw, 800px\" \/>\t\t\t\t\t\t\t\t\t\t\t\t\t\t\t<\/div>\n\t\t\t\t<\/div>\n\t\t\t\t\t<\/div>\n\t\t<\/div>\n\t\t\t\t\t<\/div>\n\t\t<\/section>\n\t\t\t\t<section class=\"elementor-section elementor-top-section elementor-element elementor-element-a9426e4 elementor-section-boxed elementor-section-height-default elementor-section-height-default\" data-id=\"a9426e4\" data-element_type=\"section\">\n\t\t\t\t\t\t<div class=\"elementor-container elementor-column-gap-default\">\n\t\t\t\t\t<div class=\"elementor-column elementor-col-100 elementor-top-column elementor-element elementor-element-a8e0e85\" data-id=\"a8e0e85\" data-element_type=\"column\">\n\t\t\t<div class=\"elementor-widget-wrap elementor-element-populated\">\n\t\t\t\t\t\t<div class=\"elementor-element elementor-element-2996196 elementor-widget-divider--view-line elementor-widget elementor-widget-divider\" data-id=\"2996196\" data-element_type=\"widget\" data-widget_type=\"divider.default\">\n\t\t\t\t<div class=\"elementor-widget-container\">\n\t\t\t\t\t\t\t<div class=\"elementor-divider\">\n\t\t\t<span class=\"elementor-divider-separator\">\n\t\t\t\t\t\t<\/span>\n\t\t<\/div>\n\t\t\t\t\t\t<\/div>\n\t\t\t\t<\/div>\n\t\t\t\t\t<\/div>\n\t\t<\/div>\n\t\t\t\t\t<\/div>\n\t\t<\/section>\n\t\t\t\t<section class=\"elementor-section elementor-top-section elementor-element elementor-element-2f1fa52 elementor-section-boxed elementor-section-height-default elementor-section-height-default\" data-id=\"2f1fa52\" data-element_type=\"section\">\n\t\t\t\t\t\t<div class=\"elementor-container elementor-column-gap-default\">\n\t\t\t\t\t<div class=\"elementor-column elementor-col-100 elementor-top-column elementor-element elementor-element-fcdfdf3\" data-id=\"fcdfdf3\" data-element_type=\"column\">\n\t\t\t<div class=\"elementor-widget-wrap elementor-element-populated\">\n\t\t\t\t\t\t<div class=\"elementor-element elementor-element-a162487 elementor-widget elementor-widget-text-editor\" data-id=\"a162487\" data-element_type=\"widget\" data-widget_type=\"text-editor.default\">\n\t\t\t\t<div class=\"elementor-widget-container\">\n\t\t\t\t\t\t\t\t\t<p>Pour ceux qui veulent d\u00e9couvrir ou revivre Corto Maltese et se plonger dans l&rsquo;aventure, voici quelques suggestions de lecture : les nouvelles collections publi\u00e9es par Casterman en 2024.<\/p>\n\t\t\t\t\t\t\t\t<\/div>\n\t\t\t\t<\/div>\n\t\t\t\t\t<\/div>\n\t\t<\/div>\n\t\t\t\t\t<\/div>\n\t\t<\/section>\n\t\t\t\t<section class=\"elementor-section elementor-top-section elementor-element elementor-element-4e6f191 elementor-section-boxed elementor-section-height-default elementor-section-height-default\" data-id=\"4e6f191\" data-element_type=\"section\">\n\t\t\t\t\t\t<div class=\"elementor-container elementor-column-gap-default\">\n\t\t\t\t\t<div class=\"elementor-column elementor-col-33 elementor-top-column elementor-element elementor-element-bba893e\" data-id=\"bba893e\" data-element_type=\"column\">\n\t\t\t<div class=\"elementor-widget-wrap elementor-element-populated\">\n\t\t\t\t\t\t<div class=\"elementor-element elementor-element-3838d3b elementor-widget elementor-widget-image\" data-id=\"3838d3b\" data-element_type=\"widget\" data-widget_type=\"image.default\">\n\t\t\t\t<div class=\"elementor-widget-container\">\n\t\t\t\t\t\t\t\t\t\t\t\t\t\t\t\t<a href=\"https:\/\/www.cong-pratt.com\/fr\/libro\/suite-caraibeenne\/\" target=\"_blank\">\n\t\t\t\t\t\t\t<img decoding=\"async\" width=\"558\" height=\"766\" src=\"https:\/\/www.cong-pratt.com\/wp-content\/uploads\/2024\/04\/bookSuite-caraibeenne.png\" class=\"attachment-large size-large wp-image-27971\" alt=\"Suite cara\u00efb\u00e9enne\" srcset=\"https:\/\/www.cong-pratt.com\/wp-content\/uploads\/2024\/04\/bookSuite-caraibeenne.png 558w, https:\/\/www.cong-pratt.com\/wp-content\/uploads\/2024\/04\/bookSuite-caraibeenne-219x300.png 219w\" sizes=\"(max-width: 558px) 100vw, 558px\" \/>\t\t\t\t\t\t\t\t<\/a>\n\t\t\t\t\t\t\t\t\t\t\t\t\t\t\t<\/div>\n\t\t\t\t<\/div>\n\t\t\t\t\t<\/div>\n\t\t<\/div>\n\t\t\t\t<div class=\"elementor-column elementor-col-33 elementor-top-column elementor-element elementor-element-4389b78\" data-id=\"4389b78\" data-element_type=\"column\">\n\t\t\t<div class=\"elementor-widget-wrap elementor-element-populated\">\n\t\t\t\t\t\t<div class=\"elementor-element elementor-element-e5a5166 elementor-widget elementor-widget-image\" data-id=\"e5a5166\" data-element_type=\"widget\" data-widget_type=\"image.default\">\n\t\t\t\t<div class=\"elementor-widget-container\">\n\t\t\t\t\t\t\t\t\t\t\t\t\t\t\t\t<a href=\"https:\/\/www.cong-pratt.com\/fr\/libro\/la-cour-secrete-des-arcanes\/\" target=\"_blank\">\n\t\t\t\t\t\t\t<img loading=\"lazy\" decoding=\"async\" width=\"558\" height=\"766\" src=\"https:\/\/www.cong-pratt.com\/wp-content\/uploads\/2024\/04\/bookLa-Cour-secrete-des-arcanes.png\" class=\"attachment-large size-large wp-image-27940\" alt=\"Cour secr\u00e8te des arcanes\" srcset=\"https:\/\/www.cong-pratt.com\/wp-content\/uploads\/2024\/04\/bookLa-Cour-secrete-des-arcanes.png 558w, https:\/\/www.cong-pratt.com\/wp-content\/uploads\/2024\/04\/bookLa-Cour-secrete-des-arcanes-219x300.png 219w\" sizes=\"(max-width: 558px) 100vw, 558px\" \/>\t\t\t\t\t\t\t\t<\/a>\n\t\t\t\t\t\t\t\t\t\t\t\t\t\t\t<\/div>\n\t\t\t\t<\/div>\n\t\t\t\t\t<\/div>\n\t\t<\/div>\n\t\t\t\t<div class=\"elementor-column elementor-col-33 elementor-top-column elementor-element elementor-element-acc95ce\" data-id=\"acc95ce\" data-element_type=\"column\">\n\t\t\t<div class=\"elementor-widget-wrap elementor-element-populated\">\n\t\t\t\t\t\t<div class=\"elementor-element elementor-element-c87841b elementor-widget elementor-widget-image\" data-id=\"c87841b\" data-element_type=\"widget\" data-widget_type=\"image.default\">\n\t\t\t\t<div class=\"elementor-widget-container\">\n\t\t\t\t\t\t\t\t\t\t\t\t\t\t\t\t<a href=\"https:\/\/www.cong-pratt.com\/fr\/libro\/dune-rive-lautre\/\" target=\"_blank\">\n\t\t\t\t\t\t\t<img loading=\"lazy\" decoding=\"async\" width=\"558\" height=\"766\" src=\"https:\/\/www.cong-pratt.com\/wp-content\/uploads\/2024\/04\/bookdune-rive-lautre.png\" class=\"attachment-large size-large wp-image-27904\" alt=\"D\u2019une rive l\u2019autre\" srcset=\"https:\/\/www.cong-pratt.com\/wp-content\/uploads\/2024\/04\/bookdune-rive-lautre.png 558w, https:\/\/www.cong-pratt.com\/wp-content\/uploads\/2024\/04\/bookdune-rive-lautre-219x300.png 219w\" sizes=\"(max-width: 558px) 100vw, 558px\" \/>\t\t\t\t\t\t\t\t<\/a>\n\t\t\t\t\t\t\t\t\t\t\t\t\t\t\t<\/div>\n\t\t\t\t<\/div>\n\t\t\t\t\t<\/div>\n\t\t<\/div>\n\t\t\t\t\t<\/div>\n\t\t<\/section>\n\t\t\t\t<\/div>\n\t\t","protected":false},"excerpt":{"rendered":"<p>Corto Maltese revient \u00e0 Lyon : exposition \u00e0 l&rsquo;Universit\u00e9 Catholique de Lyon \u00e0 partir du 28 janvier 2025 Corto \u00e0 l&rsquo;Universit\u00e9, avec les \u00e9tudiants du Campus Saint Paul de l&rsquo;Universit\u00e9 de Lyon, pour raconter l&rsquo;histoire de l&rsquo;aventure, du pluralisme culturel et de l&rsquo;inclusion aux nouvelles g\u00e9n\u00e9rations. L&rsquo;exposition se compose de 27 panneaux de grande taille, [&hellip;]<\/p>\n","protected":false},"author":2,"featured_media":30961,"comment_status":"closed","ping_status":"open","sticky":false,"template":"elementor_theme","format":"standard","meta":{"footnotes":""},"categories":[461],"tags":[688,919,816],"class_list":["post-30956","post","type-post","status-publish","format-standard","has-post-thumbnail","hentry","category-news-fr-2","tag-hugo-pratt-fr","tag-ministero-esteri-fr","tag-mostra-fr"],"_links":{"self":[{"href":"https:\/\/www.cong-pratt.com\/fr\/wp-json\/wp\/v2\/posts\/30956","targetHints":{"allow":["GET"]}}],"collection":[{"href":"https:\/\/www.cong-pratt.com\/fr\/wp-json\/wp\/v2\/posts"}],"about":[{"href":"https:\/\/www.cong-pratt.com\/fr\/wp-json\/wp\/v2\/types\/post"}],"author":[{"embeddable":true,"href":"https:\/\/www.cong-pratt.com\/fr\/wp-json\/wp\/v2\/users\/2"}],"replies":[{"embeddable":true,"href":"https:\/\/www.cong-pratt.com\/fr\/wp-json\/wp\/v2\/comments?post=30956"}],"version-history":[{"count":4,"href":"https:\/\/www.cong-pratt.com\/fr\/wp-json\/wp\/v2\/posts\/30956\/revisions"}],"predecessor-version":[{"id":31039,"href":"https:\/\/www.cong-pratt.com\/fr\/wp-json\/wp\/v2\/posts\/30956\/revisions\/31039"}],"wp:featuredmedia":[{"embeddable":true,"href":"https:\/\/www.cong-pratt.com\/fr\/wp-json\/wp\/v2\/media\/30961"}],"wp:attachment":[{"href":"https:\/\/www.cong-pratt.com\/fr\/wp-json\/wp\/v2\/media?parent=30956"}],"wp:term":[{"taxonomy":"category","embeddable":true,"href":"https:\/\/www.cong-pratt.com\/fr\/wp-json\/wp\/v2\/categories?post=30956"},{"taxonomy":"post_tag","embeddable":true,"href":"https:\/\/www.cong-pratt.com\/fr\/wp-json\/wp\/v2\/tags?post=30956"}],"curies":[{"name":"wp","href":"https:\/\/api.w.org\/{rel}","templated":true}]}}