{"id":31316,"date":"2025-02-13T11:18:05","date_gmt":"2025-02-13T10:18:05","guid":{"rendered":"https:\/\/www.cong-pratt.com\/?p=31316"},"modified":"2025-03-14T12:58:28","modified_gmt":"2025-03-14T11:58:28","slug":"hugo-pratt-revient-en-suisse-rendez-vous-a-geneve-avec-corto-maltese","status":"publish","type":"post","link":"https:\/\/www.cong-pratt.com\/fr\/hugo-pratt-revient-en-suisse-rendez-vous-a-geneve-avec-corto-maltese\/","title":{"rendered":"Hugo Pratt revient en Suisse : double rendez-vous \u00e0 Gen\u00e8ve avec Corto Maltese, pour c\u00e9l\u00e9brer (et comprendre) les d\u00e9buts de la litt\u00e9rature dessin\u00e9e"},"content":{"rendered":"\t\t<div data-elementor-type=\"wp-post\" data-elementor-id=\"31316\" class=\"elementor elementor-31316 elementor-31312\" data-elementor-post-type=\"post\">\n\t\t\t\t\t\t<section class=\"elementor-section elementor-top-section elementor-element elementor-element-7e970d37 elementor-section-boxed elementor-section-height-default elementor-section-height-default\" data-id=\"7e970d37\" data-element_type=\"section\">\n\t\t\t\t\t\t<div class=\"elementor-container elementor-column-gap-default\">\n\t\t\t\t\t<div class=\"elementor-column elementor-col-100 elementor-top-column elementor-element elementor-element-4a7f11fc\" data-id=\"4a7f11fc\" data-element_type=\"column\">\n\t\t\t<div class=\"elementor-widget-wrap elementor-element-populated\">\n\t\t\t\t\t\t<div class=\"elementor-element elementor-element-50f99475 elementor-widget elementor-widget-text-editor\" data-id=\"50f99475\" data-element_type=\"widget\" data-widget_type=\"text-editor.default\">\n\t\t\t\t<div class=\"elementor-widget-container\">\n\t\t\t\t\t\t\t\t\t<h1>Corto Maltese et Hugo Pratt en Suisse : deux expositions de reproductions \u00e0 Gen\u00e8ve pour c\u00e9l\u00e9brer et raconter les d\u00e9buts de la litt\u00e9rature dessin\u00e9e. En mars 2025.<\/h1>\n\t\t\t\t\t\t\t\t<\/div>\n\t\t\t\t<\/div>\n\t\t\t\t<div class=\"elementor-element elementor-element-ada8ce2 elementor-widget elementor-widget-text-editor\" data-id=\"ada8ce2\" data-element_type=\"widget\" data-widget_type=\"text-editor.default\">\n\t\t\t\t<div class=\"elementor-widget-container\">\n\t\t\t\t\t\t\t\t\t<h3>Saviez-vous qu&rsquo;apr\u00e8s la France, Hugo Pratt avait envisag\u00e9 de choisir l&rsquo;Irlande comme r\u00e9sidence permanente ? Au lieu de cela, un ami \u00e9diteur suisse lui proposa une maison \u00e0 Lausanne, surplombant le lac L\u00e9man, suffisamment grande pour abriter son immense biblioth\u00e8que en un seul endroit. Et suffisamment dense en mythes et l\u00e9gendes pour \u00eatre une source d&rsquo;inspiration : \u00ab <em>La Suisse est aussi un \u00e9tat d&rsquo;esprit qui permet, dans la tranquillit\u00e9, de mettre de l&rsquo;ordre et de raconter des exp\u00e9riences v\u00e9cues ailleurs<\/em> \u00bb.<\/h3>\n<p>&nbsp;<\/p>\n\t\t\t\t\t\t\t\t<\/div>\n\t\t\t\t<\/div>\n\t\t\t\t<div class=\"elementor-element elementor-element-90598d0 elementor-widget elementor-widget-text-editor\" data-id=\"90598d0\" data-element_type=\"widget\" data-widget_type=\"text-editor.default\">\n\t\t\t\t<div class=\"elementor-widget-container\">\n\t\t\t\t\t\t\t\t\t<p><strong>Aujourd&rsquo;hui, Pratt et ses aventures reviennent \u00e0 Gen\u00e8ve, avec deux expositions qui permettront de revivre l&rsquo;aventure, qui se confond avec le double d&rsquo;Hugo Pratt et de Corto Maltese. <\/strong><\/p>\n\t\t\t\t\t\t\t\t<\/div>\n\t\t\t\t<\/div>\n\t\t\t\t<div class=\"elementor-element elementor-element-01d9522 elementor-widget-divider--view-line elementor-widget elementor-widget-divider\" data-id=\"01d9522\" data-element_type=\"widget\" data-widget_type=\"divider.default\">\n\t\t\t\t<div class=\"elementor-widget-container\">\n\t\t\t\t\t\t\t<div class=\"elementor-divider\">\n\t\t\t<span class=\"elementor-divider-separator\">\n\t\t\t\t\t\t<\/span>\n\t\t<\/div>\n\t\t\t\t\t\t<\/div>\n\t\t\t\t<\/div>\n\t\t\t\t<div class=\"elementor-element elementor-element-550e719 elementor-widget elementor-widget-spacer\" data-id=\"550e719\" data-element_type=\"widget\" data-widget_type=\"spacer.default\">\n\t\t\t\t<div class=\"elementor-widget-container\">\n\t\t\t\t\t\t\t<div class=\"elementor-spacer\">\n\t\t\t<div class=\"elementor-spacer-inner\"><\/div>\n\t\t<\/div>\n\t\t\t\t\t\t<\/div>\n\t\t\t\t<\/div>\n\t\t\t\t\t<\/div>\n\t\t<\/div>\n\t\t\t\t\t<\/div>\n\t\t<\/section>\n\t\t\t\t<section class=\"elementor-section elementor-top-section elementor-element elementor-element-546054b elementor-section-boxed elementor-section-height-default elementor-section-height-default\" data-id=\"546054b\" data-element_type=\"section\">\n\t\t\t\t\t\t<div class=\"elementor-container elementor-column-gap-default\">\n\t\t\t\t\t<div class=\"elementor-column elementor-col-50 elementor-top-column elementor-element elementor-element-393c9c7\" data-id=\"393c9c7\" data-element_type=\"column\">\n\t\t\t<div class=\"elementor-widget-wrap elementor-element-populated\">\n\t\t\t\t\t\t<div class=\"elementor-element elementor-element-b652fe4 elementor-widget elementor-widget-image\" data-id=\"b652fe4\" data-element_type=\"widget\" data-widget_type=\"image.default\">\n\t\t\t\t<div class=\"elementor-widget-container\">\n\t\t\t\t\t\t\t\t\t\t\t\t\t\t\t<img fetchpriority=\"high\" decoding=\"async\" width=\"800\" height=\"151\" src=\"https:\/\/www.cong-pratt.com\/wp-content\/uploads\/2025\/02\/salon-du-livre_palexpo-geneve_logo-1024x193.jpg\" class=\"attachment-large size-large wp-image-31338\" alt=\"\" srcset=\"https:\/\/www.cong-pratt.com\/wp-content\/uploads\/2025\/02\/salon-du-livre_palexpo-geneve_logo-1024x193.jpg 1024w, https:\/\/www.cong-pratt.com\/wp-content\/uploads\/2025\/02\/salon-du-livre_palexpo-geneve_logo-300x57.jpg 300w, https:\/\/www.cong-pratt.com\/wp-content\/uploads\/2025\/02\/salon-du-livre_palexpo-geneve_logo-768x145.jpg 768w, https:\/\/www.cong-pratt.com\/wp-content\/uploads\/2025\/02\/salon-du-livre_palexpo-geneve_logo-1536x290.jpg 1536w, https:\/\/www.cong-pratt.com\/wp-content\/uploads\/2025\/02\/salon-du-livre_palexpo-geneve_logo-600x113.jpg 600w, https:\/\/www.cong-pratt.com\/wp-content\/uploads\/2025\/02\/salon-du-livre_palexpo-geneve_logo.jpg 1920w\" sizes=\"(max-width: 800px) 100vw, 800px\" \/>\t\t\t\t\t\t\t\t\t\t\t\t\t\t\t<\/div>\n\t\t\t\t<\/div>\n\t\t\t\t<div class=\"elementor-element elementor-element-d543844 elementor-widget-divider--view-line elementor-widget elementor-widget-divider\" data-id=\"d543844\" data-element_type=\"widget\" data-widget_type=\"divider.default\">\n\t\t\t\t<div class=\"elementor-widget-container\">\n\t\t\t\t\t\t\t<div class=\"elementor-divider\">\n\t\t\t<span class=\"elementor-divider-separator\">\n\t\t\t\t\t\t<\/span>\n\t\t<\/div>\n\t\t\t\t\t\t<\/div>\n\t\t\t\t<\/div>\n\t\t\t\t<div class=\"elementor-element elementor-element-faf7256 elementor-widget elementor-widget-text-editor\" data-id=\"faf7256\" data-element_type=\"widget\" data-widget_type=\"text-editor.default\">\n\t\t\t\t<div class=\"elementor-widget-container\">\n\t\t\t\t\t\t\t\t\t<h2 style=\"text-align: center;\"><span style=\"color: #ff0000;\">du 19.03 au 23.03 \/ 2025<\/span><\/h2>\n\t\t\t\t\t\t\t\t<\/div>\n\t\t\t\t<\/div>\n\t\t\t\t<div class=\"elementor-element elementor-element-ebcd144 elementor-widget elementor-widget-heading\" data-id=\"ebcd144\" data-element_type=\"widget\" data-widget_type=\"heading.default\">\n\t\t\t\t<div class=\"elementor-widget-container\">\n\t\t\t\t\t<h2 class=\"elementor-heading-title elementor-size-default\">SALON DU LIVRE <br>de Gen\u00e8ve<\/h2>\t\t\t\t<\/div>\n\t\t\t\t<\/div>\n\t\t\t\t<div class=\"elementor-element elementor-element-5ed1b62 elementor-widget elementor-widget-spacer\" data-id=\"5ed1b62\" data-element_type=\"widget\" data-widget_type=\"spacer.default\">\n\t\t\t\t<div class=\"elementor-widget-container\">\n\t\t\t\t\t\t\t<div class=\"elementor-spacer\">\n\t\t\t<div class=\"elementor-spacer-inner\"><\/div>\n\t\t<\/div>\n\t\t\t\t\t\t<\/div>\n\t\t\t\t<\/div>\n\t\t\t\t<div class=\"elementor-element elementor-element-8bc4b2e elementor-widget elementor-widget-image\" data-id=\"8bc4b2e\" data-element_type=\"widget\" data-widget_type=\"image.default\">\n\t\t\t\t<div class=\"elementor-widget-container\">\n\t\t\t\t\t\t\t\t\t\t\t\t\t\t\t<img decoding=\"async\" width=\"800\" height=\"533\" src=\"https:\/\/www.cong-pratt.com\/wp-content\/uploads\/2025\/02\/ALRzbyJ04j7AF-gZIYDlyx.jpg-1024x682.webp\" class=\"attachment-large size-large wp-image-31344\" alt=\"\" srcset=\"https:\/\/www.cong-pratt.com\/wp-content\/uploads\/2025\/02\/ALRzbyJ04j7AF-gZIYDlyx.jpg-1024x682.webp 1024w, https:\/\/www.cong-pratt.com\/wp-content\/uploads\/2025\/02\/ALRzbyJ04j7AF-gZIYDlyx.jpg-300x200.webp 300w, https:\/\/www.cong-pratt.com\/wp-content\/uploads\/2025\/02\/ALRzbyJ04j7AF-gZIYDlyx.jpg-768x511.webp 768w, https:\/\/www.cong-pratt.com\/wp-content\/uploads\/2025\/02\/ALRzbyJ04j7AF-gZIYDlyx.jpg-600x400.webp 600w, https:\/\/www.cong-pratt.com\/wp-content\/uploads\/2025\/02\/ALRzbyJ04j7AF-gZIYDlyx.jpg.webp 1200w\" sizes=\"(max-width: 800px) 100vw, 800px\" \/>\t\t\t\t\t\t\t\t\t\t\t\t\t\t\t<\/div>\n\t\t\t\t<\/div>\n\t\t\t\t<div class=\"elementor-element elementor-element-1a73626 elementor-widget elementor-widget-spacer\" data-id=\"1a73626\" data-element_type=\"widget\" data-widget_type=\"spacer.default\">\n\t\t\t\t<div class=\"elementor-widget-container\">\n\t\t\t\t\t\t\t<div class=\"elementor-spacer\">\n\t\t\t<div class=\"elementor-spacer-inner\"><\/div>\n\t\t<\/div>\n\t\t\t\t\t\t<\/div>\n\t\t\t\t<\/div>\n\t\t\t\t<div class=\"elementor-element elementor-element-5e25d71 elementor-widget elementor-widget-heading\" data-id=\"5e25d71\" data-element_type=\"widget\" data-widget_type=\"heading.default\">\n\t\t\t\t<div class=\"elementor-widget-container\">\n\t\t\t\t\t<h2 class=\"elementor-heading-title elementor-size-default\">\u00abCorto Maltese, <br>voyages et inspirations\u00bb<\/h2>\t\t\t\t<\/div>\n\t\t\t\t<\/div>\n\t\t\t\t<div class=\"elementor-element elementor-element-969611b elementor-widget elementor-widget-spacer\" data-id=\"969611b\" data-element_type=\"widget\" data-widget_type=\"spacer.default\">\n\t\t\t\t<div class=\"elementor-widget-container\">\n\t\t\t\t\t\t\t<div class=\"elementor-spacer\">\n\t\t\t<div class=\"elementor-spacer-inner\"><\/div>\n\t\t<\/div>\n\t\t\t\t\t\t<\/div>\n\t\t\t\t<\/div>\n\t\t\t\t<div class=\"elementor-element elementor-element-a4f564c elementor-widget elementor-widget-text-editor\" data-id=\"a4f564c\" data-element_type=\"widget\" data-widget_type=\"text-editor.default\">\n\t\t\t\t<div class=\"elementor-widget-container\">\n\t\t\t\t\t\t\t\t\t<h6 style=\"text-align: center;\">Organisateurs : Salon du livre de Gen\u00e8ve, CONG Sa<\/h6>\n\t\t\t\t\t\t\t\t<\/div>\n\t\t\t\t<\/div>\n\t\t\t\t<div class=\"elementor-element elementor-element-be7722e elementor-widget elementor-widget-spacer\" data-id=\"be7722e\" data-element_type=\"widget\" data-widget_type=\"spacer.default\">\n\t\t\t\t<div class=\"elementor-widget-container\">\n\t\t\t\t\t\t\t<div class=\"elementor-spacer\">\n\t\t\t<div class=\"elementor-spacer-inner\"><\/div>\n\t\t<\/div>\n\t\t\t\t\t\t<\/div>\n\t\t\t\t<\/div>\n\t\t\t\t<div class=\"elementor-element elementor-element-ab51754 elementor-widget elementor-widget-text-editor\" data-id=\"ab51754\" data-element_type=\"widget\" data-widget_type=\"text-editor.default\">\n\t\t\t\t<div class=\"elementor-widget-container\">\n\t\t\t\t\t\t\t\t\t<p>\u00ab Corto Maltese, voyages et inspirations \u00bb explore les influences et les histoires qui ont fa\u00e7onn\u00e9 la l\u00e9gende de ce \u201cgentleman de la fortune\u201d et pr\u00e9sente les deux techniques expressives d&rsquo;Hugo Pratt, l&rsquo;encre de Chine et l&rsquo;aquarelle, qui rendent ses traits imm\u00e9diatement reconnaissables.<\/p>\n<p>L&rsquo;exposition se concentrera sur la biographie de Pratt et la biographie de Corto, un voyage id\u00e9al \u00e0 travers les visages et les rencontres de Corto dans le monde entier, entre diff\u00e9rentes cultures et des lieux lointains, des Cara\u00efbes \u00e0 l&rsquo;\u00c9thiopie, en passant par l&rsquo;Irlande et la Patagonie, pour clore le r\u00e9cit avec des r\u00e9f\u00e9rences litt\u00e9raires dans les \u0153uvres.<\/p>\n\t\t\t\t\t\t\t\t<\/div>\n\t\t\t\t<\/div>\n\t\t\t\t<div class=\"elementor-element elementor-element-eede066 elementor-widget elementor-widget-spacer\" data-id=\"eede066\" data-element_type=\"widget\" data-widget_type=\"spacer.default\">\n\t\t\t\t<div class=\"elementor-widget-container\">\n\t\t\t\t\t\t\t<div class=\"elementor-spacer\">\n\t\t\t<div class=\"elementor-spacer-inner\"><\/div>\n\t\t<\/div>\n\t\t\t\t\t\t<\/div>\n\t\t\t\t<\/div>\n\t\t\t\t<div class=\"elementor-element elementor-element-4a439b8 elementor-align-center elementor-widget elementor-widget-button\" data-id=\"4a439b8\" data-element_type=\"widget\" data-widget_type=\"button.default\">\n\t\t\t\t<div class=\"elementor-widget-container\">\n\t\t\t\t\t\t\t\t\t<div class=\"elementor-button-wrapper\">\n\t\t\t\t\t<a class=\"elementor-button elementor-button-link elementor-size-sm\" href=\"https:\/\/www.salondulivre.ch\/expositions\/#corto\">\n\t\t\t\t\t\t<span class=\"elementor-button-content-wrapper\">\n\t\t\t\t\t\t\t\t\t<span class=\"elementor-button-text\">INFO<\/span>\n\t\t\t\t\t<\/span>\n\t\t\t\t\t<\/a>\n\t\t\t\t<\/div>\n\t\t\t\t\t\t\t\t<\/div>\n\t\t\t\t<\/div>\n\t\t\t\t\t<\/div>\n\t\t<\/div>\n\t\t\t\t<div class=\"elementor-column elementor-col-50 elementor-top-column elementor-element elementor-element-996407d\" data-id=\"996407d\" data-element_type=\"column\">\n\t\t\t<div class=\"elementor-widget-wrap elementor-element-populated\">\n\t\t\t\t\t\t<div class=\"elementor-element elementor-element-91ad614 elementor-widget elementor-widget-image\" data-id=\"91ad614\" data-element_type=\"widget\" data-widget_type=\"image.default\">\n\t\t\t\t<div class=\"elementor-widget-container\">\n\t\t\t\t\t\t\t\t\t\t\t\t\t\t\t<img decoding=\"async\" width=\"280\" height=\"97\" src=\"https:\/\/www.cong-pratt.com\/wp-content\/uploads\/2025\/02\/g_cfpa_geneve_logo_big.jpg\" class=\"attachment-large size-large wp-image-31328\" alt=\"\" \/>\t\t\t\t\t\t\t\t\t\t\t\t\t\t\t<\/div>\n\t\t\t\t<\/div>\n\t\t\t\t<div class=\"elementor-element elementor-element-6ef7e71 elementor-widget-divider--view-line elementor-widget elementor-widget-divider\" data-id=\"6ef7e71\" data-element_type=\"widget\" data-widget_type=\"divider.default\">\n\t\t\t\t<div class=\"elementor-widget-container\">\n\t\t\t\t\t\t\t<div class=\"elementor-divider\">\n\t\t\t<span class=\"elementor-divider-separator\">\n\t\t\t\t\t\t<\/span>\n\t\t<\/div>\n\t\t\t\t\t\t<\/div>\n\t\t\t\t<\/div>\n\t\t\t\t<div class=\"elementor-element elementor-element-063e263 elementor-widget elementor-widget-text-editor\" data-id=\"063e263\" data-element_type=\"widget\" data-widget_type=\"text-editor.default\">\n\t\t\t\t<div class=\"elementor-widget-container\">\n\t\t\t\t\t\t\t\t\t<h2 style=\"text-align: center;\"><span style=\"color: #ff0000;\">du 14.03 au 11.04 \/ 2025<\/span><\/h2>\n\t\t\t\t\t\t\t\t<\/div>\n\t\t\t\t<\/div>\n\t\t\t\t<div class=\"elementor-element elementor-element-68876c0 elementor-widget elementor-widget-heading\" data-id=\"68876c0\" data-element_type=\"widget\" data-widget_type=\"heading.default\">\n\t\t\t\t<div class=\"elementor-widget-container\">\n\t\t\t\t\t<h2 class=\"elementor-heading-title elementor-size-default\">CFP Arts Gen\u00e8ve, Ecole sup\u00e9rieure de bande dessin\u00e9e et d\u2019illustration<\/h2>\t\t\t\t<\/div>\n\t\t\t\t<\/div>\n\t\t\t\t<div class=\"elementor-element elementor-element-302b040 elementor-widget elementor-widget-spacer\" data-id=\"302b040\" data-element_type=\"widget\" data-widget_type=\"spacer.default\">\n\t\t\t\t<div class=\"elementor-widget-container\">\n\t\t\t\t\t\t\t<div class=\"elementor-spacer\">\n\t\t\t<div class=\"elementor-spacer-inner\"><\/div>\n\t\t<\/div>\n\t\t\t\t\t\t<\/div>\n\t\t\t\t<\/div>\n\t\t\t\t<div class=\"elementor-element elementor-element-5c12c71 elementor-widget elementor-widget-image\" data-id=\"5c12c71\" data-element_type=\"widget\" data-widget_type=\"image.default\">\n\t\t\t\t<div class=\"elementor-widget-container\">\n\t\t\t\t\t\t\t\t\t\t\t\t\t\t\t<img loading=\"lazy\" decoding=\"async\" width=\"800\" height=\"470\" src=\"https:\/\/www.cong-pratt.com\/wp-content\/uploads\/2025\/02\/HP-Geneve_page-0001-1-1024x601.jpg\" class=\"attachment-large size-large wp-image-31499\" alt=\"\" srcset=\"https:\/\/www.cong-pratt.com\/wp-content\/uploads\/2025\/02\/HP-Geneve_page-0001-1-1024x601.jpg 1024w, https:\/\/www.cong-pratt.com\/wp-content\/uploads\/2025\/02\/HP-Geneve_page-0001-1-300x176.jpg 300w, https:\/\/www.cong-pratt.com\/wp-content\/uploads\/2025\/02\/HP-Geneve_page-0001-1-768x451.jpg 768w, https:\/\/www.cong-pratt.com\/wp-content\/uploads\/2025\/02\/HP-Geneve_page-0001-1-1536x902.jpg 1536w, https:\/\/www.cong-pratt.com\/wp-content\/uploads\/2025\/02\/HP-Geneve_page-0001-1-600x352.jpg 600w, https:\/\/www.cong-pratt.com\/wp-content\/uploads\/2025\/02\/HP-Geneve_page-0001-1.jpg 1920w\" sizes=\"(max-width: 800px) 100vw, 800px\" \/>\t\t\t\t\t\t\t\t\t\t\t\t\t\t\t<\/div>\n\t\t\t\t<\/div>\n\t\t\t\t<div class=\"elementor-element elementor-element-1f010f2 elementor-widget elementor-widget-spacer\" data-id=\"1f010f2\" data-element_type=\"widget\" data-widget_type=\"spacer.default\">\n\t\t\t\t<div class=\"elementor-widget-container\">\n\t\t\t\t\t\t\t<div class=\"elementor-spacer\">\n\t\t\t<div class=\"elementor-spacer-inner\"><\/div>\n\t\t<\/div>\n\t\t\t\t\t\t<\/div>\n\t\t\t\t<\/div>\n\t\t\t\t<div class=\"elementor-element elementor-element-3f42f1b elementor-widget elementor-widget-heading\" data-id=\"3f42f1b\" data-element_type=\"widget\" data-widget_type=\"heading.default\">\n\t\t\t\t<div class=\"elementor-widget-container\">\n\t\t\t\t\t<h2 class=\"elementor-heading-title elementor-size-default\">\u00abHugo Pratt, l'h\u00e9ritage, <br>l'\u0153uvre, la biographie\u00bb<\/h2>\t\t\t\t<\/div>\n\t\t\t\t<\/div>\n\t\t\t\t<div class=\"elementor-element elementor-element-245155d elementor-widget elementor-widget-spacer\" data-id=\"245155d\" data-element_type=\"widget\" data-widget_type=\"spacer.default\">\n\t\t\t\t<div class=\"elementor-widget-container\">\n\t\t\t\t\t\t\t<div class=\"elementor-spacer\">\n\t\t\t<div class=\"elementor-spacer-inner\"><\/div>\n\t\t<\/div>\n\t\t\t\t\t\t<\/div>\n\t\t\t\t<\/div>\n\t\t\t\t<div class=\"elementor-element elementor-element-a28c672 elementor-widget elementor-widget-text-editor\" data-id=\"a28c672\" data-element_type=\"widget\" data-widget_type=\"text-editor.default\">\n\t\t\t\t<div class=\"elementor-widget-container\">\n\t\t\t\t\t\t\t\t\t<h6 style=\"text-align: center;\"><strong>Organisateurs : Institut culturel italien de Zurich, CFP Arts Gen\u00e8ve, Ecole sup\u00e9rieure de bande dessin\u00e9e et d&rsquo;illustration, CONG Sa<\/strong><\/h6>\n\t\t\t\t\t\t\t\t<\/div>\n\t\t\t\t<\/div>\n\t\t\t\t<div class=\"elementor-element elementor-element-730e0c7 elementor-widget elementor-widget-spacer\" data-id=\"730e0c7\" data-element_type=\"widget\" data-widget_type=\"spacer.default\">\n\t\t\t\t<div class=\"elementor-widget-container\">\n\t\t\t\t\t\t\t<div class=\"elementor-spacer\">\n\t\t\t<div class=\"elementor-spacer-inner\"><\/div>\n\t\t<\/div>\n\t\t\t\t\t\t<\/div>\n\t\t\t\t<\/div>\n\t\t\t\t<div class=\"elementor-element elementor-element-c195b23 elementor-widget elementor-widget-text-editor\" data-id=\"c195b23\" data-element_type=\"widget\" data-widget_type=\"text-editor.default\">\n\t\t\t\t<div class=\"elementor-widget-container\">\n\t\t\t\t\t\t\t\t\t<p>Pour la premi\u00e8re fois, l&rsquo;Institut culturel italien de Zurich, gr\u00e2ce \u00e0 l&rsquo;hospitalit\u00e9 de l&rsquo;\u00c9cole sup\u00e9rieure de la Bande Dessin\u00e9e, d\u00e9veloppe un projet sp\u00e9cifiquement destin\u00e9 \u00e0 la Suisse romande. Il a choisi l&rsquo;exposition itin\u00e9rante \u00ab Hugo Pratt, l&rsquo;\u0153uvre, la biographie \u00bb, promue par le minist\u00e8re des Affaires \u00e9trang\u00e8res pour raconter la valeur de la langue italienne dans le monde.<\/p>\n<p>Une exposition de 27 panneaux pour red\u00e9couvrir les lieux, les rencontres et le trait graphique qui ont donn\u00e9 naissance \u00e0 la litt\u00e9rature dessin\u00e9e.<\/p>\n\t\t\t\t\t\t\t\t<\/div>\n\t\t\t\t<\/div>\n\t\t\t\t<div class=\"elementor-element elementor-element-ceab1c1 elementor-widget elementor-widget-spacer\" data-id=\"ceab1c1\" data-element_type=\"widget\" data-widget_type=\"spacer.default\">\n\t\t\t\t<div class=\"elementor-widget-container\">\n\t\t\t\t\t\t\t<div class=\"elementor-spacer\">\n\t\t\t<div class=\"elementor-spacer-inner\"><\/div>\n\t\t<\/div>\n\t\t\t\t\t\t<\/div>\n\t\t\t\t<\/div>\n\t\t\t\t<div class=\"elementor-element elementor-element-ad5b7cd elementor-widget elementor-widget-text-editor\" data-id=\"ad5b7cd\" data-element_type=\"widget\" data-widget_type=\"text-editor.default\">\n\t\t\t\t<div class=\"elementor-widget-container\">\n\t\t\t\t\t\t\t\t\t<div class=\"\"><strong><span class=\"\"><span class=\"\" style=\"color: #11053b;\">Cour du CFP Arts,\u00a0<\/span><\/span><\/strong><\/div>\n<div class=\"\"><strong><span class=\"\"><span class=\"\" style=\"color: #11053b;\">rue des Terreaux-du-Temple 11,<\/span><\/span><\/strong><\/div>\n<div class=\"\"><strong><span class=\"\"><span class=\"\" style=\"color: #11053b;\">\u00a0<\/span><\/span><span class=\"\">Gen\u00e8ve\u00a0<\/span><\/strong><\/div>\n<div class=\"\"><strong><span class=\"\">De 8h \u00e0 19h du lundi au vendredi<\/span><\/strong><\/div>\n<h6><\/h6>\n\t\t\t\t\t\t\t\t<\/div>\n\t\t\t\t<\/div>\n\t\t\t\t\t<\/div>\n\t\t<\/div>\n\t\t\t\t\t<\/div>\n\t\t<\/section>\n\t\t\t\t<section class=\"elementor-section elementor-top-section elementor-element elementor-element-3933595 elementor-section-boxed elementor-section-height-default elementor-section-height-default\" data-id=\"3933595\" data-element_type=\"section\">\n\t\t\t\t\t\t<div class=\"elementor-container elementor-column-gap-default\">\n\t\t\t\t\t<div class=\"elementor-column elementor-col-100 elementor-top-column elementor-element elementor-element-a7546db\" data-id=\"a7546db\" data-element_type=\"column\">\n\t\t\t<div class=\"elementor-widget-wrap elementor-element-populated\">\n\t\t\t\t\t\t<div class=\"elementor-element elementor-element-0a35ba2 elementor-widget elementor-widget-spacer\" data-id=\"0a35ba2\" data-element_type=\"widget\" data-widget_type=\"spacer.default\">\n\t\t\t\t<div class=\"elementor-widget-container\">\n\t\t\t\t\t\t\t<div class=\"elementor-spacer\">\n\t\t\t<div class=\"elementor-spacer-inner\"><\/div>\n\t\t<\/div>\n\t\t\t\t\t\t<\/div>\n\t\t\t\t<\/div>\n\t\t\t\t<div class=\"elementor-element elementor-element-3a4b2a2 elementor-widget-divider--view-line elementor-widget elementor-widget-divider\" data-id=\"3a4b2a2\" data-element_type=\"widget\" data-widget_type=\"divider.default\">\n\t\t\t\t<div class=\"elementor-widget-container\">\n\t\t\t\t\t\t\t<div class=\"elementor-divider\">\n\t\t\t<span class=\"elementor-divider-separator\">\n\t\t\t\t\t\t<\/span>\n\t\t<\/div>\n\t\t\t\t\t\t<\/div>\n\t\t\t\t<\/div>\n\t\t\t\t<div class=\"elementor-element elementor-element-40f2326 elementor-widget elementor-widget-text-editor\" data-id=\"40f2326\" data-element_type=\"widget\" data-widget_type=\"text-editor.default\">\n\t\t\t\t<div class=\"elementor-widget-container\">\n\t\t\t\t\t\t\t\t\t<p>Les derni\u00e8res nouvelles du monde du Cong<\/p>\n\t\t\t\t\t\t\t\t<\/div>\n\t\t\t\t<\/div>\n\t\t\t\t<div class=\"elementor-element elementor-element-2dde55c elementor-grid-3 elementor-grid-tablet-2 elementor-grid-mobile-1 elementor-posts--thumbnail-top elementor-widget elementor-widget-posts\" data-id=\"2dde55c\" data-element_type=\"widget\" data-settings=\"{&quot;classic_columns&quot;:&quot;3&quot;,&quot;classic_columns_tablet&quot;:&quot;2&quot;,&quot;classic_columns_mobile&quot;:&quot;1&quot;,&quot;classic_row_gap&quot;:{&quot;unit&quot;:&quot;px&quot;,&quot;size&quot;:35,&quot;sizes&quot;:[]},&quot;classic_row_gap_tablet&quot;:{&quot;unit&quot;:&quot;px&quot;,&quot;size&quot;:&quot;&quot;,&quot;sizes&quot;:[]},&quot;classic_row_gap_mobile&quot;:{&quot;unit&quot;:&quot;px&quot;,&quot;size&quot;:&quot;&quot;,&quot;sizes&quot;:[]}}\" data-widget_type=\"posts.classic\">\n\t\t\t\t<div class=\"elementor-widget-container\">\n\t\t\t\t\t\t\t<div class=\"elementor-posts-container elementor-posts elementor-posts--skin-classic elementor-grid\" role=\"list\">\n\t\t\t\t<article class=\"elementor-post elementor-grid-item post-33851 post type-post status-publish format-standard has-post-thumbnail hentry category-news-fr-2 tag-corto-maltese-fr-2 tag-hugo-pratt-fr\" role=\"listitem\">\n\t\t\t\t<a class=\"elementor-post__thumbnail__link\" href=\"https:\/\/www.cong-pratt.com\/fr\/de-hugo-pratt-a-corto-maltese-un-voyage-dans-les-histoires-en-provence-a-loccasion-du-festival-rencontres-du-9e-art\/\" tabindex=\"-1\" >\n\t\t\t<div class=\"elementor-post__thumbnail\"><img loading=\"lazy\" decoding=\"async\" width=\"300\" height=\"169\" src=\"https:\/\/www.cong-pratt.com\/wp-content\/uploads\/2026\/04\/Aix-en-provence_cover-300x169.jpg\" class=\"attachment-medium size-medium wp-image-33855\" alt=\"Aix-en-Provence\" srcset=\"https:\/\/www.cong-pratt.com\/wp-content\/uploads\/2026\/04\/Aix-en-provence_cover-300x169.jpg 300w, https:\/\/www.cong-pratt.com\/wp-content\/uploads\/2026\/04\/Aix-en-provence_cover-1024x576.jpg 1024w, https:\/\/www.cong-pratt.com\/wp-content\/uploads\/2026\/04\/Aix-en-provence_cover-768x432.jpg 768w, https:\/\/www.cong-pratt.com\/wp-content\/uploads\/2026\/04\/Aix-en-provence_cover-1536x864.jpg 1536w, https:\/\/www.cong-pratt.com\/wp-content\/uploads\/2026\/04\/Aix-en-provence_cover-600x338.jpg 600w, https:\/\/www.cong-pratt.com\/wp-content\/uploads\/2026\/04\/Aix-en-provence_cover.jpg 1920w\" sizes=\"(max-width: 300px) 100vw, 300px\" \/><\/div>\n\t\t<\/a>\n\t\t\t\t<div class=\"elementor-post__text\">\n\t\t\t\t<h3 class=\"elementor-post__title\">\n\t\t\t<a href=\"https:\/\/www.cong-pratt.com\/fr\/de-hugo-pratt-a-corto-maltese-un-voyage-dans-les-histoires-en-provence-a-loccasion-du-festival-rencontres-du-9e-art\/\" >\n\t\t\t\tDe Hugo Pratt \u00e0 Corto Maltese. Un voyage dans les histoires en Provence \u00e0 l\u2019occasion du Festival Rencontres du 9e art.\t\t\t<\/a>\n\t\t<\/h3>\n\t\t\t\t<div class=\"elementor-post__meta-data\">\n\t\t\t\t\t<span class=\"elementor-post-date\">\n\t\t\t6 avril 2026\t\t<\/span>\n\t\t\t\t<\/div>\n\t\t\n\t\t<a class=\"elementor-post__read-more\" href=\"https:\/\/www.cong-pratt.com\/fr\/de-hugo-pratt-a-corto-maltese-un-voyage-dans-les-histoires-en-provence-a-loccasion-du-festival-rencontres-du-9e-art\/\" aria-label=\"En savoir plus sur De Hugo Pratt \u00e0 Corto Maltese. Un voyage dans les histoires en Provence \u00e0 l\u2019occasion du Festival Rencontres du 9e art.\" tabindex=\"-1\" >\n\t\t\tRead More \u00bb\t\t<\/a>\n\n\t\t\t\t<\/div>\n\t\t\t\t<\/article>\n\t\t\t\t<article class=\"elementor-post elementor-grid-item post-33808 post type-post status-publish format-standard has-post-thumbnail hentry category-news-fr-2 tag-corto-maltese-fr-2 tag-hugo-pratt-fr tag-mostra-fr\" role=\"listitem\">\n\t\t\t\t<a class=\"elementor-post__thumbnail__link\" href=\"https:\/\/www.cong-pratt.com\/fr\/de-sienne-a-liege-lexposition-geographies-imaginaires-rend-hommage-a-lart-dhugo-pratt-et-revient-en-belgique-a-partir-du-26-mars\/\" tabindex=\"-1\" >\n\t\t\t<div class=\"elementor-post__thumbnail\"><img loading=\"lazy\" decoding=\"async\" width=\"300\" height=\"169\" src=\"https:\/\/www.cong-pratt.com\/wp-content\/uploads\/2026\/03\/Cover_ExpoLiegi-300x169.jpg\" class=\"attachment-medium size-medium wp-image-33814\" alt=\"Hugo Pratt Liegi\" srcset=\"https:\/\/www.cong-pratt.com\/wp-content\/uploads\/2026\/03\/Cover_ExpoLiegi-300x169.jpg 300w, https:\/\/www.cong-pratt.com\/wp-content\/uploads\/2026\/03\/Cover_ExpoLiegi-1024x576.jpg 1024w, https:\/\/www.cong-pratt.com\/wp-content\/uploads\/2026\/03\/Cover_ExpoLiegi-768x432.jpg 768w, https:\/\/www.cong-pratt.com\/wp-content\/uploads\/2026\/03\/Cover_ExpoLiegi-1536x864.jpg 1536w, https:\/\/www.cong-pratt.com\/wp-content\/uploads\/2026\/03\/Cover_ExpoLiegi-600x338.jpg 600w, https:\/\/www.cong-pratt.com\/wp-content\/uploads\/2026\/03\/Cover_ExpoLiegi.jpg 1920w\" sizes=\"(max-width: 300px) 100vw, 300px\" \/><\/div>\n\t\t<\/a>\n\t\t\t\t<div class=\"elementor-post__text\">\n\t\t\t\t<h3 class=\"elementor-post__title\">\n\t\t\t<a href=\"https:\/\/www.cong-pratt.com\/fr\/de-sienne-a-liege-lexposition-geographies-imaginaires-rend-hommage-a-lart-dhugo-pratt-et-revient-en-belgique-a-partir-du-26-mars\/\" >\n\t\t\t\tDe Sienne \u00e0 Li\u00e8ge : l&rsquo;exposition \u00ab G\u00e9ographies imaginaires \u00bb rend hommage \u00e0 l&rsquo;art d&rsquo;Hugo Pratt et revient en Belgique \u00e0 partir du 26 mars\t\t\t<\/a>\n\t\t<\/h3>\n\t\t\t\t<div class=\"elementor-post__meta-data\">\n\t\t\t\t\t<span class=\"elementor-post-date\">\n\t\t\t18 mars 2026\t\t<\/span>\n\t\t\t\t<\/div>\n\t\t\n\t\t<a class=\"elementor-post__read-more\" href=\"https:\/\/www.cong-pratt.com\/fr\/de-sienne-a-liege-lexposition-geographies-imaginaires-rend-hommage-a-lart-dhugo-pratt-et-revient-en-belgique-a-partir-du-26-mars\/\" aria-label=\"En savoir plus sur De Sienne \u00e0 Li\u00e8ge : l&rsquo;exposition \u00ab G\u00e9ographies imaginaires \u00bb rend hommage \u00e0 l&rsquo;art d&rsquo;Hugo Pratt et revient en Belgique \u00e0 partir du 26 mars\" tabindex=\"-1\" >\n\t\t\tRead More \u00bb\t\t<\/a>\n\n\t\t\t\t<\/div>\n\t\t\t\t<\/article>\n\t\t\t\t<article class=\"elementor-post elementor-grid-item post-33055 post type-post status-publish format-standard has-post-thumbnail hentry category-news-fr-2 tag-award-fr tag-hugo-pratt-fr\" role=\"listitem\">\n\t\t\t\t<a class=\"elementor-post__thumbnail__link\" href=\"https:\/\/www.cong-pratt.com\/fr\/hugo-pratt-comics-awards-les-laureats-de-la-premiere-edition\/\" tabindex=\"-1\" >\n\t\t\t<div class=\"elementor-post__thumbnail\"><img loading=\"lazy\" decoding=\"async\" width=\"300\" height=\"169\" src=\"https:\/\/www.cong-pratt.com\/wp-content\/uploads\/2025\/11\/CongcoverAwards-300x169.jpg\" class=\"attachment-medium size-medium wp-image-32884\" alt=\"\" srcset=\"https:\/\/www.cong-pratt.com\/wp-content\/uploads\/2025\/11\/CongcoverAwards-300x169.jpg 300w, https:\/\/www.cong-pratt.com\/wp-content\/uploads\/2025\/11\/CongcoverAwards-1024x576.jpg 1024w, https:\/\/www.cong-pratt.com\/wp-content\/uploads\/2025\/11\/CongcoverAwards-768x432.jpg 768w, https:\/\/www.cong-pratt.com\/wp-content\/uploads\/2025\/11\/CongcoverAwards-1536x864.jpg 1536w, https:\/\/www.cong-pratt.com\/wp-content\/uploads\/2025\/11\/CongcoverAwards-600x338.jpg 600w, https:\/\/www.cong-pratt.com\/wp-content\/uploads\/2025\/11\/CongcoverAwards.jpg 1920w\" sizes=\"(max-width: 300px) 100vw, 300px\" \/><\/div>\n\t\t<\/a>\n\t\t\t\t<div class=\"elementor-post__text\">\n\t\t\t\t<h3 class=\"elementor-post__title\">\n\t\t\t<a href=\"https:\/\/www.cong-pratt.com\/fr\/hugo-pratt-comics-awards-les-laureats-de-la-premiere-edition\/\" >\n\t\t\t\tHugo Pratt Comics Awards : les laur\u00e9ats de la premi\u00e8re \u00e9dition\t\t\t<\/a>\n\t\t<\/h3>\n\t\t\t\t<div class=\"elementor-post__meta-data\">\n\t\t\t\t\t<span class=\"elementor-post-date\">\n\t\t\t7 novembre 2025\t\t<\/span>\n\t\t\t\t<\/div>\n\t\t\n\t\t<a class=\"elementor-post__read-more\" href=\"https:\/\/www.cong-pratt.com\/fr\/hugo-pratt-comics-awards-les-laureats-de-la-premiere-edition\/\" aria-label=\"En savoir plus sur Hugo Pratt Comics Awards : les laur\u00e9ats de la premi\u00e8re \u00e9dition\" tabindex=\"-1\" >\n\t\t\tRead More \u00bb\t\t<\/a>\n\n\t\t\t\t<\/div>\n\t\t\t\t<\/article>\n\t\t\t\t<\/div>\n\t\t\n\t\t\t\t\t\t<\/div>\n\t\t\t\t<\/div>\n\t\t\t\t\t<\/div>\n\t\t<\/div>\n\t\t\t\t\t<\/div>\n\t\t<\/section>\n\t\t\t\t<\/div>\n\t\t","protected":false},"excerpt":{"rendered":"<p>Corto Maltese et Hugo Pratt en Suisse : deux expositions de reproductions \u00e0 Gen\u00e8ve pour c\u00e9l\u00e9brer et raconter les d\u00e9buts<\/p>\n","protected":false},"author":2,"featured_media":31323,"comment_status":"closed","ping_status":"open","sticky":false,"template":"elementor_theme","format":"standard","meta":{"footnotes":""},"categories":[461],"tags":[463,688,816],"class_list":["post-31316","post","type-post","status-publish","format-standard","has-post-thumbnail","hentry","category-news-fr-2","tag-corto-maltese-fr-2","tag-hugo-pratt-fr","tag-mostra-fr"],"_links":{"self":[{"href":"https:\/\/www.cong-pratt.com\/fr\/wp-json\/wp\/v2\/posts\/31316","targetHints":{"allow":["GET"]}}],"collection":[{"href":"https:\/\/www.cong-pratt.com\/fr\/wp-json\/wp\/v2\/posts"}],"about":[{"href":"https:\/\/www.cong-pratt.com\/fr\/wp-json\/wp\/v2\/types\/post"}],"author":[{"embeddable":true,"href":"https:\/\/www.cong-pratt.com\/fr\/wp-json\/wp\/v2\/users\/2"}],"replies":[{"embeddable":true,"href":"https:\/\/www.cong-pratt.com\/fr\/wp-json\/wp\/v2\/comments?post=31316"}],"version-history":[{"count":9,"href":"https:\/\/www.cong-pratt.com\/fr\/wp-json\/wp\/v2\/posts\/31316\/revisions"}],"predecessor-version":[{"id":31508,"href":"https:\/\/www.cong-pratt.com\/fr\/wp-json\/wp\/v2\/posts\/31316\/revisions\/31508"}],"wp:featuredmedia":[{"embeddable":true,"href":"https:\/\/www.cong-pratt.com\/fr\/wp-json\/wp\/v2\/media\/31323"}],"wp:attachment":[{"href":"https:\/\/www.cong-pratt.com\/fr\/wp-json\/wp\/v2\/media?parent=31316"}],"wp:term":[{"taxonomy":"category","embeddable":true,"href":"https:\/\/www.cong-pratt.com\/fr\/wp-json\/wp\/v2\/categories?post=31316"},{"taxonomy":"post_tag","embeddable":true,"href":"https:\/\/www.cong-pratt.com\/fr\/wp-json\/wp\/v2\/tags?post=31316"}],"curies":[{"name":"wp","href":"https:\/\/api.w.org\/{rel}","templated":true}]}}