{"id":31774,"date":"2025-04-28T15:17:24","date_gmt":"2025-04-28T13:17:24","guid":{"rendered":"https:\/\/www.cong-pratt.com\/?p=31774"},"modified":"2025-04-28T15:27:15","modified_gmt":"2025-04-28T13:27:15","slug":"hugo-pratt-exposition-en-jordanie-a-loccasion-de-la-semaine-de-la-bande-dessinee","status":"publish","type":"post","link":"https:\/\/www.cong-pratt.com\/fr\/hugo-pratt-exposition-en-jordanie-a-loccasion-de-la-semaine-de-la-bande-dessinee\/","title":{"rendered":"Hugo Pratt, l&rsquo;h\u00e9ritage, l&rsquo;\u0153uvre, la biographie\u00a0\u00bb : exposition en avril en Jordanie \u00e0 l&rsquo;occasion de la Semaine de la bande dessin\u00e9e"},"content":{"rendered":"\t\t<div data-elementor-type=\"wp-post\" data-elementor-id=\"31774\" class=\"elementor elementor-31774 elementor-31772\" data-elementor-post-type=\"post\">\n\t\t\t\t\t\t<section class=\"elementor-section elementor-top-section elementor-element elementor-element-7e970d37 elementor-section-boxed elementor-section-height-default elementor-section-height-default\" data-id=\"7e970d37\" data-element_type=\"section\">\n\t\t\t\t\t\t<div class=\"elementor-container elementor-column-gap-default\">\n\t\t\t\t\t<div class=\"elementor-column elementor-col-100 elementor-top-column elementor-element elementor-element-4a7f11fc\" data-id=\"4a7f11fc\" data-element_type=\"column\">\n\t\t\t<div class=\"elementor-widget-wrap elementor-element-populated\">\n\t\t\t\t\t\t<div class=\"elementor-element elementor-element-550e719 elementor-widget elementor-widget-spacer\" data-id=\"550e719\" data-element_type=\"widget\" data-widget_type=\"spacer.default\">\n\t\t\t\t<div class=\"elementor-widget-container\">\n\t\t\t\t\t\t\t<div class=\"elementor-spacer\">\n\t\t\t<div class=\"elementor-spacer-inner\"><\/div>\n\t\t<\/div>\n\t\t\t\t\t\t<\/div>\n\t\t\t\t<\/div>\n\t\t\t\t<div class=\"elementor-element elementor-element-c6e091b elementor-widget elementor-widget-heading\" data-id=\"c6e091b\" data-element_type=\"widget\" data-widget_type=\"heading.default\">\n\t\t\t\t<div class=\"elementor-widget-container\">\n\t\t\t\t\t<h2 class=\"elementor-heading-title elementor-size-default\">\u00ab Hugo Pratt, l\u2019h\u00e9ritage, l\u2019\u0153uvre, la biographie \u00bb, du 28 avril au 2 mai 2025, exposition \u00e0 Amman, Jordanie.<\/h2>\t\t\t\t<\/div>\n\t\t\t\t<\/div>\n\t\t\t\t<div class=\"elementor-element elementor-element-324b31d elementor-widget-divider--view-line elementor-widget elementor-widget-divider\" data-id=\"324b31d\" data-element_type=\"widget\" data-widget_type=\"divider.default\">\n\t\t\t\t<div class=\"elementor-widget-container\">\n\t\t\t\t\t\t\t<div class=\"elementor-divider\">\n\t\t\t<span class=\"elementor-divider-separator\">\n\t\t\t\t\t\t<\/span>\n\t\t<\/div>\n\t\t\t\t\t\t<\/div>\n\t\t\t\t<\/div>\n\t\t\t\t<div class=\"elementor-element elementor-element-d27cb65 elementor-widget elementor-widget-spacer\" data-id=\"d27cb65\" data-element_type=\"widget\" data-widget_type=\"spacer.default\">\n\t\t\t\t<div class=\"elementor-widget-container\">\n\t\t\t\t\t\t\t<div class=\"elementor-spacer\">\n\t\t\t<div class=\"elementor-spacer-inner\"><\/div>\n\t\t<\/div>\n\t\t\t\t\t\t<\/div>\n\t\t\t\t<\/div>\n\t\t\t\t\t<\/div>\n\t\t<\/div>\n\t\t\t\t\t<\/div>\n\t\t<\/section>\n\t\t\t\t<section class=\"elementor-section elementor-top-section elementor-element elementor-element-a3cd859 elementor-section-boxed elementor-section-height-default elementor-section-height-default\" data-id=\"a3cd859\" data-element_type=\"section\">\n\t\t\t\t\t\t<div class=\"elementor-container elementor-column-gap-default\">\n\t\t\t\t\t<div class=\"elementor-column elementor-col-33 elementor-top-column elementor-element elementor-element-b8c8236\" data-id=\"b8c8236\" data-element_type=\"column\">\n\t\t\t<div class=\"elementor-widget-wrap elementor-element-populated\">\n\t\t\t\t\t\t<div class=\"elementor-element elementor-element-6428eab elementor-widget elementor-widget-image\" data-id=\"6428eab\" data-element_type=\"widget\" data-widget_type=\"image.default\">\n\t\t\t\t<div class=\"elementor-widget-container\">\n\t\t\t\t\t\t\t\t\t\t\t\t<figure class=\"wp-caption\">\n\t\t\t\t\t\t\t\t\t\t<img fetchpriority=\"high\" decoding=\"async\" width=\"723\" height=\"1024\" src=\"https:\/\/www.cong-pratt.com\/wp-content\/uploads\/2025\/01\/ExpoVolos_Farnesina-723x1024.jpg\" class=\"attachment-large size-large wp-image-31051\" alt=\"\" srcset=\"https:\/\/www.cong-pratt.com\/wp-content\/uploads\/2025\/01\/ExpoVolos_Farnesina-723x1024.jpg 723w, https:\/\/www.cong-pratt.com\/wp-content\/uploads\/2025\/01\/ExpoVolos_Farnesina-212x300.jpg 212w, https:\/\/www.cong-pratt.com\/wp-content\/uploads\/2025\/01\/ExpoVolos_Farnesina-600x849.jpg 600w, https:\/\/www.cong-pratt.com\/wp-content\/uploads\/2025\/01\/ExpoVolos_Farnesina.jpg 763w\" sizes=\"(max-width: 723px) 100vw, 723px\" \/>\t\t\t\t\t\t\t\t\t\t\t<figcaption class=\"widget-image-caption wp-caption-text\"><\/figcaption>\n\t\t\t\t\t\t\t\t\t\t<\/figure>\n\t\t\t\t\t\t\t\t\t<\/div>\n\t\t\t\t<\/div>\n\t\t\t\t\t<\/div>\n\t\t<\/div>\n\t\t\t\t<div class=\"elementor-column elementor-col-66 elementor-top-column elementor-element elementor-element-1b71a06\" data-id=\"1b71a06\" data-element_type=\"column\">\n\t\t\t<div class=\"elementor-widget-wrap elementor-element-populated\">\n\t\t\t\t\t\t<div class=\"elementor-element elementor-element-50f99475 elementor-widget elementor-widget-text-editor\" data-id=\"50f99475\" data-element_type=\"widget\" data-widget_type=\"text-editor.default\">\n\t\t\t\t<div class=\"elementor-widget-container\">\n\t\t\t\t\t\t\t\t\t<h1 class=\"fusion-responsive-typography-calculated\" data-fontsize=\"36\" data-lineheight=\"47.880001px\">Hugo Pratt est expos\u00e9 en Jordanie avec la Dante Alighieri Society \u00e0 l&rsquo;occasion de \u00ab Comics Beyond Borders \u00bb, 5\u00e8me \u00e9dition de la Comics Week \u00e0 Amman<\/h1>\t\t\t\t\t\t\t\t<\/div>\n\t\t\t\t<\/div>\n\t\t\t\t<div class=\"elementor-element elementor-element-1d0013b elementor-widget elementor-widget-text-editor\" data-id=\"1d0013b\" data-element_type=\"widget\" data-widget_type=\"text-editor.default\">\n\t\t\t\t<div class=\"elementor-widget-container\">\n\t\t\t\t\t\t\t\t\t<p><span style=\"font-family: -apple-system, BlinkMacSystemFont, 'Segoe UI', Roboto, 'Helvetica Neue', Arial, 'Noto Sans', sans-serif, 'Apple Color Emoji', 'Segoe UI Emoji', 'Segoe UI Symbol', 'Noto Color Emoji';\"><strong>La tourn\u00e9e 2025 des expositions Hugo Pratt se poursuit, promue par le minist\u00e8re des Affaires \u00e9trang\u00e8res dans le cadre du projet<\/strong> \u00ab <\/span><a style=\"font-family: -apple-system, BlinkMacSystemFont, 'Segoe UI', Roboto, 'Helvetica Neue', Arial, 'Noto Sans', sans-serif, 'Apple Color Emoji', 'Segoe UI Emoji', 'Segoe UI Symbol', 'Noto Color Emoji';\" href=\"https:\/\/www.cong-pratt.com\/fr\/litterature-dessinee-de-hugo-pratt-au-ministere-des-affaires-etrangeres-italien\/\"><strong>Hugo Pratt. L\u2019h\u00e9ritage, <\/strong><strong>l\u2019\u0153uvre, la biographie<\/strong><\/a><span style=\"font-family: -apple-system, BlinkMacSystemFont, 'Segoe UI', Roboto, 'Helvetica Neue', Arial, 'Noto Sans', sans-serif, 'Apple Color Emoji', 'Segoe UI Emoji', 'Segoe UI Symbol', 'Noto Color Emoji';\">\u00bb.<\/span><\/p><p>La Soci\u00e9t\u00e9 Dante Alighieri &#8211; Comit\u00e9 d&rsquo;Amman pr\u00e9sente l&rsquo;exposition itin\u00e9rante \u00ab Hugo Pratt &#8211; The Legacy, the Work and the Biography \u00bb, organis\u00e9e par Patrizia Zanotti, du 27 avril au 2 mai au Sweifieh Village, Rooftop.<\/p><p>L&rsquo;\u00e9v\u00e9nement rassemble 22 artistes talentueux d&rsquo;Europe et de Jordanie pendant une semaine, et comprend, outre l&rsquo;exposition consacr\u00e9e \u00e0 Corto, des ateliers cr\u00e9atifs et des \u00e9changes culturels.<\/p><p>Une fois de plus, l&rsquo;exposition propose un voyage fascinant \u00e0 travers la vie, l&rsquo;art et l&rsquo;h\u00e9ritage culturel d&rsquo;Hugo Pratt, ma\u00eetre incontest\u00e9 de la bande dessin\u00e9e europ\u00e9enne et cr\u00e9ateur du l\u00e9gendaire Corto Maltese.<\/p>\t\t\t\t\t\t\t\t<\/div>\n\t\t\t\t<\/div>\n\t\t\t\t<div class=\"elementor-element elementor-element-8c5fde1 elementor-widget-divider--view-line elementor-widget elementor-widget-divider\" data-id=\"8c5fde1\" data-element_type=\"widget\" data-widget_type=\"divider.default\">\n\t\t\t\t<div class=\"elementor-widget-container\">\n\t\t\t\t\t\t\t<div class=\"elementor-divider\">\n\t\t\t<span class=\"elementor-divider-separator\">\n\t\t\t\t\t\t<\/span>\n\t\t<\/div>\n\t\t\t\t\t\t<\/div>\n\t\t\t\t<\/div>\n\t\t\t\t<div class=\"elementor-element elementor-element-4b076c4 elementor-widget elementor-widget-text-editor\" data-id=\"4b076c4\" data-element_type=\"widget\" data-widget_type=\"text-editor.default\">\n\t\t\t\t<div class=\"elementor-widget-container\">\n\t\t\t\t\t\t\t\t\t<p><strong>27 avril &#8211; 2 mai 2025<\/strong><\/p><p><strong>5\u00e8me \u00e9dition de la Semaine de la BD, intitul\u00e9e cette ann\u00e9e \u00ab La BD au-del\u00e0 des fronti\u00e8res \u00bb<\/strong><\/p><p><strong>Sweifieh Village, Rooftop<\/strong><\/p>\t\t\t\t\t\t\t\t<\/div>\n\t\t\t\t<\/div>\n\t\t\t\t\t<\/div>\n\t\t<\/div>\n\t\t\t\t\t<\/div>\n\t\t<\/section>\n\t\t\t\t<section class=\"elementor-section elementor-top-section elementor-element elementor-element-a9426e4 elementor-section-boxed elementor-section-height-default elementor-section-height-default\" data-id=\"a9426e4\" data-element_type=\"section\">\n\t\t\t\t\t\t<div class=\"elementor-container elementor-column-gap-default\">\n\t\t\t\t\t<div class=\"elementor-column elementor-col-100 elementor-top-column elementor-element elementor-element-a8e0e85\" data-id=\"a8e0e85\" data-element_type=\"column\">\n\t\t\t<div class=\"elementor-widget-wrap elementor-element-populated\">\n\t\t\t\t\t\t<div class=\"elementor-element elementor-element-2996196 elementor-widget-divider--view-line elementor-widget elementor-widget-divider\" data-id=\"2996196\" data-element_type=\"widget\" data-widget_type=\"divider.default\">\n\t\t\t\t<div class=\"elementor-widget-container\">\n\t\t\t\t\t\t\t<div class=\"elementor-divider\">\n\t\t\t<span class=\"elementor-divider-separator\">\n\t\t\t\t\t\t<\/span>\n\t\t<\/div>\n\t\t\t\t\t\t<\/div>\n\t\t\t\t<\/div>\n\t\t\t\t<div class=\"elementor-element elementor-element-5696bc8 elementor-widget elementor-widget-heading\" data-id=\"5696bc8\" data-element_type=\"widget\" data-widget_type=\"heading.default\">\n\t\t\t\t<div class=\"elementor-widget-container\">\n\t\t\t\t\t<h2 class=\"elementor-heading-title elementor-size-default\">Les expositions pr\u00e9c\u00e9dentes<\/h2>\t\t\t\t<\/div>\n\t\t\t\t<\/div>\n\t\t\t\t<div class=\"elementor-element elementor-element-ac20555 elementor-widget elementor-widget-spacer\" data-id=\"ac20555\" data-element_type=\"widget\" data-widget_type=\"spacer.default\">\n\t\t\t\t<div class=\"elementor-widget-container\">\n\t\t\t\t\t\t\t<div class=\"elementor-spacer\">\n\t\t\t<div class=\"elementor-spacer-inner\"><\/div>\n\t\t<\/div>\n\t\t\t\t\t\t<\/div>\n\t\t\t\t<\/div>\n\t\t\t\t<div class=\"elementor-element elementor-element-aee5524 elementor-widget elementor-widget-text-editor\" data-id=\"aee5524\" data-element_type=\"widget\" data-widget_type=\"text-editor.default\">\n\t\t\t\t<div class=\"elementor-widget-container\">\n\t\t\t\t\t\t\t\t\t<p><strong>Les expositions pr\u00e9c\u00e9dentes dans le cadre du projet \u00ab Hugo Pratt, l&rsquo;h\u00e9ritage, l&rsquo;\u0153uvre, la biographie \u00bb promu par le Minist\u00e8re des Affaires Etrang\u00e8res et Cong SA, pour raconter la valeur de la langue et de la culture italienne dans le monde \u00e0 travers l&rsquo;art d&rsquo;Hugo Pratt.<\/strong><\/p>\t\t\t\t\t\t\t\t<\/div>\n\t\t\t\t<\/div>\n\t\t\t\t<div class=\"elementor-element elementor-element-52815e5 elementor-widget elementor-widget-spacer\" data-id=\"52815e5\" data-element_type=\"widget\" data-widget_type=\"spacer.default\">\n\t\t\t\t<div class=\"elementor-widget-container\">\n\t\t\t\t\t\t\t<div class=\"elementor-spacer\">\n\t\t\t<div class=\"elementor-spacer-inner\"><\/div>\n\t\t<\/div>\n\t\t\t\t\t\t<\/div>\n\t\t\t\t<\/div>\n\t\t\t\t\t<\/div>\n\t\t<\/div>\n\t\t\t\t\t<\/div>\n\t\t<\/section>\n\t\t\t\t<section class=\"elementor-section elementor-top-section elementor-element elementor-element-d60eb35 elementor-section-boxed elementor-section-height-default elementor-section-height-default\" data-id=\"d60eb35\" data-element_type=\"section\">\n\t\t\t\t\t\t<div class=\"elementor-container elementor-column-gap-default\">\n\t\t\t\t\t<div class=\"elementor-column elementor-col-50 elementor-top-column elementor-element elementor-element-6f30cbd\" data-id=\"6f30cbd\" data-element_type=\"column\">\n\t\t\t<div class=\"elementor-widget-wrap elementor-element-populated\">\n\t\t\t\t\t\t<div class=\"elementor-element elementor-element-37d9f53 elementor-widget elementor-widget-image\" data-id=\"37d9f53\" data-element_type=\"widget\" data-widget_type=\"image.default\">\n\t\t\t\t<div class=\"elementor-widget-container\">\n\t\t\t\t\t\t\t\t\t\t\t\t\t\t\t\t<a href=\"https:\/\/www.cong-pratt.com\/fr\/lexposition-consacree-a-corto-et-pratt-dans-la-maison-de-de-chirico-a-partir-du-5-fevrier-a-volos-grece\/\">\n\t\t\t\t\t\t\t<img decoding=\"async\" width=\"800\" height=\"450\" src=\"https:\/\/www.cong-pratt.com\/wp-content\/uploads\/2025\/01\/Cover_Volos_2025-1024x576.jpg\" class=\"attachment-large size-large wp-image-31042\" alt=\"\" srcset=\"https:\/\/www.cong-pratt.com\/wp-content\/uploads\/2025\/01\/Cover_Volos_2025-1024x576.jpg 1024w, https:\/\/www.cong-pratt.com\/wp-content\/uploads\/2025\/01\/Cover_Volos_2025-300x169.jpg 300w, https:\/\/www.cong-pratt.com\/wp-content\/uploads\/2025\/01\/Cover_Volos_2025-768x432.jpg 768w, https:\/\/www.cong-pratt.com\/wp-content\/uploads\/2025\/01\/Cover_Volos_2025-1536x864.jpg 1536w, https:\/\/www.cong-pratt.com\/wp-content\/uploads\/2025\/01\/Cover_Volos_2025-600x338.jpg 600w, https:\/\/www.cong-pratt.com\/wp-content\/uploads\/2025\/01\/Cover_Volos_2025.jpg 1920w\" sizes=\"(max-width: 800px) 100vw, 800px\" \/>\t\t\t\t\t\t\t\t<\/a>\n\t\t\t\t\t\t\t\t\t\t\t\t\t\t\t<\/div>\n\t\t\t\t<\/div>\n\t\t\t\t<div class=\"elementor-element elementor-element-3acc686 elementor-widget elementor-widget-spacer\" data-id=\"3acc686\" data-element_type=\"widget\" data-widget_type=\"spacer.default\">\n\t\t\t\t<div class=\"elementor-widget-container\">\n\t\t\t\t\t\t\t<div class=\"elementor-spacer\">\n\t\t\t<div class=\"elementor-spacer-inner\"><\/div>\n\t\t<\/div>\n\t\t\t\t\t\t<\/div>\n\t\t\t\t<\/div>\n\t\t\t\t<div class=\"elementor-element elementor-element-c02e21b elementor-widget elementor-widget-image\" data-id=\"c02e21b\" data-element_type=\"widget\" data-widget_type=\"image.default\">\n\t\t\t\t<div class=\"elementor-widget-container\">\n\t\t\t\t\t\t\t\t\t\t\t\t\t\t\t\t<a href=\"https:\/\/www.cong-pratt.com\/fr\/corto-maltese-a-lyon\/\">\n\t\t\t\t\t\t\t<img decoding=\"async\" width=\"800\" height=\"450\" src=\"https:\/\/www.cong-pratt.com\/wp-content\/uploads\/2025\/01\/Corto_LIone_Affiche-1024x576.jpg\" class=\"attachment-large size-large wp-image-30961\" alt=\"Corto Maltese Lione\" srcset=\"https:\/\/www.cong-pratt.com\/wp-content\/uploads\/2025\/01\/Corto_LIone_Affiche-1024x576.jpg 1024w, https:\/\/www.cong-pratt.com\/wp-content\/uploads\/2025\/01\/Corto_LIone_Affiche-300x169.jpg 300w, https:\/\/www.cong-pratt.com\/wp-content\/uploads\/2025\/01\/Corto_LIone_Affiche-768x432.jpg 768w, https:\/\/www.cong-pratt.com\/wp-content\/uploads\/2025\/01\/Corto_LIone_Affiche-1536x864.jpg 1536w, https:\/\/www.cong-pratt.com\/wp-content\/uploads\/2025\/01\/Corto_LIone_Affiche-600x338.jpg 600w, https:\/\/www.cong-pratt.com\/wp-content\/uploads\/2025\/01\/Corto_LIone_Affiche.jpg 1920w\" sizes=\"(max-width: 800px) 100vw, 800px\" \/>\t\t\t\t\t\t\t\t<\/a>\n\t\t\t\t\t\t\t\t\t\t\t\t\t\t\t<\/div>\n\t\t\t\t<\/div>\n\t\t\t\t<div class=\"elementor-element elementor-element-ef43eb2 elementor-widget elementor-widget-spacer\" data-id=\"ef43eb2\" data-element_type=\"widget\" data-widget_type=\"spacer.default\">\n\t\t\t\t<div class=\"elementor-widget-container\">\n\t\t\t\t\t\t\t<div class=\"elementor-spacer\">\n\t\t\t<div class=\"elementor-spacer-inner\"><\/div>\n\t\t<\/div>\n\t\t\t\t\t\t<\/div>\n\t\t\t\t<\/div>\n\t\t\t\t\t<\/div>\n\t\t<\/div>\n\t\t\t\t<div class=\"elementor-column elementor-col-50 elementor-top-column elementor-element elementor-element-e8a8278\" data-id=\"e8a8278\" data-element_type=\"column\">\n\t\t\t<div class=\"elementor-widget-wrap elementor-element-populated\">\n\t\t\t\t\t\t<div class=\"elementor-element elementor-element-6ab98d8 elementor-widget elementor-widget-image\" data-id=\"6ab98d8\" data-element_type=\"widget\" data-widget_type=\"image.default\">\n\t\t\t\t<div class=\"elementor-widget-container\">\n\t\t\t\t\t\t\t\t\t\t\t\t\t\t\t\t<a href=\"https:\/\/www.cong-pratt.com\/fr\/hugo-pratt-revient-en-suisse-rendez-vous-a-geneve-avec-corto-maltese\/\">\n\t\t\t\t\t\t\t<img loading=\"lazy\" decoding=\"async\" width=\"800\" height=\"450\" src=\"https:\/\/www.cong-pratt.com\/wp-content\/uploads\/2025\/02\/Corto-a-Ginevra-1024x576.jpg\" class=\"attachment-large size-large wp-image-31323\" alt=\"\" srcset=\"https:\/\/www.cong-pratt.com\/wp-content\/uploads\/2025\/02\/Corto-a-Ginevra-1024x576.jpg 1024w, https:\/\/www.cong-pratt.com\/wp-content\/uploads\/2025\/02\/Corto-a-Ginevra-300x169.jpg 300w, https:\/\/www.cong-pratt.com\/wp-content\/uploads\/2025\/02\/Corto-a-Ginevra-768x432.jpg 768w, https:\/\/www.cong-pratt.com\/wp-content\/uploads\/2025\/02\/Corto-a-Ginevra-1536x864.jpg 1536w, https:\/\/www.cong-pratt.com\/wp-content\/uploads\/2025\/02\/Corto-a-Ginevra-600x338.jpg 600w, https:\/\/www.cong-pratt.com\/wp-content\/uploads\/2025\/02\/Corto-a-Ginevra.jpg 1920w\" sizes=\"(max-width: 800px) 100vw, 800px\" \/>\t\t\t\t\t\t\t\t<\/a>\n\t\t\t\t\t\t\t\t\t\t\t\t\t\t\t<\/div>\n\t\t\t\t<\/div>\n\t\t\t\t<div class=\"elementor-element elementor-element-c2d6fa6 elementor-widget elementor-widget-spacer\" data-id=\"c2d6fa6\" data-element_type=\"widget\" data-widget_type=\"spacer.default\">\n\t\t\t\t<div class=\"elementor-widget-container\">\n\t\t\t\t\t\t\t<div class=\"elementor-spacer\">\n\t\t\t<div class=\"elementor-spacer-inner\"><\/div>\n\t\t<\/div>\n\t\t\t\t\t\t<\/div>\n\t\t\t\t<\/div>\n\t\t\t\t<div class=\"elementor-element elementor-element-e66b762 elementor-widget elementor-widget-image\" data-id=\"e66b762\" data-element_type=\"widget\" data-widget_type=\"image.default\">\n\t\t\t\t<div class=\"elementor-widget-container\">\n\t\t\t\t\t\t\t\t\t\t\t\t\t\t\t\t<a href=\"https:\/\/www.cong-pratt.com\/fr\/hugo-pratt-et-corto-maltese-se-rendent-a-athene\/\">\n\t\t\t\t\t\t\t<img loading=\"lazy\" decoding=\"async\" width=\"800\" height=\"450\" src=\"https:\/\/www.cong-pratt.com\/wp-content\/uploads\/2024\/05\/Cover_HP_Atene-1024x576.jpg\" class=\"attachment-large size-large wp-image-28037\" alt=\"Corto Maltese Atene\" srcset=\"https:\/\/www.cong-pratt.com\/wp-content\/uploads\/2024\/05\/Cover_HP_Atene-1024x576.jpg 1024w, https:\/\/www.cong-pratt.com\/wp-content\/uploads\/2024\/05\/Cover_HP_Atene-300x169.jpg 300w, https:\/\/www.cong-pratt.com\/wp-content\/uploads\/2024\/05\/Cover_HP_Atene-768x432.jpg 768w, https:\/\/www.cong-pratt.com\/wp-content\/uploads\/2024\/05\/Cover_HP_Atene-1536x864.jpg 1536w, https:\/\/www.cong-pratt.com\/wp-content\/uploads\/2024\/05\/Cover_HP_Atene-600x338.jpg 600w, https:\/\/www.cong-pratt.com\/wp-content\/uploads\/2024\/05\/Cover_HP_Atene.jpg 1920w\" sizes=\"(max-width: 800px) 100vw, 800px\" \/>\t\t\t\t\t\t\t\t<\/a>\n\t\t\t\t\t\t\t\t\t\t\t\t\t\t\t<\/div>\n\t\t\t\t<\/div>\n\t\t\t\t<div class=\"elementor-element elementor-element-ed27d59 elementor-widget elementor-widget-spacer\" data-id=\"ed27d59\" data-element_type=\"widget\" data-widget_type=\"spacer.default\">\n\t\t\t\t<div class=\"elementor-widget-container\">\n\t\t\t\t\t\t\t<div class=\"elementor-spacer\">\n\t\t\t<div class=\"elementor-spacer-inner\"><\/div>\n\t\t<\/div>\n\t\t\t\t\t\t<\/div>\n\t\t\t\t<\/div>\n\t\t\t\t\t<\/div>\n\t\t<\/div>\n\t\t\t\t\t<\/div>\n\t\t<\/section>\n\t\t\t\t<section class=\"elementor-section elementor-top-section elementor-element elementor-element-6d24e25 elementor-section-boxed elementor-section-height-default elementor-section-height-default\" data-id=\"6d24e25\" data-element_type=\"section\">\n\t\t\t\t\t\t<div class=\"elementor-container elementor-column-gap-default\">\n\t\t\t\t\t<div class=\"elementor-column elementor-col-50 elementor-top-column elementor-element elementor-element-9c17641\" data-id=\"9c17641\" data-element_type=\"column\">\n\t\t\t<div class=\"elementor-widget-wrap elementor-element-populated\">\n\t\t\t\t\t\t<div class=\"elementor-element elementor-element-1997b7d elementor-widget elementor-widget-image\" data-id=\"1997b7d\" data-element_type=\"widget\" data-widget_type=\"image.default\">\n\t\t\t\t<div class=\"elementor-widget-container\">\n\t\t\t\t\t\t\t\t\t\t\t\t\t\t\t\t<a href=\"https:\/\/www.cong-pratt.com\/fr\/automne-avec-corto-en-grece\/\">\n\t\t\t\t\t\t\t<img loading=\"lazy\" decoding=\"async\" width=\"800\" height=\"450\" src=\"https:\/\/www.cong-pratt.com\/wp-content\/uploads\/2024\/09\/Fr_autunnogrecia-1024x576.jpg\" class=\"attachment-large size-large wp-image-28790\" alt=\"\" srcset=\"https:\/\/www.cong-pratt.com\/wp-content\/uploads\/2024\/09\/Fr_autunnogrecia-1024x576.jpg 1024w, https:\/\/www.cong-pratt.com\/wp-content\/uploads\/2024\/09\/Fr_autunnogrecia-300x169.jpg 300w, https:\/\/www.cong-pratt.com\/wp-content\/uploads\/2024\/09\/Fr_autunnogrecia-768x432.jpg 768w, https:\/\/www.cong-pratt.com\/wp-content\/uploads\/2024\/09\/Fr_autunnogrecia-1536x864.jpg 1536w, https:\/\/www.cong-pratt.com\/wp-content\/uploads\/2024\/09\/Fr_autunnogrecia-600x338.jpg 600w, https:\/\/www.cong-pratt.com\/wp-content\/uploads\/2024\/09\/Fr_autunnogrecia.jpg 1920w\" sizes=\"(max-width: 800px) 100vw, 800px\" \/>\t\t\t\t\t\t\t\t<\/a>\n\t\t\t\t\t\t\t\t\t\t\t\t\t\t\t<\/div>\n\t\t\t\t<\/div>\n\t\t\t\t<div class=\"elementor-element elementor-element-7241da6 elementor-widget elementor-widget-spacer\" data-id=\"7241da6\" data-element_type=\"widget\" data-widget_type=\"spacer.default\">\n\t\t\t\t<div class=\"elementor-widget-container\">\n\t\t\t\t\t\t\t<div class=\"elementor-spacer\">\n\t\t\t<div class=\"elementor-spacer-inner\"><\/div>\n\t\t<\/div>\n\t\t\t\t\t\t<\/div>\n\t\t\t\t<\/div>\n\t\t\t\t\t<\/div>\n\t\t<\/div>\n\t\t\t\t<div class=\"elementor-column elementor-col-50 elementor-top-column elementor-element elementor-element-77491fe\" data-id=\"77491fe\" data-element_type=\"column\">\n\t\t\t<div class=\"elementor-widget-wrap elementor-element-populated\">\n\t\t\t\t\t\t<div class=\"elementor-element elementor-element-18d3aae elementor-widget elementor-widget-image\" data-id=\"18d3aae\" data-element_type=\"widget\" data-widget_type=\"image.default\">\n\t\t\t\t<div class=\"elementor-widget-container\">\n\t\t\t\t\t\t\t\t\t\t\t\t\t\t\t\t<a href=\"https:\/\/www.cong-pratt.com\/fr\/corto-maltese-au-festival-international-de-bande-dessinee-de-lyon\/\">\n\t\t\t\t\t\t\t<img loading=\"lazy\" decoding=\"async\" width=\"800\" height=\"450\" src=\"https:\/\/www.cong-pratt.com\/wp-content\/uploads\/2024\/05\/Cover_Lione2-1024x576.jpg\" class=\"attachment-large size-large wp-image-28198\" alt=\"Corto Maltrese Lione\" srcset=\"https:\/\/www.cong-pratt.com\/wp-content\/uploads\/2024\/05\/Cover_Lione2-1024x576.jpg 1024w, https:\/\/www.cong-pratt.com\/wp-content\/uploads\/2024\/05\/Cover_Lione2-300x169.jpg 300w, https:\/\/www.cong-pratt.com\/wp-content\/uploads\/2024\/05\/Cover_Lione2-768x432.jpg 768w, https:\/\/www.cong-pratt.com\/wp-content\/uploads\/2024\/05\/Cover_Lione2-1536x864.jpg 1536w, https:\/\/www.cong-pratt.com\/wp-content\/uploads\/2024\/05\/Cover_Lione2-600x338.jpg 600w, https:\/\/www.cong-pratt.com\/wp-content\/uploads\/2024\/05\/Cover_Lione2.jpg 1920w\" sizes=\"(max-width: 800px) 100vw, 800px\" \/>\t\t\t\t\t\t\t\t<\/a>\n\t\t\t\t\t\t\t\t\t\t\t\t\t\t\t<\/div>\n\t\t\t\t<\/div>\n\t\t\t\t<div class=\"elementor-element elementor-element-a00f4c8 elementor-widget elementor-widget-spacer\" data-id=\"a00f4c8\" data-element_type=\"widget\" data-widget_type=\"spacer.default\">\n\t\t\t\t<div class=\"elementor-widget-container\">\n\t\t\t\t\t\t\t<div class=\"elementor-spacer\">\n\t\t\t<div class=\"elementor-spacer-inner\"><\/div>\n\t\t<\/div>\n\t\t\t\t\t\t<\/div>\n\t\t\t\t<\/div>\n\t\t\t\t\t<\/div>\n\t\t<\/div>\n\t\t\t\t\t<\/div>\n\t\t<\/section>\n\t\t\t\t<section class=\"elementor-section elementor-top-section elementor-element elementor-element-e874f0b elementor-section-boxed elementor-section-height-default elementor-section-height-default\" data-id=\"e874f0b\" data-element_type=\"section\">\n\t\t\t\t\t\t<div class=\"elementor-container elementor-column-gap-default\">\n\t\t\t\t\t<div class=\"elementor-column elementor-col-50 elementor-top-column elementor-element elementor-element-58e9c14\" data-id=\"58e9c14\" data-element_type=\"column\">\n\t\t\t<div class=\"elementor-widget-wrap elementor-element-populated\">\n\t\t\t\t\t\t<div class=\"elementor-element elementor-element-bdf2521 elementor-widget elementor-widget-image\" data-id=\"bdf2521\" data-element_type=\"widget\" data-widget_type=\"image.default\">\n\t\t\t\t<div class=\"elementor-widget-container\">\n\t\t\t\t\t\t\t\t\t\t\t\t\t\t\t\t<a href=\"https:\/\/www.cong-pratt.com\/fr\/troisieme-etape-des-expositions-itinerantes-consacrees-a-hugo-pratt-et-promues-par-le-ministere-italien-des-affaires-etrangeres-le-18-janvier-a-lieu-linauguration-a-oslo\/\">\n\t\t\t\t\t\t\t<img loading=\"lazy\" decoding=\"async\" width=\"800\" height=\"453\" src=\"https:\/\/www.cong-pratt.com\/wp-content\/uploads\/2024\/01\/Manifesto-Oslo_unavventuraperCorto-1024x580.jpg\" class=\"attachment-large size-large wp-image-27344\" alt=\"Hugo Pratt Oslo\" srcset=\"https:\/\/www.cong-pratt.com\/wp-content\/uploads\/2024\/01\/Manifesto-Oslo_unavventuraperCorto-1024x580.jpg 1024w, https:\/\/www.cong-pratt.com\/wp-content\/uploads\/2024\/01\/Manifesto-Oslo_unavventuraperCorto-300x170.jpg 300w, https:\/\/www.cong-pratt.com\/wp-content\/uploads\/2024\/01\/Manifesto-Oslo_unavventuraperCorto-768x435.jpg 768w, https:\/\/www.cong-pratt.com\/wp-content\/uploads\/2024\/01\/Manifesto-Oslo_unavventuraperCorto-600x340.jpg 600w, https:\/\/www.cong-pratt.com\/wp-content\/uploads\/2024\/01\/Manifesto-Oslo_unavventuraperCorto.jpg 1200w\" sizes=\"(max-width: 800px) 100vw, 800px\" \/>\t\t\t\t\t\t\t\t<\/a>\n\t\t\t\t\t\t\t\t\t\t\t\t\t\t\t<\/div>\n\t\t\t\t<\/div>\n\t\t\t\t<div class=\"elementor-element elementor-element-1ff3c7f elementor-widget elementor-widget-spacer\" data-id=\"1ff3c7f\" data-element_type=\"widget\" data-widget_type=\"spacer.default\">\n\t\t\t\t<div class=\"elementor-widget-container\">\n\t\t\t\t\t\t\t<div class=\"elementor-spacer\">\n\t\t\t<div class=\"elementor-spacer-inner\"><\/div>\n\t\t<\/div>\n\t\t\t\t\t\t<\/div>\n\t\t\t\t<\/div>\n\t\t\t\t\t<\/div>\n\t\t<\/div>\n\t\t\t\t<div class=\"elementor-column elementor-col-50 elementor-top-column elementor-element elementor-element-74009ba\" data-id=\"74009ba\" data-element_type=\"column\">\n\t\t\t<div class=\"elementor-widget-wrap elementor-element-populated\">\n\t\t\t\t\t\t<div class=\"elementor-element elementor-element-07c52cd elementor-widget elementor-widget-image\" data-id=\"07c52cd\" data-element_type=\"widget\" data-widget_type=\"image.default\">\n\t\t\t\t<div class=\"elementor-widget-container\">\n\t\t\t\t\t\t\t\t\t\t\t\t\t\t\t\t<a href=\"https:\/\/www.cong-pratt.com\/fr\/hugo-pratt-lexposition-au-canada\/\">\n\t\t\t\t\t\t\t<img loading=\"lazy\" decoding=\"async\" width=\"800\" height=\"450\" src=\"https:\/\/www.cong-pratt.com\/wp-content\/uploads\/2024\/03\/quebec-ciy-1024x576.jpg\" class=\"attachment-large size-large wp-image-27559\" alt=\"Hugo Pratt Canada\" srcset=\"https:\/\/www.cong-pratt.com\/wp-content\/uploads\/2024\/03\/quebec-ciy-1024x576.jpg 1024w, https:\/\/www.cong-pratt.com\/wp-content\/uploads\/2024\/03\/quebec-ciy-300x169.jpg 300w, https:\/\/www.cong-pratt.com\/wp-content\/uploads\/2024\/03\/quebec-ciy-768x432.jpg 768w, https:\/\/www.cong-pratt.com\/wp-content\/uploads\/2024\/03\/quebec-ciy-1536x864.jpg 1536w, https:\/\/www.cong-pratt.com\/wp-content\/uploads\/2024\/03\/quebec-ciy-600x338.jpg 600w, https:\/\/www.cong-pratt.com\/wp-content\/uploads\/2024\/03\/quebec-ciy.jpg 1920w\" sizes=\"(max-width: 800px) 100vw, 800px\" \/>\t\t\t\t\t\t\t\t<\/a>\n\t\t\t\t\t\t\t\t\t\t\t\t\t\t\t<\/div>\n\t\t\t\t<\/div>\n\t\t\t\t<div class=\"elementor-element elementor-element-0e6594f elementor-widget elementor-widget-spacer\" data-id=\"0e6594f\" data-element_type=\"widget\" data-widget_type=\"spacer.default\">\n\t\t\t\t<div class=\"elementor-widget-container\">\n\t\t\t\t\t\t\t<div class=\"elementor-spacer\">\n\t\t\t<div class=\"elementor-spacer-inner\"><\/div>\n\t\t<\/div>\n\t\t\t\t\t\t<\/div>\n\t\t\t\t<\/div>\n\t\t\t\t\t<\/div>\n\t\t<\/div>\n\t\t\t\t\t<\/div>\n\t\t<\/section>\n\t\t\t\t<\/div>\n\t\t","protected":false},"excerpt":{"rendered":"<p>\u00ab Hugo Pratt, l\u2019h\u00e9ritage, l\u2019\u0153uvre, la biographie \u00bb, du 28 avril au 2 mai 2025, exposition \u00e0 Amman, Jordanie. Hugo Pratt est expos\u00e9 en Jordanie avec la Dante Alighieri Society \u00e0 l&rsquo;occasion de \u00ab Comics Beyond Borders \u00bb, 5\u00e8me \u00e9dition de la Comics Week \u00e0 Amman La tourn\u00e9e 2025 des expositions Hugo Pratt se poursuit, [&hellip;]<\/p>\n","protected":false},"author":2,"featured_media":31777,"comment_status":"closed","ping_status":"open","sticky":false,"template":"elementor_theme","format":"standard","meta":{"footnotes":""},"categories":[461],"tags":[688,919,816],"class_list":["post-31774","post","type-post","status-publish","format-standard","has-post-thumbnail","hentry","category-news-fr-2","tag-hugo-pratt-fr","tag-ministero-esteri-fr","tag-mostra-fr"],"_links":{"self":[{"href":"https:\/\/www.cong-pratt.com\/fr\/wp-json\/wp\/v2\/posts\/31774","targetHints":{"allow":["GET"]}}],"collection":[{"href":"https:\/\/www.cong-pratt.com\/fr\/wp-json\/wp\/v2\/posts"}],"about":[{"href":"https:\/\/www.cong-pratt.com\/fr\/wp-json\/wp\/v2\/types\/post"}],"author":[{"embeddable":true,"href":"https:\/\/www.cong-pratt.com\/fr\/wp-json\/wp\/v2\/users\/2"}],"replies":[{"embeddable":true,"href":"https:\/\/www.cong-pratt.com\/fr\/wp-json\/wp\/v2\/comments?post=31774"}],"version-history":[{"count":4,"href":"https:\/\/www.cong-pratt.com\/fr\/wp-json\/wp\/v2\/posts\/31774\/revisions"}],"predecessor-version":[{"id":31800,"href":"https:\/\/www.cong-pratt.com\/fr\/wp-json\/wp\/v2\/posts\/31774\/revisions\/31800"}],"wp:featuredmedia":[{"embeddable":true,"href":"https:\/\/www.cong-pratt.com\/fr\/wp-json\/wp\/v2\/media\/31777"}],"wp:attachment":[{"href":"https:\/\/www.cong-pratt.com\/fr\/wp-json\/wp\/v2\/media?parent=31774"}],"wp:term":[{"taxonomy":"category","embeddable":true,"href":"https:\/\/www.cong-pratt.com\/fr\/wp-json\/wp\/v2\/categories?post=31774"},{"taxonomy":"post_tag","embeddable":true,"href":"https:\/\/www.cong-pratt.com\/fr\/wp-json\/wp\/v2\/tags?post=31774"}],"curies":[{"name":"wp","href":"https:\/\/api.w.org\/{rel}","templated":true}]}}