{"id":32107,"date":"2025-06-13T13:05:36","date_gmt":"2025-06-13T11:05:36","guid":{"rendered":"https:\/\/www.cong-pratt.com\/hugo-pratt-et-corto-maltese-sur-scene-a-livourne-pour-la-premiere-edition-de-la-biennale-de-leau-et-du-mer\/"},"modified":"2025-07-13T16:27:34","modified_gmt":"2025-07-13T14:27:34","slug":"hugo-pratt-et-corto-maltese-sur-scene-a-livourne-pour-la-premiere-edition-de-la-biennale-de-leau-et-du-mer","status":"publish","type":"post","link":"https:\/\/www.cong-pratt.com\/fr\/hugo-pratt-et-corto-maltese-sur-scene-a-livourne-pour-la-premiere-edition-de-la-biennale-de-leau-et-du-mer\/","title":{"rendered":"Hugo Pratt et Corto Maltese sur sc\u00e8ne \u00e0 Livourne pour la premi\u00e8re \u00e9dition de la Biennale de l&rsquo;Eau et du Mer"},"content":{"rendered":"\t\t<div data-elementor-type=\"wp-post\" data-elementor-id=\"32107\" class=\"elementor elementor-32107 elementor-31890\" data-elementor-post-type=\"post\">\n\t\t\t\t\t\t<section class=\"elementor-section elementor-top-section elementor-element elementor-element-7e970d37 elementor-section-boxed elementor-section-height-default elementor-section-height-default\" data-id=\"7e970d37\" data-element_type=\"section\">\n\t\t\t\t\t\t<div class=\"elementor-container elementor-column-gap-default\">\n\t\t\t\t\t<div class=\"elementor-column elementor-col-100 elementor-top-column elementor-element elementor-element-4a7f11fc\" data-id=\"4a7f11fc\" data-element_type=\"column\">\n\t\t\t<div class=\"elementor-widget-wrap elementor-element-populated\">\n\t\t\t\t\t\t<div class=\"elementor-element elementor-element-50f99475 elementor-widget elementor-widget-text-editor\" data-id=\"50f99475\" data-element_type=\"widget\" data-widget_type=\"text-editor.default\">\n\t\t\t\t<div class=\"elementor-widget-container\">\n\t\t\t\t\t\t\t\t\t<h1>Livourne rend hommage \u00e0 l&rsquo;art d&rsquo;Hugo Pratt, avec une exposition consacr\u00e9e \u00e0 Corto maltese \u00e0 l&rsquo;occasion de la premi\u00e8re \u00e9dition de la Biennale de la Mer et de l&rsquo;Eau &#8211; du 14 au 22 mai, entr\u00e9e libre<\/h1>\n\t\t\t\t\t\t\t\t<\/div>\n\t\t\t\t<\/div>\n\t\t\t\t<div class=\"elementor-element elementor-element-01d9522 elementor-widget-divider--view-line elementor-widget elementor-widget-divider\" data-id=\"01d9522\" data-element_type=\"widget\" data-widget_type=\"divider.default\">\n\t\t\t\t<div class=\"elementor-widget-container\">\n\t\t\t\t\t\t\t<div class=\"elementor-divider\">\n\t\t\t<span class=\"elementor-divider-separator\">\n\t\t\t\t\t\t<\/span>\n\t\t<\/div>\n\t\t\t\t\t\t<\/div>\n\t\t\t\t<\/div>\n\t\t\t\t<div class=\"elementor-element elementor-element-550e719 elementor-widget elementor-widget-spacer\" data-id=\"550e719\" data-element_type=\"widget\" data-widget_type=\"spacer.default\">\n\t\t\t\t<div class=\"elementor-widget-container\">\n\t\t\t\t\t\t\t<div class=\"elementor-spacer\">\n\t\t\t<div class=\"elementor-spacer-inner\"><\/div>\n\t\t<\/div>\n\t\t\t\t\t\t<\/div>\n\t\t\t\t<\/div>\n\t\t\t\t\t<\/div>\n\t\t<\/div>\n\t\t\t\t\t<\/div>\n\t\t<\/section>\n\t\t\t\t<section class=\"elementor-section elementor-top-section elementor-element elementor-element-a3cd859 elementor-section-boxed elementor-section-height-default elementor-section-height-default\" data-id=\"a3cd859\" data-element_type=\"section\">\n\t\t\t\t\t\t<div class=\"elementor-container elementor-column-gap-default\">\n\t\t\t\t\t<div class=\"elementor-column elementor-col-33 elementor-top-column elementor-element elementor-element-b8c8236\" data-id=\"b8c8236\" data-element_type=\"column\">\n\t\t\t<div class=\"elementor-widget-wrap elementor-element-populated\">\n\t\t\t\t\t\t<div class=\"elementor-element elementor-element-6428eab elementor-widget elementor-widget-image\" data-id=\"6428eab\" data-element_type=\"widget\" data-widget_type=\"image.default\">\n\t\t\t\t<div class=\"elementor-widget-container\">\n\t\t\t\t\t\t\t\t\t\t\t\t\t\t\t\t<a href=\"https:\/\/www.cong-pratt.com\/fr\/libro\/les-lieux-de-laventure\/\" target=\"_blank\">\n\t\t\t\t\t\t\t<img fetchpriority=\"high\" decoding=\"async\" width=\"723\" height=\"1024\" src=\"https:\/\/www.cong-pratt.com\/wp-content\/uploads\/2025\/05\/Affiche-Livorno-2025-723x1024.jpg\" class=\"attachment-large size-large wp-image-31898\" alt=\"\" srcset=\"https:\/\/www.cong-pratt.com\/wp-content\/uploads\/2025\/05\/Affiche-Livorno-2025-723x1024.jpg 723w, https:\/\/www.cong-pratt.com\/wp-content\/uploads\/2025\/05\/Affiche-Livorno-2025-212x300.jpg 212w, https:\/\/www.cong-pratt.com\/wp-content\/uploads\/2025\/05\/Affiche-Livorno-2025-600x849.jpg 600w, https:\/\/www.cong-pratt.com\/wp-content\/uploads\/2025\/05\/Affiche-Livorno-2025.jpg 763w\" sizes=\"(max-width: 723px) 100vw, 723px\" \/>\t\t\t\t\t\t\t\t<\/a>\n\t\t\t\t\t\t\t\t\t\t\t\t\t\t\t<\/div>\n\t\t\t\t<\/div>\n\t\t\t\t<div class=\"elementor-element elementor-element-254095e elementor-widget elementor-widget-text-editor\" data-id=\"254095e\" data-element_type=\"widget\" data-widget_type=\"text-editor.default\">\n\t\t\t\t<div class=\"elementor-widget-container\">\n\t\t\t\t\t\t\t\t\t<h6><span style=\"color: #008080;\">COUR MALTAISE, SUR LES ROUTES DE L&rsquo;AVENTURE<\/span><br \/>\n<span style=\"color: #008080;\">O\u00f9 : Granai di Villa Mimbelli, Livourne<\/span><br \/>\n<span style=\"color: #008080;\">Quand : du 14 au 22 mai 2025<\/span><br \/>\n<span style=\"color: #008080;\">Heures : entr\u00e9e libre, tous les jours de 10 \u00e0 20 heures.<\/span><\/h6>\n\t\t\t\t\t\t\t\t<\/div>\n\t\t\t\t<\/div>\n\t\t\t\t\t<\/div>\n\t\t<\/div>\n\t\t\t\t<div class=\"elementor-column elementor-col-66 elementor-top-column elementor-element elementor-element-1b71a06\" data-id=\"1b71a06\" data-element_type=\"column\">\n\t\t\t<div class=\"elementor-widget-wrap elementor-element-populated\">\n\t\t\t\t\t\t<div class=\"elementor-element elementor-element-044c843 elementor-widget elementor-widget-spacer\" data-id=\"044c843\" data-element_type=\"widget\" data-widget_type=\"spacer.default\">\n\t\t\t\t<div class=\"elementor-widget-container\">\n\t\t\t\t\t\t\t<div class=\"elementor-spacer\">\n\t\t\t<div class=\"elementor-spacer-inner\"><\/div>\n\t\t<\/div>\n\t\t\t\t\t\t<\/div>\n\t\t\t\t<\/div>\n\t\t\t\t<div class=\"elementor-element elementor-element-ada8ce2 elementor-widget elementor-widget-text-editor\" data-id=\"ada8ce2\" data-element_type=\"widget\" data-widget_type=\"text-editor.default\">\n\t\t\t\t<div class=\"elementor-widget-container\">\n\t\t\t\t\t\t\t\t\t<h3>\u00ab Corto Maltese, sur les routes de l&rsquo;aventure \u00bb est l&rsquo;exposition d&rsquo;originaux et de grandes reproductions qui a \u00e9t\u00e9 cr\u00e9\u00e9e comme un prolongement artistique de la grande exposition monographique <a href=\"https:\/\/www.cong-pratt.com\/fr\/hugo-pratt-a-sienne-lexposition-monographique-geographies-imaginaires-au-palazzo-delle-papesse-a-partir-davril-2025\/\">\u00ab Hugo Pratt, g\u00e9ographies imaginaires \u00bb<\/a>, \u00e0 Sienne jusqu&rsquo;au 19 octobre 2025.<\/h3>\n\t\t\t\t\t\t\t\t<\/div>\n\t\t\t\t<\/div>\n\t\t\t\t<div class=\"elementor-element elementor-element-0284684 elementor-widget elementor-widget-text-editor\" data-id=\"0284684\" data-element_type=\"widget\" data-widget_type=\"text-editor.default\">\n\t\t\t\t<div class=\"elementor-widget-container\">\n\t\t\t\t\t\t\t\t\t<p><em>Entre musique, peinture et canaux, l&rsquo;esprit marin de Pratt rencontre la ville de la mer<\/em><\/p>\n<p>Que Corto Maltese ouvre la Biennale dell&rsquo;Acqua e del Mare n&rsquo;est pas un choix al\u00e9atoire. C&rsquo;est un signal pr\u00e9cis : pour parler de l&rsquo;avenir des oc\u00e9ans, il faut quelqu&rsquo;un qui les a tous travers\u00e9s &#8211; en silence, avec le vent dans le visage, en choisissant des routes peu fr\u00e9quent\u00e9es.<\/p>\n<p>Corto Maltese n&rsquo;est jamais all\u00e9 \u00e0 Livourne, du moins pas dans ses r\u00e9cits dessin\u00e9s. Pourtant, il y a quelque chose dans cette ville qui lui ressemble. Peut-\u00eatre \u00e0 cause des canaux de Venezia Nuova, qui rappellent ceux d&rsquo;une certaine lagune d&rsquo;enfance. Ou \u00e0 cause de l&rsquo;air sal\u00e9 qui sent les d\u00e9parts, comme \u00e0 Paramaribo, Escondida ou sous le ciel bas de Guyane.<\/p>\n<p>Dans les greniers de la Villa Mimbelli &#8211; \u00e0 quelques pas du mus\u00e9e qui abrite les \u0153uvres de Giovanni Fattori, le ma\u00eetre des Macchiaioli &#8211; l&rsquo;exposition \u00ab Sur les routes de l&rsquo;aventure \u00bb, organis\u00e9e par Patrizia Zanotti, prend vie. Un voyage dans le monde errant de Corto, entre cartes imaginaires et atterrissages r\u00e9els, r\u00eaves en noir et blanc et temp\u00eates color\u00e9es. Un hommage au marin romantique, \u00e0 son esprit libre et aux routes qui unissent les ports du monde comme autant de points \u00e9pars sur une grande carte.<\/p>\n\t\t\t\t\t\t\t\t<\/div>\n\t\t\t\t<\/div>\n\t\t\t\t<div class=\"elementor-element elementor-element-b7e42d8 elementor-widget elementor-widget-spacer\" data-id=\"b7e42d8\" data-element_type=\"widget\" data-widget_type=\"spacer.default\">\n\t\t\t\t<div class=\"elementor-widget-container\">\n\t\t\t\t\t\t\t<div class=\"elementor-spacer\">\n\t\t\t<div class=\"elementor-spacer-inner\"><\/div>\n\t\t<\/div>\n\t\t\t\t\t\t<\/div>\n\t\t\t\t<\/div>\n\t\t\t\t\t<\/div>\n\t\t<\/div>\n\t\t\t\t\t<\/div>\n\t\t<\/section>\n\t\t\t\t<section class=\"elementor-section elementor-top-section elementor-element elementor-element-d86f7e8 elementor-section-boxed elementor-section-height-default elementor-section-height-default\" data-id=\"d86f7e8\" data-element_type=\"section\">\n\t\t\t\t\t\t<div class=\"elementor-container elementor-column-gap-default\">\n\t\t\t\t\t<div class=\"elementor-column elementor-col-100 elementor-top-column elementor-element elementor-element-8f72693\" data-id=\"8f72693\" data-element_type=\"column\">\n\t\t\t<div class=\"elementor-widget-wrap elementor-element-populated\">\n\t\t\t\t\t\t<div class=\"elementor-element elementor-element-13d3593 elementor-widget elementor-widget-image\" data-id=\"13d3593\" data-element_type=\"widget\" data-widget_type=\"image.default\">\n\t\t\t\t<div class=\"elementor-widget-container\">\n\t\t\t\t\t\t\t\t\t\t\t\t\t\t\t<img decoding=\"async\" width=\"800\" height=\"259\" src=\"https:\/\/www.cong-pratt.com\/wp-content\/uploads\/2025\/01\/Ballata_footer-1024x332.png\" class=\"attachment-large size-large wp-image-30244\" alt=\"\" srcset=\"https:\/\/www.cong-pratt.com\/wp-content\/uploads\/2025\/01\/Ballata_footer-1024x332.png 1024w, https:\/\/www.cong-pratt.com\/wp-content\/uploads\/2025\/01\/Ballata_footer-300x97.png 300w, https:\/\/www.cong-pratt.com\/wp-content\/uploads\/2025\/01\/Ballata_footer-768x249.png 768w, https:\/\/www.cong-pratt.com\/wp-content\/uploads\/2025\/01\/Ballata_footer-1536x498.png 1536w, https:\/\/www.cong-pratt.com\/wp-content\/uploads\/2025\/01\/Ballata_footer-600x194.png 600w, https:\/\/www.cong-pratt.com\/wp-content\/uploads\/2025\/01\/Ballata_footer.png 1920w\" sizes=\"(max-width: 800px) 100vw, 800px\" \/>\t\t\t\t\t\t\t\t\t\t\t\t\t\t\t<\/div>\n\t\t\t\t<\/div>\n\t\t\t\t<div class=\"elementor-element elementor-element-8296808 elementor-widget-divider--view-line elementor-widget elementor-widget-divider\" data-id=\"8296808\" data-element_type=\"widget\" data-widget_type=\"divider.default\">\n\t\t\t\t<div class=\"elementor-widget-container\">\n\t\t\t\t\t\t\t<div class=\"elementor-divider\">\n\t\t\t<span class=\"elementor-divider-separator\">\n\t\t\t\t\t\t<\/span>\n\t\t<\/div>\n\t\t\t\t\t\t<\/div>\n\t\t\t\t<\/div>\n\t\t\t\t\t<\/div>\n\t\t<\/div>\n\t\t\t\t\t<\/div>\n\t\t<\/section>\n\t\t\t\t<section class=\"elementor-section elementor-top-section elementor-element elementor-element-3933595 elementor-section-boxed elementor-section-height-default elementor-section-height-default\" data-id=\"3933595\" data-element_type=\"section\">\n\t\t\t\t\t\t<div class=\"elementor-container elementor-column-gap-default\">\n\t\t\t\t\t<div class=\"elementor-column elementor-col-100 elementor-top-column elementor-element elementor-element-a7546db\" data-id=\"a7546db\" data-element_type=\"column\">\n\t\t\t<div class=\"elementor-widget-wrap elementor-element-populated\">\n\t\t\t\t\t\t<div class=\"elementor-element elementor-element-40f2326 elementor-widget elementor-widget-text-editor\" data-id=\"40f2326\" data-element_type=\"widget\" data-widget_type=\"text-editor.default\">\n\t\t\t\t<div class=\"elementor-widget-container\">\n\t\t\t\t\t\t\t\t\t<h2><span style=\"color: #000080;\">Revue de press:<\/span><\/h2>\n\t\t\t\t\t\t\t\t<\/div>\n\t\t\t\t<\/div>\n\t\t\t\t<div class=\"elementor-element elementor-element-cd786e2 elementor-widget elementor-widget-text-editor\" data-id=\"cd786e2\" data-element_type=\"widget\" data-widget_type=\"text-editor.default\">\n\t\t\t\t<div class=\"elementor-widget-container\">\n\t\t\t\t\t\t\t\t\t<p><strong>Il Tirreno<\/strong>. <a href=\"https:\/\/www.iltirreno.it\/livorno\/cronaca\/2025\/02\/10\/news\/hugo-pratt-e-corto-maltese-a-livorno-nei-giorni-della-biennale-del-mare-1.100659271\">Hugo Pratt e Corto Maltese a Livorno nei giorni della Biennale del Mare<\/a><\/p>\n<p><strong>Livorno sera notizie<\/strong>. <a href=\"https:\/\/livornoseranotizie.it\/biennale-del-mare-livorno-celebra-corto-maltese-e-hugo-pratt\/\">Biennale del mare: Livorno celebra Corto Maltese e Hugo Pratt<\/a><\/p>\n\t\t\t\t\t\t\t\t<\/div>\n\t\t\t\t<\/div>\n\t\t\t\t<div class=\"elementor-element elementor-element-b1e0092 elementor-widget-divider--view-line elementor-widget elementor-widget-divider\" data-id=\"b1e0092\" data-element_type=\"widget\" data-widget_type=\"divider.default\">\n\t\t\t\t<div class=\"elementor-widget-container\">\n\t\t\t\t\t\t\t<div class=\"elementor-divider\">\n\t\t\t<span class=\"elementor-divider-separator\">\n\t\t\t\t\t\t<\/span>\n\t\t<\/div>\n\t\t\t\t\t\t<\/div>\n\t\t\t\t<\/div>\n\t\t\t\t<div class=\"elementor-element elementor-element-0a35ba2 elementor-widget elementor-widget-spacer\" data-id=\"0a35ba2\" data-element_type=\"widget\" data-widget_type=\"spacer.default\">\n\t\t\t\t<div class=\"elementor-widget-container\">\n\t\t\t\t\t\t\t<div class=\"elementor-spacer\">\n\t\t\t<div class=\"elementor-spacer-inner\"><\/div>\n\t\t<\/div>\n\t\t\t\t\t\t<\/div>\n\t\t\t\t<\/div>\n\t\t\t\t<div class=\"elementor-element elementor-element-74d3b55 elementor-widget elementor-widget-text-editor\" data-id=\"74d3b55\" data-element_type=\"widget\" data-widget_type=\"text-editor.default\">\n\t\t\t\t<div class=\"elementor-widget-container\">\n\t\t\t\t\t\t\t\t\t<h2><span style=\"color: #000080;\">\u00ab Hugo Pratt, g\u00e9ographies imaginaires \u00bb : l&rsquo;exposition \u00e0 Sienne au Palazzo delle Papesse vous attend jusqu&rsquo;au 19 octobre 2025<\/span><\/h2>\n\t\t\t\t\t\t\t\t<\/div>\n\t\t\t\t<\/div>\n\t\t\t\t\t<\/div>\n\t\t<\/div>\n\t\t\t\t\t<\/div>\n\t\t<\/section>\n\t\t\t\t<section class=\"elementor-section elementor-top-section elementor-element elementor-element-00ebbba elementor-section-boxed elementor-section-height-default elementor-section-height-default\" data-id=\"00ebbba\" data-element_type=\"section\">\n\t\t\t\t\t\t<div class=\"elementor-container elementor-column-gap-default\">\n\t\t\t\t\t<div class=\"elementor-column elementor-col-100 elementor-top-column elementor-element elementor-element-5f588df\" data-id=\"5f588df\" data-element_type=\"column\">\n\t\t\t<div class=\"elementor-widget-wrap elementor-element-populated\">\n\t\t\t\t\t\t<div class=\"elementor-element elementor-element-dddf1b3 elementor-widget elementor-widget-image\" data-id=\"dddf1b3\" data-element_type=\"widget\" data-widget_type=\"image.default\">\n\t\t\t\t<div class=\"elementor-widget-container\">\n\t\t\t\t\t\t\t\t\t\t\t\t\t\t\t<img decoding=\"async\" width=\"800\" height=\"420\" src=\"https:\/\/www.cong-pratt.com\/wp-content\/uploads\/2025\/02\/HUGO-PRATT-1200x630-ld-1024x538.jpg\" class=\"attachment-large size-large wp-image-31405\" alt=\"Hugo Pratt Siena\" srcset=\"https:\/\/www.cong-pratt.com\/wp-content\/uploads\/2025\/02\/HUGO-PRATT-1200x630-ld-1024x538.jpg 1024w, https:\/\/www.cong-pratt.com\/wp-content\/uploads\/2025\/02\/HUGO-PRATT-1200x630-ld-300x158.jpg 300w, https:\/\/www.cong-pratt.com\/wp-content\/uploads\/2025\/02\/HUGO-PRATT-1200x630-ld-768x403.jpg 768w, https:\/\/www.cong-pratt.com\/wp-content\/uploads\/2025\/02\/HUGO-PRATT-1200x630-ld-1536x806.jpg 1536w, https:\/\/www.cong-pratt.com\/wp-content\/uploads\/2025\/02\/HUGO-PRATT-1200x630-ld-600x315.jpg 600w, https:\/\/www.cong-pratt.com\/wp-content\/uploads\/2025\/02\/HUGO-PRATT-1200x630-ld.jpg 1920w\" sizes=\"(max-width: 800px) 100vw, 800px\" \/>\t\t\t\t\t\t\t\t\t\t\t\t\t\t\t<\/div>\n\t\t\t\t<\/div>\n\t\t\t\t<div class=\"elementor-element elementor-element-632a7f7 elementor-widget elementor-widget-spacer\" data-id=\"632a7f7\" data-element_type=\"widget\" data-widget_type=\"spacer.default\">\n\t\t\t\t<div class=\"elementor-widget-container\">\n\t\t\t\t\t\t\t<div class=\"elementor-spacer\">\n\t\t\t<div class=\"elementor-spacer-inner\"><\/div>\n\t\t<\/div>\n\t\t\t\t\t\t<\/div>\n\t\t\t\t<\/div>\n\t\t\t\t<div class=\"elementor-element elementor-element-6664e92 elementor-button-info elementor-align-center elementor-widget elementor-widget-button\" data-id=\"6664e92\" data-element_type=\"widget\" data-widget_type=\"button.default\">\n\t\t\t\t<div class=\"elementor-widget-container\">\n\t\t\t\t\t\t\t\t\t<div class=\"elementor-button-wrapper\">\n\t\t\t\t\t<a class=\"elementor-button elementor-button-link elementor-size-sm\" href=\"https:\/\/www.cong-pratt.com\/fr\/hugo-pratt-a-sienne-lexposition-monographique-geographies-imaginaires-au-palazzo-delle-papesse-a-partir-davril-2025\/\" target=\"_blank\">\n\t\t\t\t\t\t<span class=\"elementor-button-content-wrapper\">\n\t\t\t\t\t\t\t\t\t<span class=\"elementor-button-text\">APPROFONDISCI<\/span>\n\t\t\t\t\t<\/span>\n\t\t\t\t\t<\/a>\n\t\t\t\t<\/div>\n\t\t\t\t\t\t\t\t<\/div>\n\t\t\t\t<\/div>\n\t\t\t\t\t<\/div>\n\t\t<\/div>\n\t\t\t\t\t<\/div>\n\t\t<\/section>\n\t\t\t\t<\/div>\n\t\t","protected":false},"excerpt":{"rendered":"<p>Livourne rend hommage \u00e0 l&rsquo;art d&rsquo;Hugo Pratt, avec une exposition consacr\u00e9e \u00e0 Corto maltese \u00e0 l&rsquo;occasion de la premi\u00e8re \u00e9dition de la Biennale de la Mer et de l&rsquo;Eau &#8211; du 14 au 22 mai, entr\u00e9e libre COUR MALTAISE, SUR LES ROUTES DE L&rsquo;AVENTURE O\u00f9 : Granai di Villa Mimbelli, Livourne Quand : du 14 [&hellip;]<\/p>\n","protected":false},"author":2,"featured_media":31893,"comment_status":"closed","ping_status":"open","sticky":false,"template":"elementor_theme","format":"standard","meta":{"footnotes":""},"categories":[461],"tags":[463,688],"class_list":["post-32107","post","type-post","status-publish","format-standard","has-post-thumbnail","hentry","category-news-fr-2","tag-corto-maltese-fr-2","tag-hugo-pratt-fr"],"_links":{"self":[{"href":"https:\/\/www.cong-pratt.com\/fr\/wp-json\/wp\/v2\/posts\/32107","targetHints":{"allow":["GET"]}}],"collection":[{"href":"https:\/\/www.cong-pratt.com\/fr\/wp-json\/wp\/v2\/posts"}],"about":[{"href":"https:\/\/www.cong-pratt.com\/fr\/wp-json\/wp\/v2\/types\/post"}],"author":[{"embeddable":true,"href":"https:\/\/www.cong-pratt.com\/fr\/wp-json\/wp\/v2\/users\/2"}],"replies":[{"embeddable":true,"href":"https:\/\/www.cong-pratt.com\/fr\/wp-json\/wp\/v2\/comments?post=32107"}],"version-history":[{"count":2,"href":"https:\/\/www.cong-pratt.com\/fr\/wp-json\/wp\/v2\/posts\/32107\/revisions"}],"predecessor-version":[{"id":32127,"href":"https:\/\/www.cong-pratt.com\/fr\/wp-json\/wp\/v2\/posts\/32107\/revisions\/32127"}],"wp:featuredmedia":[{"embeddable":true,"href":"https:\/\/www.cong-pratt.com\/fr\/wp-json\/wp\/v2\/media\/31893"}],"wp:attachment":[{"href":"https:\/\/www.cong-pratt.com\/fr\/wp-json\/wp\/v2\/media?parent=32107"}],"wp:term":[{"taxonomy":"category","embeddable":true,"href":"https:\/\/www.cong-pratt.com\/fr\/wp-json\/wp\/v2\/categories?post=32107"},{"taxonomy":"post_tag","embeddable":true,"href":"https:\/\/www.cong-pratt.com\/fr\/wp-json\/wp\/v2\/tags?post=32107"}],"curies":[{"name":"wp","href":"https:\/\/api.w.org\/{rel}","templated":true}]}}